{"id":86074,"date":"2025-11-10T07:12:11","date_gmt":"2025-11-10T07:12:11","guid":{"rendered":"https:\/\/www.europesays.com\/fi\/86074\/"},"modified":"2025-11-10T07:12:11","modified_gmt":"2025-11-10T07:12:11","slug":"bbcn-paajohtaja-tim-davie-eroaa","status":"publish","type":"post","link":"https:\/\/www.europesays.com\/fi\/86074\/","title":{"rendered":"BBC:n p\u00e4\u00e4johtaja Tim Davie eroaa"},"content":{"rendered":"<p>BBC:n p\u00e4\u00e4johtaja Tim Davie my\u00f6nt\u00e4\u00e4, ett\u00e4 BBC:n toiminnassa on tapahtunut virheit\u00e4 ja ottaa niist\u00e4 vastuun.<\/p>\n<p>9.11. 20:22<\/p>\n<p>Lue tiivistelm\u00e4<\/p>\n<p>Tiivistelm\u00e4 on teko\u00e4lyn tekem\u00e4 ja ihmisen tarkistama.<\/p>\n<p class=\"article-body mb-nof-24 px-nof-16 sndp-summary-bullet-point-font\">BBC:n p\u00e4\u00e4johtaja Tim Davie ja uutisjohtaja Deborah Turness eroavat teht\u00e4vist\u00e4\u00e4n Donald Trump -dokumentista syntyneen kohun vuoksi.<\/p>\n<p class=\"article-body mb-nof-24 px-nof-16 sndp-summary-bullet-point-font\">Dokumentissa Trumpin puhetta oli muokattu niin, ett\u00e4 h\u00e4n vaikutti kannustavan Capitol-kukkulan mellakoihin tammikuussa 2021.<\/p>\n<p class=\"article-body mb-nof-24 px-nof-16 sndp-summary-bullet-point-font\">Davie my\u00f6nt\u00e4\u00e4 BBC:n toiminnassa tapahtuneen virheit\u00e4 ja ottaa niist\u00e4 vastuun p\u00e4\u00e4johtajana.<\/p>\n<p class=\"article-body mb-nof-24 px-nof-16\">Britannian yleisradioyhti\u00f6 BBC:n p\u00e4\u00e4johtaja <a class=\"article-personlink\" href=\"https:\/\/www.is.fi\/haku\/?query=Tim%20Davie\" rel=\"nofollow noopener\" target=\"_blank\">Tim Davie<\/a> eroaa teht\u00e4v\u00e4st\u00e4\u00e4n, kertoo BBC. Lis\u00e4ksi BBC:n uutisjohtaja <a class=\"article-personlink\" href=\"https:\/\/www.is.fi\/haku\/?query=Deborah%20Turness\" rel=\"nofollow noopener\" target=\"_blank\">Deborah Turness<\/a> j\u00e4tt\u00e4\u00e4 pestins\u00e4. Syyn\u00e4 on kohu yhti\u00f6n julkaisemasta <a class=\"article-personlink\" href=\"https:\/\/www.is.fi\/haku\/?query=Donald%20Trump\" rel=\"nofollow noopener\" target=\"_blank\">Donald Trump <\/a>-dokumentista.<\/p>\n<p class=\"article-body mb-nof-24 px-nof-16\"><a class=\"article-genericlink\" href=\"https:\/\/www.bbc.com\/news\/live\/cd9kqz1yyxkt\" rel=\"nofollow noopener\" target=\"_blank\">BBC:n <\/a>mukaan Davie on antanut erostaan lausunnon.<\/p>\n<p class=\"article-body mb-nof-24 px-nof-16\">\u2013 Haluan ilmoittaa, ett\u00e4 olen p\u00e4\u00e4tt\u00e4nyt l\u00e4hte\u00e4 BBC:lt\u00e4 20 vuoden j\u00e4lkeen. T\u00e4m\u00e4 on t\u00e4ysin oma p\u00e4\u00e4t\u00f6kseni ja olen edelleen eritt\u00e4in kiitollinen puheenjohtajalle ja hallitukselle heid\u00e4n vakaasta ja yksimielisest\u00e4 tuestaan koko toimikauteni ajan, my\u00f6s viime p\u00e4ivin\u00e4, Davie sanoo lausunnossaan.<\/p>\n<p class=\"article-body mb-nof-24 px-nof-16\">Lue lis\u00e4\u00e4: <a class=\"article-genericlink\" href=\"https:\/\/www.is.fi\/ulkomaat\/art-2000011614354.html\" rel=\"nofollow noopener\" target=\"_blank\">Trumpin hallinnon tiedottaja haukkui BBC:n<\/a><\/p>\n<p class=\"article-body mb-nof-24 px-nof-16\">\u2013 Polarisoituvina aikoina BBC on ainutlaatuisen arvokas. Se auttaa tekem\u00e4\u00e4n Britanniasta erityisen paikan: ylivoimaisen kiltin, suvaitsevaisen ja uteliaan. Kuten mik\u00e4 tahansa julkinen organisaatio, BBC ei ole t\u00e4ydellinen. Meid\u00e4n pit\u00e4\u00e4 aina olla avoimia, l\u00e4pin\u00e4kyvi\u00e4 ja vastuullisia.<\/p>\n<p><img decoding=\"async\" src=\"https:\/\/www.europesays.com\/fi\/wp-content\/uploads\/2025\/11\/1762758731_368_468.jpg\" alt=\"Tim Davie toimi BBC:n p\u00e4\u00e4johtajana vuodesta 2020.\" class=\"_Img_1rerz_1\" style=\"aspect-ratio:1.458966565349544\" loading=\"eager\"\/><\/p>\n<p class=\"article-picture-caption\">Tim Davie toimi BBC:n p\u00e4\u00e4johtajana vuodesta 2020. Kuva:\u00a0Tayfun Salci \/ ZUMA<\/p>\n<p class=\"article-body mb-nof-24 px-nof-16\">Davie sanoo, ett\u00e4 vaikka ainoa syy eroon ei ole ollut viime aikojen keskustelu BBC:n ymp\u00e4rill\u00e4, on se vaikuttanut \u201dymm\u00e4rrett\u00e4v\u00e4sti\u201d h\u00e4nen erop\u00e4\u00e4t\u00f6kseens\u00e4.<\/p>\n<p class=\"article-body mb-nof-24 px-nof-16\">Davie my\u00f6nt\u00e4\u00e4, ett\u00e4 BBC:n toiminnassa on tapahtunut virheit\u00e4 ja p\u00e4\u00e4johtajana Davie ottaa niist\u00e4 vastuun.<\/p>\n<p class=\"article-body mb-nof-24 px-nof-16\">Kyse on kohusta, joka syntyi <a class=\"article-genericlink\" href=\"https:\/\/www.telegraph.co.uk\/news\/2025\/11\/03\/bbc-report-reveals-bias-donald-trump\/\" rel=\"nofollow noopener\" target=\"_blank\">The Telegraph-lehden maanantaisista<\/a> paljastuksista liittyen BBC:n Donald Trumpia k\u00e4sittelev\u00e4\u00e4n Panorama-dokumenttiin. Kyseinen ohjelma l\u00e4hetettiin ennen presidentinvaaleja viime vuonna.<\/p>\n<p class=\"article-body mb-nof-24 px-nof-16\">Lehti julkaisi yksityiskohtia BBC:n sis\u00e4isest\u00e4 raportista, jonka mukaan ohjelmassa muokattiin kahta osaa Trumpin puheesta niin, ett\u00e4 h\u00e4n vaikutti kannustavan ihmisi\u00e4 avoimesti Capitol-kukkulan mellakoihin tammikuussa 2021.<\/p>\n<p class=\"article-body mb-nof-24 px-nof-16\">Lehden mukaan lopputuloksena oli puhe, jossa Trump muka lupasi k\u00e4vell\u00e4 kannattajiensa kanssa Capitol-kukkulalle ja \u201dtaistella helvetisti\u201d, kun h\u00e4n todellisuudessa sanoi k\u00e4velev\u00e4ns\u00e4 heid\u00e4n kanssaan, jotta he saavat \u201drauhallisesti ja is\u00e4nmaallisesti \u00e4\u00e4nens\u00e4 kuuluviin\u201d.<\/p>\n<p class=\"article-body mb-nof-24 px-nof-16\">Raportti oli per\u00e4isin <a class=\"article-personlink\" href=\"https:\/\/www.is.fi\/haku\/?query=Michael%20Prescottilta\" rel=\"nofollow noopener\" target=\"_blank\">Michael Prescottilta<\/a>, joka toimi riippumattomana ulkoisena neuvonantajana BBC:ll\u00e4. H\u00e4n erosi kes\u00e4kuussa.<\/p>\n<p class=\"article-body mb-nof-24 px-nof-16\">Sunnuntaina Britannian kulttuuriministeri<a class=\"article-personlink\" href=\"https:\/\/www.is.fi\/haku\/?query=%20Lisa%20Nandy\" rel=\"nofollow noopener\" target=\"_blank\"> Lisa Nandy<\/a> sanoi, ett\u00e4 Panoraman tapaus on \u201deritt\u00e4in vakava\u201d, ja ett\u00e4 vakavin syyt\u00f6s BBC:t\u00e4 kohtaan on, ett\u00e4 yhti\u00f6 k\u00e4sittelisi aiheita \u201dsystemaattisen puolueellisesti\u201d.<\/p>\n<p class=\"article-body mb-nof-24 px-nof-16\">BBC:n hallitus kunnioittaa Davien p\u00e4\u00e4t\u00f6st\u00e4, kertoo hallituksen puheenjohtaja <a class=\"article-personlink\" href=\"https:\/\/www.is.fi\/haku\/?query=Samir%20Shah\" rel=\"nofollow noopener\" target=\"_blank\">Samir Shah<\/a>.<\/p>\n<p class=\"article-body mb-nof-24 px-nof-16\">\u2013 T\u00e4m\u00e4 on surullinen p\u00e4iv\u00e4 BBC:lle.<\/p>\n<p class=\"article-body mb-nof-24 px-nof-16\">Uutisjohtaja Deborah Turness kommentoi eroamistaan BBC:lle.<\/p>\n<p class=\"article-body mb-nof-24 px-nof-16\">\u2013 Vastuu on minun, Turness sanoo viitaten Trump-dokumenttiin.<\/p>\n<p class=\"article-body mb-nof-24 px-nof-16\">\u2013 Vaikka virheit\u00e4 on tehty, haluan tehd\u00e4 t\u00e4ysin selv\u00e4ksi, ett\u00e4 viimeaikaiset v\u00e4itteet BBC:n institutionaalisesta puolueellisuudesta ovat v\u00e4\u00e4ri\u00e4, h\u00e4n lis\u00e4\u00e4.<\/p>\n<p class=\"article-body mb-nof-24 px-nof-16\">Yhdysvaltojen presidentin Donald Trumpin hallinnon tiedottaja <a class=\"article-personlink\" href=\"https:\/\/www.is.fi\/haku\/?query=Karoline%20Leavitt\" rel=\"nofollow noopener\" target=\"_blank\">Karoline Leavitt<\/a> syytti aiemmin Britannian yleisradioyhti\u00f6t\u00e4 BBC:t\u00e4 \u201dtarkoituksellisen ep\u00e4rehelliseksi\u201d ja \u201dvasemmistolaiseksi propagandakoneeksi\u201d, <a class=\"article-genericlink\" href=\"https:\/\/www.telegraph.co.uk\/us\/news\/2025\/11\/07\/donald-trump-attacks-bbc-bias-jan-6-speech\/\" rel=\"nofollow noopener\" target=\"_blank\">The Telegraph<\/a> uutisoi lauantaina.<\/p>\n<p class=\"article-body mb-nof-24 px-nof-16\">Leavitt kommentoi tapausta The Telegraphille suorin sanoin. Lehden mukaan h\u00e4n muun muassa pahoitteli, ett\u00e4 britannialaiset veronmaksajat \u201dpakotetaan maksamaan lasku vasemmistolaisesta propagandakoneesta\u201d.<\/p>\n<p class=\"article-body mb-nof-24 px-nof-16\">\u2013\u2009T\u00e4m\u00e4 tarkoituksellisen ep\u00e4rehellinen, valikoivasti leikattu BBC:n ote on uusi todiste siit\u00e4, ett\u00e4 he ovat t\u00e4ysin, sataprosenttisesti valeuutisia, Leavitt sanoi.<\/p>\n<p class=\"article-body mb-nof-24 px-nof-16\">Britanniassa varsinkin konservatiivipoliitikot ovat arvostelleet BBC:t\u00e4 vasemmistolaiseksi sen j\u00e4lkeen kun tieto sis\u00e4isest\u00e4 muistiosta tuli ilmi.<\/p>\n","protected":false},"excerpt":{"rendered":"BBC:n p\u00e4\u00e4johtaja Tim Davie my\u00f6nt\u00e4\u00e4, ett\u00e4 BBC:n toiminnassa on tapahtunut virheit\u00e4 ja ottaa niist\u00e4 vastuun. 9.11. 20:22 Lue&hellip;\n","protected":false},"author":2,"featured_media":86075,"comment_status":"","ping_status":"","sticky":false,"template":"","format":"standard","meta":{"footnotes":""},"categories":[133],"tags":[137,33,31,30,34,32,206,156,109],"class_list":{"0":"post-86074","1":"post","2":"type-post","3":"status-publish","4":"format-standard","5":"has-post-thumbnail","7":"category-televisiot","8":"tag-entertainment","9":"tag-fi","10":"tag-finland","11":"tag-finnish","12":"tag-ilta-sanomat","13":"tag-suomi","14":"tag-televisiot","15":"tag-tv","16":"tag-viihde"},"share_on_mastodon":{"url":"https:\/\/pubeurope.com\/@fi\/115524163716522293","error":""},"_links":{"self":[{"href":"https:\/\/www.europesays.com\/fi\/wp-json\/wp\/v2\/posts\/86074","targetHints":{"allow":["GET"]}}],"collection":[{"href":"https:\/\/www.europesays.com\/fi\/wp-json\/wp\/v2\/posts"}],"about":[{"href":"https:\/\/www.europesays.com\/fi\/wp-json\/wp\/v2\/types\/post"}],"author":[{"embeddable":true,"href":"https:\/\/www.europesays.com\/fi\/wp-json\/wp\/v2\/users\/2"}],"replies":[{"embeddable":true,"href":"https:\/\/www.europesays.com\/fi\/wp-json\/wp\/v2\/comments?post=86074"}],"version-history":[{"count":0,"href":"https:\/\/www.europesays.com\/fi\/wp-json\/wp\/v2\/posts\/86074\/revisions"}],"wp:featuredmedia":[{"embeddable":true,"href":"https:\/\/www.europesays.com\/fi\/wp-json\/wp\/v2\/media\/86075"}],"wp:attachment":[{"href":"https:\/\/www.europesays.com\/fi\/wp-json\/wp\/v2\/media?parent=86074"}],"wp:term":[{"taxonomy":"category","embeddable":true,"href":"https:\/\/www.europesays.com\/fi\/wp-json\/wp\/v2\/categories?post=86074"},{"taxonomy":"post_tag","embeddable":true,"href":"https:\/\/www.europesays.com\/fi\/wp-json\/wp\/v2\/tags?post=86074"}],"curies":[{"name":"wp","href":"https:\/\/api.w.org\/{rel}","templated":true}]}}