{"id":86086,"date":"2025-11-10T07:22:12","date_gmt":"2025-11-10T07:22:12","guid":{"rendered":"https:\/\/www.europesays.com\/fi\/86086\/"},"modified":"2025-11-10T07:22:12","modified_gmt":"2025-11-10T07:22:12","slug":"meinasin-kylla-pyortya-onko-tassa-suomen-kallein-paketti-juhla-mokkaa","status":"publish","type":"post","link":"https:\/\/www.europesays.com\/fi\/86086\/","title":{"rendered":"\u201dMeinasin kyll\u00e4 py\u00f6rty\u00e4\u201d \u2013 Onko t\u00e4ss\u00e4 Suomen kallein paketti Juhla Mokkaa?"},"content":{"rendered":"<p>Lapinj\u00e4rvel\u00e4isell\u00e4 huoltoasemalla myyd\u00e4\u00e4n Juhla Mokkaa, joka maksaa yli 16 euroa. <\/p>\n<p><img decoding=\"async\" class=\"image image-show image-preview\" src=\"https:\/\/www.europesays.com\/fi\/wp-content\/uploads\/2025\/11\/6b279183457ef000844f9317166ed7f28c7af9ac419617025e17097f19dd110f.jpg\" alt=\"\"\/><img decoding=\"async\" class=\"image image-show\" src=\"https:\/\/www.europesays.com\/fi\/wp-content\/uploads\/2025\/11\/1762759332_837_6b279183457ef000844f9317166ed7f28c7af9ac419617025e17097f19dd110f.jpg\" alt=\"\"\/><\/p>\n<p>Lapinj\u00e4rvel\u00e4isell\u00e4 huoltoasemalla Juhla Mokka on hinnoissaan. Lukijan kuva<\/p>\n<p class=\"paragraph\">Puoli kiloa Juhla Mokkaa hintaan 16,60 euroa. Pikkupennosilla ei t\u00e4t\u00e4 suosikkikahvia keitell\u00e4.<\/p>\n<p class=\"paragraph\">T\u00e4m\u00e4 kahvipaketti l\u00f6ytyy vastik\u00e4\u00e4n uudistetun Huili Pukaron Paroni -huoltoaseman hyllyst\u00e4 Lapinj\u00e4rvell\u00e4. Kyseess\u00e4 on pannujauhettu kahvi. Ylemm\u00e4lt\u00e4 hyllylt\u00e4 l\u00f6ytyv\u00e4n suodatinjauhetun Juhla Mokan hinta on 13,40 euroa puolelta kilolta.<\/p>\n<p class=\"paragraph\">\u2013 Meinasin kyll\u00e4 py\u00f6rty\u00e4, kun menin sinne. J\u00e4iv\u00e4t kyll\u00e4 ostokset kauppaan, asiasta Iltalehte\u00e4 vinkannut paikallinen <strong>Carita Kestil\u00e4<\/strong> kertoo.<\/p>\n<p class=\"paragraph\">Huili on Nesteen tankkauspisteiden yhteydess\u00e4 toimiva kahvila- ja ravintolaketju. Pukaron Nesteell\u00e4 Huilin avajaisia vietettiin tiistaina 4. marraskuuta.<\/p>\n<p class=\"paragraph\">Aiemmin Pukaron Paroni toimi Keskon alaisuudessa, mutta Kesko luopui liikenneasematoiminnoista viime vuoden aikana.<\/p>\n<p class=\"paragraph\">Kestil\u00e4 kertoo, ett\u00e4 huoltoasema on toimittanut paikallisille kyl\u00e4kaupan virkaa. H\u00e4nen mukaansa huoltoaseman hinnat nousivat sen j\u00e4lkeen, kun se muuttui Huiliksi.<\/p>\n<p class=\"paragraph\">Kestil\u00e4n mukaan uudistus vaikuttaa kyl\u00e4l\u00e4isten arkeen.<\/p>\n<p class=\"paragraph\">\u2013 Seh\u00e4n on kyl\u00e4n lapsille ainoa paikka, miss\u00e4 viett\u00e4\u00e4 aikaa ja k\u00e4yd\u00e4 tuhlaamassa viikkorahat. Ei kyll\u00e4 ainakaan n\u00e4in perusduunarin budjetilla en\u00e4\u00e4 sellaisia viikkorahoja lapsille ole antaa, ett\u00e4 siell\u00e4 pystyisi asioimaan, Kestil\u00e4 sanoo.<\/p>\n<p>N\u00e4in yhti\u00f6 vastaa<\/p>\n<p class=\"paragraph\">Huili on ravintolakonserni Restelin ravintola- ja kahvilakonsepti. Ensimm\u00e4inen Huili <a href=\"https:\/\/www.iltalehti.fi\/kotimaa\/b14e2965-e06a-4163-b3a7-170d7124db17\" rel=\"nofollow noopener\" target=\"_blank\">avattiin<\/a> elokuussa Vantaalla.<\/p>\n<p class=\"paragraph\">Restelin Huilista vastaava liiketoimintajohtaja <strong>Tarja Kuittinen<\/strong> kertoo Iltalehdelle, ettei Huili ole suora jatkaja Pukaron Paronin aiemmalle markettikonseptille. H\u00e4n ei halua ottaa kantaa yksitt\u00e4isen kahvipaketin hintaan.<\/p>\n<p class=\"paragraph\">\u2013 Pukaron osalta olemme l\u00e4hteneet suppealla valikoimalla liikkeelle ja tulemme kev\u00e4tt\u00e4 ja kes\u00e4\u00e4 kohti p\u00e4ivitt\u00e4m\u00e4\u00e4n valikoimaa ja samalla my\u00f6skin tarkistamaan hintojamme, Kuittinen kertoo.<\/p>\n<p class=\"paragraph\">\u2013 Tavoitteemme ei tietystik\u00e4\u00e4n ole kilpailla markettien hintatason kanssa vaan rakentaa sit\u00e4 omaa kokonaisuutta ja painottaa laadukkuutta, palvelua ja paikallisuutta.<\/p>\n<p>Marketteja kalliimpi<\/p>\n<p class=\"paragraph\">Vaikka kahvin hinta on noussut merkitt\u00e4v\u00e4sti muutaman vuoden takaisesta, on Pukaron Paronin hyllylt\u00e4 l\u00f6ytyv\u00e4 paketti selv\u00e4sti tavallista hintavampi.<\/p>\n<p class=\"paragraph\">S-ryhm\u00e4n kaupoissa sek\u00e4 pannujauhetun ett\u00e4 suodatinjauhetun Juhla Mokan hinta on noin 9,35 euroa. K-ryhm\u00e4 ei n\u00e4yt\u00e4 sivuillaan keskiarvohintoja, mutta l\u00e4heisess\u00e4 Kouvolan K-citymarketissa paketteja myyd\u00e4\u00e4n hintaan 9,45 euroa.<\/p>\n<p class=\"paragraph\">Hinnat vaihtelevat myym\u00e4l\u00f6itt\u00e4in. Kaupat voivat itse m\u00e4\u00e4ritell\u00e4 kahvin hinnan, ja osa k\u00e4ytt\u00e4\u00e4kin kahvia sis\u00e4\u00e4nheittotuotteena.<\/p>\n<p class=\"paragraph\">Helmikuussa <a href=\"https:\/\/www.iltalehti.fi\/kotimaa\/2758b465-4d6a-4773-9b25-92fd01dd217c\" rel=\"nofollow noopener\" target=\"_blank\">Iltalehti uutisoi<\/a>, ett\u00e4 Juhla Mokan hinta oli ylitt\u00e4nyt lappeenrantalaisessa S-marketissa 8 euron rajan. Nyt yli 8 euron paketti on arkip\u00e4iv\u00e4\u00e4, vaikka raakakahvin markkinahinta <a href=\"https:\/\/www.iltalehti.fi\/kotimaa\/b19cd992-6f5b-4fdc-a994-e8eecae1c7f3\" rel=\"nofollow noopener\" target=\"_blank\">on jo laskenut<\/a>.<\/p>\n<p>Juhla Mokka on \u00e4\u00e4nestysten perusteella Suomen suosituin kahvi. Niinp\u00e4 sen hintaa my\u00f6s seurataan tarkasti.  PASI LIESIMAA<\/p>\n","protected":false},"excerpt":{"rendered":"Lapinj\u00e4rvel\u00e4isell\u00e4 huoltoasemalla myyd\u00e4\u00e4n Juhla Mokkaa, joka maksaa yli 16 euroa. Lapinj\u00e4rvel\u00e4isell\u00e4 huoltoasemalla Juhla Mokka on hinnoissaan. Lukijan kuva&hellip;\n","protected":false},"author":2,"featured_media":86087,"comment_status":"","ping_status":"","sticky":false,"template":"","format":"standard","meta":{"footnotes":""},"categories":[12],"tags":[35,22,23,2199,26,27,33,31,30,17,898,24,25,28,29,15,18,21,2198,32,19,20,16,3038,2200],"class_list":{"0":"post-86086","1":"post","2":"type-post","3":"status-publish","4":"format-standard","5":"has-post-thumbnail","7":"category-suomi","8":"tag-24h","9":"tag-breaking-news","10":"tag-breakingnews","11":"tag-elintarvikekauppa-ja-supermarketit","12":"tag-featured-news","13":"tag-featurednews","14":"tag-fi","15":"tag-finland","16":"tag-finnish","17":"tag-headlines","18":"tag-kulutustavarat","19":"tag-latest-news","20":"tag-latestnews","21":"tag-main-news","22":"tag-mainnews","23":"tag-news","24":"tag-otsikot","25":"tag-paauutiset","26":"tag-paivittaistavarat-sektori","27":"tag-suomi","28":"tag-top-stories","29":"tag-topstories","30":"tag-uutiset","31":"tag-vahittaiskauppa-erikoistumattomissa-myymaloissa","32":"tag-vahittaiskauppa-pl-moottoriajoneuvot-kotitaloustavaroiden-korjaus"},"share_on_mastodon":{"url":"https:\/\/pubeurope.com\/@fi\/115524203151104176","error":""},"_links":{"self":[{"href":"https:\/\/www.europesays.com\/fi\/wp-json\/wp\/v2\/posts\/86086","targetHints":{"allow":["GET"]}}],"collection":[{"href":"https:\/\/www.europesays.com\/fi\/wp-json\/wp\/v2\/posts"}],"about":[{"href":"https:\/\/www.europesays.com\/fi\/wp-json\/wp\/v2\/types\/post"}],"author":[{"embeddable":true,"href":"https:\/\/www.europesays.com\/fi\/wp-json\/wp\/v2\/users\/2"}],"replies":[{"embeddable":true,"href":"https:\/\/www.europesays.com\/fi\/wp-json\/wp\/v2\/comments?post=86086"}],"version-history":[{"count":0,"href":"https:\/\/www.europesays.com\/fi\/wp-json\/wp\/v2\/posts\/86086\/revisions"}],"wp:featuredmedia":[{"embeddable":true,"href":"https:\/\/www.europesays.com\/fi\/wp-json\/wp\/v2\/media\/86087"}],"wp:attachment":[{"href":"https:\/\/www.europesays.com\/fi\/wp-json\/wp\/v2\/media?parent=86086"}],"wp:term":[{"taxonomy":"category","embeddable":true,"href":"https:\/\/www.europesays.com\/fi\/wp-json\/wp\/v2\/categories?post=86086"},{"taxonomy":"post_tag","embeddable":true,"href":"https:\/\/www.europesays.com\/fi\/wp-json\/wp\/v2\/tags?post=86086"}],"curies":[{"name":"wp","href":"https:\/\/api.w.org\/{rel}","templated":true}]}}