{"id":86094,"date":"2025-11-10T07:36:12","date_gmt":"2025-11-10T07:36:12","guid":{"rendered":"https:\/\/www.europesays.com\/fi\/86094\/"},"modified":"2025-11-10T07:36:12","modified_gmt":"2025-11-10T07:36:12","slug":"louvren-ryoston-yhteydessa-kuvatun-tyylikkaan-salapoliisimiehen-arvoitus-selvisi-yle","status":"publish","type":"post","link":"https:\/\/www.europesays.com\/fi\/86094\/","title":{"rendered":"Louvren ry\u00f6st\u00f6n yhteydess\u00e4 kuvatun tyylikk\u00e4\u00e4n \u201dsalapoliisimiehen\u201d arvoitus selvisi &#8211; Yle"},"content":{"rendered":"<ol>\n<li><a href=\"https:\/\/news.google.com\/rss\/articles\/CBMiVkFVX3lxTE1zUDRzbV9oNWdYcXhHZW5fZGZDZFdPMEJjcjVKZVB4M081N0pzT3BxLVJhTno4ZHdMbUZkeTdvRjF5RE9mRDBxNXJ3cG1ZRkxpZWoyRlhB?oc=5\" target=\"_blank\" rel=\"nofollow noopener\">Louvren ry\u00f6st\u00f6n yhteydess\u00e4 kuvatun tyylikk\u00e4\u00e4n \u201dsalapoliisimiehen\u201d arvoitus selvisi<\/a>&nbsp;&nbsp;Yle<\/li>\n<li><a href=\"https:\/\/news.google.com\/rss\/articles\/CBMiV0FVX3lxTE5LR1UyLUNpTjBtQTRnRG13RFZJUF80UUZHNXJQVng1d0dyVEozejN2ZzZmT3dDOHFlTEtjMG5IeVQwR21IN2d3WjRhbWFBQWxGbF9xTFdmMA?oc=5\" target=\"_blank\" rel=\"nofollow noopener\">&#8221;Arvaamaton tullipolitiikka jarruttaa kasvua&#8221; \u2013 Teollisuuden uudet tilaukset kasvoivat syyskuussa vajaan prosentin<\/a>&nbsp;&nbsp;Keskisuomalainen<\/li>\n<li><a href=\"https:\/\/news.google.com\/rss\/articles\/CBMilwFBVV95cUxPNFF1aFlmaHZaLWdtUnJXVXRaekRsVFJaN2tyQ1ZIWndTU0NIVS1zdldkRGkzY21ydjJYaU5ESUVEQ3dXWGNTaUNmMEJmMFlqVzJEUUJHLW1GTDlmZE1yN0Y4cndsMkpJOVY1REpWR1ZjT1BYdmEyVHhwVS1SN2ZKWWp5SF9adWhiRUNUYkZMcjFaYjhiZmg4?oc=5\" target=\"_blank\" rel=\"nofollow noopener\">Teollisuus kasvaa \u2013 &#8221;Erinomainen pohja talouden kasvuk\u00e4\u00e4nteelle&#8221;<\/a>&nbsp;&nbsp;Verkkouutiset<\/li>\n<li><a href=\"https:\/\/news.google.com\/rss\/articles\/CBMiVkFVX3lxTE1uQ2ZwV2JvdDhHYzNsZUM3ZVNEZXJRc3B4T2hiUjFRU0J5SGs1VW5nWnRtcy1lNERBSG5VLUtKNWFneGdWUHFZczhmdXRlMW55Wkg4U2Fn?oc=5\" target=\"_blank\" rel=\"nofollow noopener\">YK:n pakolaisj\u00e4rjest\u00f6: Miljoonat ihmiset ovat pakolaisuuden ja s\u00e4\u00e4n \u00e4\u00e4ri-ilmi\u00f6iden noidankeh\u00e4ss\u00e4<\/a>&nbsp;&nbsp;Yle<\/li>\n<li><a href=\"https:\/\/news.google.com\/rss\/articles\/CBMimgFBVV95cUxNdTEtVUFobS1KZDZwVjZ2OUw1STlSY2RjUmQ2XzFCVGkxbFBBVWRuOUk1X0FmdjIwTGhCNlFuQkducWxmbnl6b2NtUWZpeFJ4NHQ5c01PSzAtRjF3eGNkT29aak5kaGdJTTRxRXlWQ1hsMk1RM1BkenBmVFhPckpBazNYME9HLWNIV2NWTkVSNE93N1JzeC1Dbmxn?oc=5\" target=\"_blank\" rel=\"nofollow noopener\">Teollisuuden uudet tilaukset kasvoivat syyskuussa vajaan prosentin<\/a>&nbsp;&nbsp;SSS.fi<\/li>\n<\/ol>\n","protected":false},"excerpt":{"rendered":"Louvren ry\u00f6st\u00f6n yhteydess\u00e4 kuvatun tyylikk\u00e4\u00e4n \u201dsalapoliisimiehen\u201d arvoitus selvisi&nbsp;&nbsp;Yle &#8221;Arvaamaton tullipolitiikka jarruttaa kasvua&#8221; \u2013 Teollisuuden uudet tilaukset kasvoivat syyskuussa&hellip;\n","protected":false},"author":2,"featured_media":86095,"comment_status":"","ping_status":"","sticky":false,"template":"","format":"standard","meta":{"footnotes":""},"categories":[135],"tags":[389,387,388,390,137,33,31,30,32,394,393,391,392,109],"class_list":{"0":"post-86094","1":"post","2":"type-post","3":"status-publish","4":"format-standard","5":"has-post-thumbnail","7":"category-taiteet-ja-suunnittelu","8":"tag-arts","9":"tag-arts-and-design","10":"tag-artsanddesign","11":"tag-design","12":"tag-entertainment","13":"tag-fi","14":"tag-finland","15":"tag-finnish","16":"tag-suomi","17":"tag-suunnittelu","18":"tag-taiteet","19":"tag-taiteet-ja-suunnittelu","20":"tag-taiteetsuunnittelu","21":"tag-viihde"},"share_on_mastodon":{"url":"https:\/\/pubeurope.com\/@fi\/115524257917326096","error":""},"_links":{"self":[{"href":"https:\/\/www.europesays.com\/fi\/wp-json\/wp\/v2\/posts\/86094","targetHints":{"allow":["GET"]}}],"collection":[{"href":"https:\/\/www.europesays.com\/fi\/wp-json\/wp\/v2\/posts"}],"about":[{"href":"https:\/\/www.europesays.com\/fi\/wp-json\/wp\/v2\/types\/post"}],"author":[{"embeddable":true,"href":"https:\/\/www.europesays.com\/fi\/wp-json\/wp\/v2\/users\/2"}],"replies":[{"embeddable":true,"href":"https:\/\/www.europesays.com\/fi\/wp-json\/wp\/v2\/comments?post=86094"}],"version-history":[{"count":0,"href":"https:\/\/www.europesays.com\/fi\/wp-json\/wp\/v2\/posts\/86094\/revisions"}],"wp:featuredmedia":[{"embeddable":true,"href":"https:\/\/www.europesays.com\/fi\/wp-json\/wp\/v2\/media\/86095"}],"wp:attachment":[{"href":"https:\/\/www.europesays.com\/fi\/wp-json\/wp\/v2\/media?parent=86094"}],"wp:term":[{"taxonomy":"category","embeddable":true,"href":"https:\/\/www.europesays.com\/fi\/wp-json\/wp\/v2\/categories?post=86094"},{"taxonomy":"post_tag","embeddable":true,"href":"https:\/\/www.europesays.com\/fi\/wp-json\/wp\/v2\/tags?post=86094"}],"curies":[{"name":"wp","href":"https:\/\/api.w.org\/{rel}","templated":true}]}}