{"id":86164,"date":"2025-11-10T09:20:08","date_gmt":"2025-11-10T09:20:08","guid":{"rendered":"https:\/\/www.europesays.com\/fi\/86164\/"},"modified":"2025-11-10T09:20:08","modified_gmt":"2025-11-10T09:20:08","slug":"myllykosken-videokuvaajat-on-tehnyt-merkittavaa-tyota-kotiseudun-historian-tallentajana-paikalliset","status":"publish","type":"post","link":"https:\/\/www.europesays.com\/fi\/86164\/","title":{"rendered":"Myllykosken Videokuvaajat on tehnyt merkitt\u00e4v\u00e4\u00e4 ty\u00f6t\u00e4 kotiseudun historian tallentajana | Paikalliset"},"content":{"rendered":"<p>Videokuvaajat juhli puolivuosisataista toimintaansa esitt\u00e4m\u00e4ll\u00e4 taltiointejaan runsaslukuiselle yleis\u00f6lle.<\/p>\n<p>Kulttuuritalo Wanhan Rautakaupan Pehtoorin baarin tilat Myllykoskella olivat \u00e4\u00e4ri\u00e4\u00e4n my\u00f6ten t\u00e4ynn\u00e4, kun Myllykosken Videokuvaajat vietti lauantaina 8.11. 50-vuotisjuhlaansa. Tai oikeastaan mist\u00e4\u00e4n varsinaisesta \u201dp\u00f6n\u00f6tysjuhlasta\u201d ei ollut tietoakaan, vaan leppoisasta tapahtumasta.<\/p>\n","protected":false},"excerpt":{"rendered":"Videokuvaajat juhli puolivuosisataista toimintaansa esitt\u00e4m\u00e4ll\u00e4 taltiointejaan runsaslukuiselle yleis\u00f6lle. Kulttuuritalo Wanhan Rautakaupan Pehtoorin baarin tilat Myllykoskella olivat \u00e4\u00e4ri\u00e4\u00e4n my\u00f6ten&hellip;\n","protected":false},"author":2,"featured_media":86165,"comment_status":"","ping_status":"","sticky":false,"template":"","format":"standard","meta":{"footnotes":""},"categories":[135],"tags":[389,387,388,390,137,33,31,30,6048,763,524,13946,32,394,397,485,484,393,391,392,2599,109],"class_list":{"0":"post-86164","1":"post","2":"type-post","3":"status-publish","4":"format-standard","5":"has-post-thumbnail","7":"category-taiteet-ja-suunnittelu","8":"tag-arts","9":"tag-arts-and-design","10":"tag-artsanddesign","11":"tag-design","12":"tag-entertainment","13":"tag-fi","14":"tag-finland","15":"tag-finnish","16":"tag-juontaja","17":"tag-kulttuuri-ja-viihde","18":"tag-kulttuuri-ja-taidetapahtumat-ja-nayttelyt","19":"tag-pikkujoulut","20":"tag-suomi","21":"tag-suunnittelu","22":"tag-taide","23":"tag-taide-yleista","24":"tag-taiteellinen-ilmaisu-ja-mediat","25":"tag-taiteet","26":"tag-taiteet-ja-suunnittelu","27":"tag-taiteetsuunnittelu","28":"tag-tapahtumat-ja-tapahtumatiedot","29":"tag-viihde"},"share_on_mastodon":{"url":"https:\/\/pubeurope.com\/@fi\/115524666852249837","error":""},"_links":{"self":[{"href":"https:\/\/www.europesays.com\/fi\/wp-json\/wp\/v2\/posts\/86164","targetHints":{"allow":["GET"]}}],"collection":[{"href":"https:\/\/www.europesays.com\/fi\/wp-json\/wp\/v2\/posts"}],"about":[{"href":"https:\/\/www.europesays.com\/fi\/wp-json\/wp\/v2\/types\/post"}],"author":[{"embeddable":true,"href":"https:\/\/www.europesays.com\/fi\/wp-json\/wp\/v2\/users\/2"}],"replies":[{"embeddable":true,"href":"https:\/\/www.europesays.com\/fi\/wp-json\/wp\/v2\/comments?post=86164"}],"version-history":[{"count":0,"href":"https:\/\/www.europesays.com\/fi\/wp-json\/wp\/v2\/posts\/86164\/revisions"}],"wp:featuredmedia":[{"embeddable":true,"href":"https:\/\/www.europesays.com\/fi\/wp-json\/wp\/v2\/media\/86165"}],"wp:attachment":[{"href":"https:\/\/www.europesays.com\/fi\/wp-json\/wp\/v2\/media?parent=86164"}],"wp:term":[{"taxonomy":"category","embeddable":true,"href":"https:\/\/www.europesays.com\/fi\/wp-json\/wp\/v2\/categories?post=86164"},{"taxonomy":"post_tag","embeddable":true,"href":"https:\/\/www.europesays.com\/fi\/wp-json\/wp\/v2\/tags?post=86164"}],"curies":[{"name":"wp","href":"https:\/\/api.w.org\/{rel}","templated":true}]}}