{"id":86275,"date":"2025-11-10T11:56:07","date_gmt":"2025-11-10T11:56:07","guid":{"rendered":"https:\/\/www.europesays.com\/fi\/86275\/"},"modified":"2025-11-10T11:56:07","modified_gmt":"2025-11-10T11:56:07","slug":"keilaniemen-tornitalot-kutistuvat-ja-viivastyvat-vuosilla","status":"publish","type":"post","link":"https:\/\/www.europesays.com\/fi\/86275\/","title":{"rendered":"Keilaniemen tornitalot kutistuvat ja viiv\u00e4styv\u00e4t vuosilla"},"content":{"rendered":"<p>Rakentaminen|Rakennusyhti\u00f6 SRV:n mielest\u00e4 Espoon Keilaniemeen suunnitellut tornit ovat liian suuria eik\u00e4 niihin saa riitt\u00e4v\u00e4n monipuolisesti erilaisia asuntoja.<\/p>\n<p>Lue tiivistelm\u00e4<\/p>\n<p>Tiivistelm\u00e4 on teko\u00e4lyn tekem\u00e4 ja ihmisen tarkistama.<\/p>\n<p class=\"article-body mb-nof-24 px-nof-16 sndp-summary-bullet-point-font\">Rakennusyhti\u00f6 SRV haluaa muuttaa Espoon Keilaniemeen suunniteltujen tornitalojen kaavaa ja lyk\u00e4t\u00e4 rakentamista.<\/p>\n<p class=\"article-body mb-nof-24 px-nof-16 sndp-summary-bullet-point-font\">SRV:n mukaan suunnitellut tornit ovat liian suuria ja niihin on vaikea tehd\u00e4 monipuolisia asuntoja.<\/p>\n<p class=\"article-body mb-nof-24 px-nof-16 sndp-summary-bullet-point-font\">Espoon kaupunginhallituksen elinkeino- ja kilpailukykyjaosto hyv\u00e4ksyi osaltaan kaavamuutoksen \u00e4\u00e4nin 6\u20133.<\/p>\n<p class=\"article-body mb-nof-24 px-nof-16\">Espoon Keilaniemeen kaavaillut uudet tornitalot ajautuivat vastatuuleen eiv\u00e4tk\u00e4 toteudu.<\/p>\n<p class=\"article-body mb-nof-24 px-nof-16\">Uusimpien suunnitelmien tornit kutistuvat tavallisiksi kerrostaloiksi ja niiden rakentaminen viiv\u00e4styy vuosilla.<\/p>\n<p class=\"article-body mb-nof-24 px-nof-16\">T\u00e4t\u00e4 varten rakennusyhti\u00f6 SRV hakee Espoolta lupaa asemakaavan muutokselle. Jos kaupungin lupa helti\u00e4\u00e4, alueen suunnittelu alkaa k\u00e4yt\u00e4nn\u00f6ss\u00e4 alusta.<\/p>\n<p class=\"article-body mb-nof-24 px-nof-16\">Lis\u00e4ksi SRV haluaa lis\u00e4\u00e4 maksuaikaa kahdelle tontille, jotka se on kumppaneidensa kanssa ostanut kaupungilta.<\/p>\n<p class=\"article-body mb-nof-24 px-nof-16\">Tonteista toisen hallinta on jo siirtynyt kaupungilta ostajalle ja kauppahinnasta on maksettu 60 prosenttia. Kauppahinnan viimeinen maksuer\u00e4 eli 40 prosenttia er\u00e4\u00e4ntyy vuoden 2025 lopussa.<\/p>\n<p class=\"article-body mb-nof-24 px-nof-16\">Toisen tontin kauppahinnasta on maksettu 20 prosenttia ja seuraava, 40 prosentin maksuer\u00e4 er\u00e4\u00e4ntyy marraskuun lopulla. Samalla tontin hallinnan on m\u00e4\u00e4r\u00e4 siirty\u00e4 ostajalle.<\/p>\n<p class=\"article-body mb-nof-24 px-nof-16\">Nyt SRV haluaa lyk\u00e4t\u00e4 rakennushankkeita kahdella vuodella siten, ett\u00e4 rakentaminen alkaisi ensimm\u00e4isell\u00e4 tontilla viimeist\u00e4\u00e4n marraskuussa 2027 ja toisella tontilla 2028. Vastaavasti maksuajat venyisiv\u00e4t kahdella vuodella.<\/p>\n<p class=\"article-body mb-nof-24 px-nof-16\">SRV perustelee uusia suunnitelmia ja kaavamuutoksen tarvetta sill\u00e4, ett\u00e4 Keilaniemi ja markkinatilanne ovat muuttuneet merkitt\u00e4v\u00e4sti tornien suunnittelun j\u00e4lkeen. Yhti\u00f6n mielest\u00e4 nykyinen asemakaava vuodelta 2013 ei ole toteutuskelpoinen.<\/p>\n<p class=\"article-body mb-nof-24 px-nof-16\">Tornit ovat my\u00f6s liian suuria ja niihin on vaikeaa tehd\u00e4 riitt\u00e4v\u00e4n monipuolisia asuntoja, SRV toteaa perusteluissaan.<\/p>\n<p class=\"article-body mb-nof-24 px-nof-16\">Rakennettavien asuntojen m\u00e4\u00e4r\u00e4 on tarkoitus pit\u00e4\u00e4 ennallaan, mutta yksitt\u00e4iset rakennukset olisivat kooltaan aiempaa suunniteltuja pienempi\u00e4.<\/p>\n<p class=\"article-body mb-nof-24 px-nof-16\">Vuosia suunnitteilla olleeseen kahteen tornimaiseen asuinkerrostaloon piti tulla 32 ja 36 kerrosta. Tornit olisivat nousseet Keh\u00e4 I:n tunnelin ja meren v\u00e4liin.<\/p>\n<p class=\"article-body mb-nof-24 px-nof-16\">Espoon poliitikot kaupunginhallituksen elinkeino- ja kilpailukykyjaostossa n\u00e4yttiv\u00e4t asemakaavan muutokselle vihre\u00e4\u00e4 valoa.<\/p>\n<p class=\"article-body mb-nof-24 px-nof-16\">P\u00e4\u00e4t\u00f6ksen mukaan kaavamuutokset eiv\u00e4t saa kuitenkaan johtaa kauppasopimuksen ehtojen muuttamiseen kaupungin kannalta ep\u00e4edullisemmiksi.<\/p>\n<p class=\"article-body mb-nof-24 px-nof-16\">Maksuaikataulussa jaosto suostui puolen vuoden lykk\u00e4ykseen viiden prosentin vuotuisella korolla.<\/p>\n<p class=\"article-body mb-nof-24 px-nof-16\">P\u00e4\u00e4t\u00f6s syntyi \u00e4\u00e4nin 6\u20133. P\u00e4\u00e4t\u00f6st\u00e4 vastustivat kristillisdemokraattien <a class=\"article-personlink\" href=\"https:\/\/www.hs.fi\/haku\/?query=Toni%20Haakila\" rel=\"nofollow noopener\" target=\"_blank\">Toni Haakila<\/a> sek\u00e4 vihreiden <a class=\"article-personlink\" href=\"https:\/\/www.hs.fi\/haku\/?query=Anu%20Kantola\" rel=\"nofollow noopener\" target=\"_blank\">Anu Kantola<\/a> ja <a class=\"article-personlink\" href=\"https:\/\/www.hs.fi\/haku\/?query=Risto%20Nevanlinna\" rel=\"nofollow noopener\" target=\"_blank\">Risto Nevanlinna<\/a>.<\/p>\n<p class=\"article-body mb-nof-24 px-nof-16\">Nevanlinna esitti, ett\u00e4 asia j\u00e4tet\u00e4\u00e4n p\u00f6yd\u00e4lle, kunnes p\u00e4\u00e4tt\u00e4j\u00e4t saavat lis\u00e4tietoja p\u00e4\u00e4t\u00f6ksenteon tueksi. H\u00e4nest\u00e4 asian k\u00e4sittely muodostui poikkeuksellisen sekavaksi ja p\u00e4\u00e4t\u00f6ksest\u00e4 tuli osittain ep\u00e4selv\u00e4 ja ristiriitainen.<\/p>\n","protected":false},"excerpt":{"rendered":"Rakentaminen|Rakennusyhti\u00f6 SRV:n mielest\u00e4 Espoon Keilaniemeen suunnitellut tornit ovat liian suuria eik\u00e4 niihin saa riitt\u00e4v\u00e4n monipuolisesti erilaisia asuntoja. Lue&hellip;\n","protected":false},"author":2,"featured_media":86276,"comment_status":"","ping_status":"","sticky":false,"template":"","format":"standard","meta":{"footnotes":""},"categories":[135],"tags":[389,387,388,390,137,33,31,30,46,32,394,393,391,392,109],"class_list":{"0":"post-86275","1":"post","2":"type-post","3":"status-publish","4":"format-standard","5":"has-post-thumbnail","7":"category-taiteet-ja-suunnittelu","8":"tag-arts","9":"tag-arts-and-design","10":"tag-artsanddesign","11":"tag-design","12":"tag-entertainment","13":"tag-fi","14":"tag-finland","15":"tag-finnish","16":"tag-helsingin-sanomat","17":"tag-suomi","18":"tag-suunnittelu","19":"tag-taiteet","20":"tag-taiteet-ja-suunnittelu","21":"tag-taiteetsuunnittelu","22":"tag-viihde"},"share_on_mastodon":{"url":"https:\/\/pubeurope.com\/@fi\/115525280284324779","error":""},"_links":{"self":[{"href":"https:\/\/www.europesays.com\/fi\/wp-json\/wp\/v2\/posts\/86275","targetHints":{"allow":["GET"]}}],"collection":[{"href":"https:\/\/www.europesays.com\/fi\/wp-json\/wp\/v2\/posts"}],"about":[{"href":"https:\/\/www.europesays.com\/fi\/wp-json\/wp\/v2\/types\/post"}],"author":[{"embeddable":true,"href":"https:\/\/www.europesays.com\/fi\/wp-json\/wp\/v2\/users\/2"}],"replies":[{"embeddable":true,"href":"https:\/\/www.europesays.com\/fi\/wp-json\/wp\/v2\/comments?post=86275"}],"version-history":[{"count":0,"href":"https:\/\/www.europesays.com\/fi\/wp-json\/wp\/v2\/posts\/86275\/revisions"}],"wp:featuredmedia":[{"embeddable":true,"href":"https:\/\/www.europesays.com\/fi\/wp-json\/wp\/v2\/media\/86276"}],"wp:attachment":[{"href":"https:\/\/www.europesays.com\/fi\/wp-json\/wp\/v2\/media?parent=86275"}],"wp:term":[{"taxonomy":"category","embeddable":true,"href":"https:\/\/www.europesays.com\/fi\/wp-json\/wp\/v2\/categories?post=86275"},{"taxonomy":"post_tag","embeddable":true,"href":"https:\/\/www.europesays.com\/fi\/wp-json\/wp\/v2\/tags?post=86275"}],"curies":[{"name":"wp","href":"https:\/\/api.w.org\/{rel}","templated":true}]}}