{"id":86390,"date":"2025-11-10T14:38:09","date_gmt":"2025-11-10T14:38:09","guid":{"rendered":"https:\/\/www.europesays.com\/fi\/86390\/"},"modified":"2025-11-10T14:38:09","modified_gmt":"2025-11-10T14:38:09","slug":"trump-keksi-melkoisen-nimen-okyrakennukselle","status":"publish","type":"post","link":"https:\/\/www.europesays.com\/fi\/86390\/","title":{"rendered":"Trump keksi melkoisen nimen \u00f6kyrakennukselle"},"content":{"rendered":"<p>Donald Trumpin nimi voi pian komeilla urheilupyh\u00e4t\u00f6n sein\u00e4ss\u00e4.<\/p>\n<p><img decoding=\"async\" class=\"image image-show image-preview\" src=\"https:\/\/www.europesays.com\/fi\/wp-content\/uploads\/2025\/11\/1d9f7fc07c05882ecf38b8aa7db4a26fb5ad1cfbf00f766814a22684f021abde.jpg\" alt=\"\"\/><img decoding=\"async\" class=\"image image-show\" src=\"https:\/\/www.europesays.com\/fi\/wp-content\/uploads\/2025\/11\/1762785489_968_1d9f7fc07c05882ecf38b8aa7db4a26fb5ad1cfbf00f766814a22684f021abde.jpg\" alt=\"\"\/><\/p>\n<p>Donald Trump haluaa, ett\u00e4 h\u00e4nelle osoitetaan kiitollisuutta. EPA \/ AOP<\/p>\n<p class=\"paragraph\"><a href=\"https:\/\/www.iltalehti.fi\/henkilot\/Donald Trump\" class=\"article-link-person-page\" rel=\"nofollow noopener\" target=\"_blank\">Donald Trump<\/a> haluaa, ett\u00e4 NFL-seura Washington Commandersin uusi kotistadion nimet\u00e4\u00e4n h\u00e4nen mukaansa. Asiasta kertovat <a href=\"https:\/\/www.espn.com\/nfl\/story\/_\/id\/46892115\/trump-wants-commanders-stadium-named-him\" target=\"_blank\" rel=\"noopener nofollow\">ESPN:n<\/a> l\u00e4hteet.<\/p>\n<p class=\"paragraph\">Stadion on tarkoitus avata vuonna 2030, ja sen rakennusbudjetti on 3,7 miljardia dollaria. Summa vastaa 3,2 miljardia euroa.<\/p>\n<p class=\"paragraph\">65\u00a0000-paikkainen stadion on Washington D.C:n historian suurin taloudellinen kehityshanke, kaupungin pormestari <a href=\"https:\/\/www.iltalehti.fi\/henkilot\/Muriel Bowser\" class=\"article-link-person-page\" rel=\"nofollow noopener\" target=\"_blank\">Muriel Bowser<\/a> ilmoittaa.<\/p>\n<p class=\"paragraph\">My\u00f6s Trumpilla oli osuutensa hankkeen toteutumisessa, ja siksi stadion saatetaan nimet\u00e4 h\u00e4nen mukaansa. Sis\u00e4piiritietojen mukaan se on jopa todenn\u00e4k\u00f6ist\u00e4.<\/p>\n<p class=\"paragraph\">\u2013 Se olisi kaunis nimi, sill\u00e4 juuri presidentti Trump teki rakentamisen mahdolliseksi, Valkoisen talon lehdist\u00f6sihteeri <a href=\"https:\/\/www.iltalehti.fi\/henkilot\/Karoline Leavitt\" class=\"article-link-person-page\" rel=\"nofollow noopener\" target=\"_blank\">Karoline Leavitt<\/a> viestitti ESPN:lle.<\/p>\n<p class=\"paragraph\">Sis\u00e4piiril\u00e4hteet kertovat, ettei Trump halua ostaa stadionin nime\u00e4 suoraan tai v\u00e4lillisesti rikkaan yhteisty\u00f6kumppanin kautta. H\u00e4n haluaa, ett\u00e4 stadion nimet\u00e4\u00e4n h\u00e4nen mukaansa \u201dkunnianosoituksena tai kiitoksena\u201d.<\/p>\n","protected":false},"excerpt":{"rendered":"Donald Trumpin nimi voi pian komeilla urheilupyh\u00e4t\u00f6n sein\u00e4ss\u00e4. Donald Trump haluaa, ett\u00e4 h\u00e4nelle osoitetaan kiitollisuutta. EPA \/ AOP&hellip;\n","protected":false},"author":2,"featured_media":86391,"comment_status":"","ping_status":"","sticky":false,"template":"","format":"standard","meta":{"footnotes":""},"categories":[158],"tags":[35,33,31,30,41,142,637,144,159,32,160,638],"class_list":{"0":"post-86390","1":"post","2":"type-post","3":"status-publish","4":"format-standard","5":"has-post-thumbnail","7":"category-urheilu","8":"tag-24h","9":"tag-fi","10":"tag-finland","11":"tag-finnish","12":"tag-liikunta-ja-urheilu","13":"tag-poliitikot","14":"tag-politiikka","15":"tag-presidentti","16":"tag-sports","17":"tag-suomi","18":"tag-urheilu","19":"tag-valtiovalta"},"share_on_mastodon":{"url":"https:\/\/pubeurope.com\/@fi\/115525917587480795","error":""},"_links":{"self":[{"href":"https:\/\/www.europesays.com\/fi\/wp-json\/wp\/v2\/posts\/86390","targetHints":{"allow":["GET"]}}],"collection":[{"href":"https:\/\/www.europesays.com\/fi\/wp-json\/wp\/v2\/posts"}],"about":[{"href":"https:\/\/www.europesays.com\/fi\/wp-json\/wp\/v2\/types\/post"}],"author":[{"embeddable":true,"href":"https:\/\/www.europesays.com\/fi\/wp-json\/wp\/v2\/users\/2"}],"replies":[{"embeddable":true,"href":"https:\/\/www.europesays.com\/fi\/wp-json\/wp\/v2\/comments?post=86390"}],"version-history":[{"count":0,"href":"https:\/\/www.europesays.com\/fi\/wp-json\/wp\/v2\/posts\/86390\/revisions"}],"wp:featuredmedia":[{"embeddable":true,"href":"https:\/\/www.europesays.com\/fi\/wp-json\/wp\/v2\/media\/86391"}],"wp:attachment":[{"href":"https:\/\/www.europesays.com\/fi\/wp-json\/wp\/v2\/media?parent=86390"}],"wp:term":[{"taxonomy":"category","embeddable":true,"href":"https:\/\/www.europesays.com\/fi\/wp-json\/wp\/v2\/categories?post=86390"},{"taxonomy":"post_tag","embeddable":true,"href":"https:\/\/www.europesays.com\/fi\/wp-json\/wp\/v2\/tags?post=86390"}],"curies":[{"name":"wp","href":"https:\/\/api.w.org\/{rel}","templated":true}]}}