{"id":86414,"date":"2025-11-10T15:11:09","date_gmt":"2025-11-10T15:11:09","guid":{"rendered":"https:\/\/www.europesays.com\/fi\/86414\/"},"modified":"2025-11-10T15:11:09","modified_gmt":"2025-11-10T15:11:09","slug":"tallaisia-miehia-epaillaan-ita-helsingin-joukkoraiskauksesta","status":"publish","type":"post","link":"https:\/\/www.europesays.com\/fi\/86414\/","title":{"rendered":"T\u00e4llaisia miehi\u00e4 ep\u00e4ill\u00e4\u00e4n It\u00e4-Helsingin joukkoraiskauksesta"},"content":{"rendered":"<p>40-vuotias ep\u00e4ilty on tuomittu raiskauksesta aiemmin.<\/p>\n<p><img decoding=\"async\" class=\"image image-show image-preview\" src=\"https:\/\/www.europesays.com\/fi\/wp-content\/uploads\/2025\/11\/85ed957cd2f6e7655450f61c710e1b8bbf0c7ed4d0b2112389e0d1d28c94949f.jpg\" alt=\"\"\/><img decoding=\"async\" class=\"image image-show\" src=\"https:\/\/www.europesays.com\/fi\/wp-content\/uploads\/2025\/11\/1762787469_322_85ed957cd2f6e7655450f61c710e1b8bbf0c7ed4d0b2112389e0d1d28c94949f.jpg\" alt=\"\"\/><\/p>\n<p>Helsingin k\u00e4r\u00e4j\u00e4oikeus k\u00e4sittelee vangitsemisvaatimuksia maanantaina 10. marraskuuta. Inka Soveri<\/p>\n<p class=\"paragraph\">Poliisi ep\u00e4ilee kahta miest\u00e4 It\u00e4-Helsingiss\u00e4 viime viikolla tapahtuneesta joukkoraiskauksesta.<\/p>\n<p class=\"paragraph\">27- ja 40-vuotiaita miehi\u00e4 ep\u00e4ill\u00e4\u00e4n t\u00f6rke\u00e4st\u00e4 raiskauksesta ja t\u00f6rke\u00e4st\u00e4 kotirauhan rikkomisesta.<\/p>\n<p class=\"paragraph\">Rikosnimikkeet viittaavat siihen, ett\u00e4 miesten ep\u00e4ill\u00e4\u00e4n tunkeutuneen yksityisasuntoon ja raiskanneen uhrin siell\u00e4.<\/p>\n<p class=\"paragraph\">Ep\u00e4illyt rikokset tapahtuivat torstain ja perjantain v\u00e4lill\u00e4. Poliisi otti kaksikon kiinni asunnosta perjantaina aamulla.<\/p>\n<p class=\"paragraph\">Tutkinnanjohtaja, rikoskomisario <a href=\"https:\/\/www.iltalehti.fi\/henkilot\/Jutta Antikainen\" class=\"article-link-person-page\" rel=\"nofollow noopener\" target=\"_blank\">Jutta Antikainen<\/a> ei ota kantaa siihen, tunsivatko miehet uhrin ennalta tai miten tapahtumat ovat edenneet.<\/p>\n<p class=\"paragraph\">H\u00e4n kertoo, ett\u00e4 miehet ovat kertoneet kuulusteluissa oman versionsa tapahtumista. Antikaisen mukaan poliisi tekee &#8221;hartiavoimin&#8221; t\u00f6it\u00e4 selvitt\u00e4\u00e4kseen tapauksen.<\/p>\n<p class=\"paragraph\">Poliisi vaati miehi\u00e4 vangittavaksi rikoksista ep\u00e4iltyin\u00e4. Helsingin k\u00e4r\u00e4j\u00e4oikeus k\u00e4sitteli vaatimuksia maanantaina iltap\u00e4iv\u00e4ll\u00e4.<\/p>\n<p class=\"paragraph\">K\u00e4r\u00e4j\u00e4oikeuden puheenjohtaja ei my\u00f6nt\u00e4nyt medialle lupaa kuvata ep\u00e4iltyj\u00e4. Yhten\u00e4 perusteluna oli se, ett\u00e4 miehet kiist\u00e4v\u00e4t rikokset.<\/p>\n<p class=\"paragraph\">Kiistoista huolimatta Helsingin k\u00e4r\u00e4j\u00e4oikeus p\u00e4\u00e4tti vangita molemmat miehet todenn\u00e4k\u00f6isin syin rikoksista ep\u00e4iltyin\u00e4.<\/p>\n<p>Toisella raiskaustuomio<\/p>\n<p class=\"paragraph\">Kummallakin ep\u00e4illyll\u00e4 on Iltalehden tietojen mukaan rikostaustaa.<\/p>\n<p class=\"paragraph\">Miehist\u00e4 vanhempaa on syytetty vuosien saatossa muun muassa huumausaine- ja v\u00e4kivaltarikoksista. H\u00e4net on vuosia sitten tuomittu my\u00f6s raiskauksesta.<\/p>\n<p class=\"paragraph\">Mies pahoinpiteli ja raiskasi entisen naisyst\u00e4v\u00e4ns\u00e4 Vantaalla kev\u00e4\u00e4ll\u00e4 2015.<\/p>\n<p class=\"paragraph\">Vantaan k\u00e4r\u00e4j\u00e4oikeus ja sittemmin my\u00f6s Helsingin hovioikeus tuomitsivat miehen vuodeksi ja nelj\u00e4ksi kuukaudeksi ehdottomaan vankeusrangaistukseen.<\/p>\n<p class=\"paragraph\">Mies ei ole ilmoittanut itselleen vakituista osoitetta, vaan h\u00e4n on ohjannut postinsa Herttoniemeen.<\/p>\n<p class=\"paragraph\">Nuorempi ep\u00e4ilty asuu osoitetietojen mukaan Salon keskustan tuntumassa sijaitsevassa kerrostaloasunnossa.<\/p>\n<p class=\"paragraph\">My\u00f6s h\u00e4nell\u00e4 on rikostaustaa. 27-vuotiasta miest\u00e4 on syytetty muun muassa lukuisista omaisuusrikoksista sek\u00e4 huumausaineen k\u00e4ytt\u00f6rikoksista. H\u00e4nt\u00e4 ei ole aiemmin syytetty seksuaalirikoksista.<\/p>\n","protected":false},"excerpt":{"rendered":"40-vuotias ep\u00e4ilty on tuomittu raiskauksesta aiemmin. Helsingin k\u00e4r\u00e4j\u00e4oikeus k\u00e4sittelee vangitsemisvaatimuksia maanantaina 10. marraskuuta. Inka Soveri Poliisi ep\u00e4ilee kahta&hellip;\n","protected":false},"author":2,"featured_media":86415,"comment_status":"","ping_status":"","sticky":false,"template":"","format":"standard","meta":{"footnotes":""},"categories":[5],"tags":[35,22,23,26,27,33,31,30,17,53,24,25,28,29,15,18,21,52,38,32,19,20,16,40,37],"class_list":{"0":"post-86414","1":"post","2":"type-post","3":"status-publish","4":"format-standard","5":"has-post-thumbnail","7":"category-otsikot","8":"tag-24h","9":"tag-breaking-news","10":"tag-breakingnews","11":"tag-featured-news","12":"tag-featurednews","13":"tag-fi","14":"tag-finland","15":"tag-finnish","16":"tag-headlines","17":"tag-laki-oikeus-ja-rikos","18":"tag-latest-news","19":"tag-latestnews","20":"tag-main-news","21":"tag-mainnews","22":"tag-news","23":"tag-otsikot","24":"tag-paauutiset","25":"tag-poliisi","26":"tag-rikos","27":"tag-suomi","28":"tag-top-stories","29":"tag-topstories","30":"tag-uutiset","31":"tag-vakivalta","32":"tag-vakivaltarikokset"},"share_on_mastodon":{"url":"https:\/\/pubeurope.com\/@fi\/115526047216382627","error":""},"_links":{"self":[{"href":"https:\/\/www.europesays.com\/fi\/wp-json\/wp\/v2\/posts\/86414","targetHints":{"allow":["GET"]}}],"collection":[{"href":"https:\/\/www.europesays.com\/fi\/wp-json\/wp\/v2\/posts"}],"about":[{"href":"https:\/\/www.europesays.com\/fi\/wp-json\/wp\/v2\/types\/post"}],"author":[{"embeddable":true,"href":"https:\/\/www.europesays.com\/fi\/wp-json\/wp\/v2\/users\/2"}],"replies":[{"embeddable":true,"href":"https:\/\/www.europesays.com\/fi\/wp-json\/wp\/v2\/comments?post=86414"}],"version-history":[{"count":0,"href":"https:\/\/www.europesays.com\/fi\/wp-json\/wp\/v2\/posts\/86414\/revisions"}],"wp:featuredmedia":[{"embeddable":true,"href":"https:\/\/www.europesays.com\/fi\/wp-json\/wp\/v2\/media\/86415"}],"wp:attachment":[{"href":"https:\/\/www.europesays.com\/fi\/wp-json\/wp\/v2\/media?parent=86414"}],"wp:term":[{"taxonomy":"category","embeddable":true,"href":"https:\/\/www.europesays.com\/fi\/wp-json\/wp\/v2\/categories?post=86414"},{"taxonomy":"post_tag","embeddable":true,"href":"https:\/\/www.europesays.com\/fi\/wp-json\/wp\/v2\/tags?post=86414"}],"curies":[{"name":"wp","href":"https:\/\/api.w.org\/{rel}","templated":true}]}}