{"id":86420,"date":"2025-11-10T15:30:07","date_gmt":"2025-11-10T15:30:07","guid":{"rendered":"https:\/\/www.europesays.com\/fi\/86420\/"},"modified":"2025-11-10T15:30:07","modified_gmt":"2025-11-10T15:30:07","slug":"keski-suomessa-pistetty-jo-yli-40-000-rokotetta-talla-kertaa-rokotuspaiva-sujui-myos-jamsassa-keski-suomi","status":"publish","type":"post","link":"https:\/\/www.europesays.com\/fi\/86420\/","title":{"rendered":"Keski-Suomessa pistetty jo yli 40\u2009000 rokotetta \u2013 t\u00e4ll\u00e4 kertaa rokotusp\u00e4iv\u00e4 sujui my\u00f6s J\u00e4ms\u00e4ss\u00e4 | Keski-Suomi"},"content":{"rendered":"<p>Viime lauantain joukkorokotusp\u00e4iv\u00e4t sujuivat suuremmitta ongelmitta, tiedottaa Keski-Suomen hyvinvointialue.<\/p>\n<p>Rokotusp\u00e4ivien yhteydess\u00e4 aloitettiin 65 vuotta t\u00e4ytt\u00e4neiden influenssarokotukset Jyv\u00e4skyl\u00e4ss\u00e4 Sairaala Novassa sek\u00e4 J\u00e4ms\u00e4ss\u00e4, Laukaassa, Saarij\u00e4rvell\u00e4 ja \u00c4\u00e4nekoskella. Samalla rokotettiin my\u00f6s 18 vuotta t\u00e4ytt\u00e4neit\u00e4 voimakkaasti immuunipuutteisia henkil\u00f6it\u00e4, joille tarjottiin my\u00f6s koronarokote.<\/p>\n<p>T\u00e4h\u00e4n menness\u00e4 hyvinvointialueella on annettu yhteens\u00e4 24\u2009318 influenssarokotetta ja 17\u2009600 koronarokotetta. <\/p>\n<p><strong class=\"diks-storyline__impact\">Keskisuomalainen uutisoi<\/strong> aiemmin, ett\u00e4 J\u00e4ms\u00e4n ensimm\u00e4isen joukkorokotusp\u00e4iv\u00e4n j\u00e4rjestelyt olivat takunneet. Jonot olivat venyneet pahimmillaan kolmen tunnin mittaisiksi, olosuhteet olivat tukalat ja tuolit loppuivat kesken.<\/p>\n","protected":false},"excerpt":{"rendered":"Viime lauantain joukkorokotusp\u00e4iv\u00e4t sujuivat suuremmitta ongelmitta, tiedottaa Keski-Suomen hyvinvointialue. Rokotusp\u00e4ivien yhteydess\u00e4 aloitettiin 65 vuotta t\u00e4ytt\u00e4neiden influenssarokotukset Jyv\u00e4skyl\u00e4ss\u00e4 Sairaala&hellip;\n","protected":false},"author":2,"featured_media":86421,"comment_status":"","ping_status":"","sticky":false,"template":"","format":"standard","meta":{"footnotes":""},"categories":[165],"tags":[7138,33,31,30,166,6313,6314,2565,425,768,32,679,167],"class_list":{"0":"post-86420","1":"post","2":"type-post","3":"status-publish","4":"format-standard","5":"has-post-thumbnail","7":"category-terveys","8":"tag-aanekoski","9":"tag-fi","10":"tag-finland","11":"tag-finnish","12":"tag-health","13":"tag-influenssa","14":"tag-injektio-laaketiede","15":"tag-jamsa","16":"tag-jyvaskyla","17":"tag-rokotteet","18":"tag-suomi","19":"tag-terveydenhuollon-toimintalaitokset","20":"tag-terveys"},"share_on_mastodon":{"url":"https:\/\/pubeurope.com\/@fi\/115526121901044425","error":""},"_links":{"self":[{"href":"https:\/\/www.europesays.com\/fi\/wp-json\/wp\/v2\/posts\/86420","targetHints":{"allow":["GET"]}}],"collection":[{"href":"https:\/\/www.europesays.com\/fi\/wp-json\/wp\/v2\/posts"}],"about":[{"href":"https:\/\/www.europesays.com\/fi\/wp-json\/wp\/v2\/types\/post"}],"author":[{"embeddable":true,"href":"https:\/\/www.europesays.com\/fi\/wp-json\/wp\/v2\/users\/2"}],"replies":[{"embeddable":true,"href":"https:\/\/www.europesays.com\/fi\/wp-json\/wp\/v2\/comments?post=86420"}],"version-history":[{"count":0,"href":"https:\/\/www.europesays.com\/fi\/wp-json\/wp\/v2\/posts\/86420\/revisions"}],"wp:featuredmedia":[{"embeddable":true,"href":"https:\/\/www.europesays.com\/fi\/wp-json\/wp\/v2\/media\/86421"}],"wp:attachment":[{"href":"https:\/\/www.europesays.com\/fi\/wp-json\/wp\/v2\/media?parent=86420"}],"wp:term":[{"taxonomy":"category","embeddable":true,"href":"https:\/\/www.europesays.com\/fi\/wp-json\/wp\/v2\/categories?post=86420"},{"taxonomy":"post_tag","embeddable":true,"href":"https:\/\/www.europesays.com\/fi\/wp-json\/wp\/v2\/tags?post=86420"}],"curies":[{"name":"wp","href":"https:\/\/api.w.org\/{rel}","templated":true}]}}