{"id":86422,"date":"2025-11-10T15:31:08","date_gmt":"2025-11-10T15:31:08","guid":{"rendered":"https:\/\/www.europesays.com\/fi\/86422\/"},"modified":"2025-11-10T15:31:08","modified_gmt":"2025-11-10T15:31:08","slug":"huuhkajiin-muutoksia-laitapakki-ryan-mahuta-ensi-kertaa-suomen-a-maajoukkueeseen-urheilua-lyhyesti","status":"publish","type":"post","link":"https:\/\/www.europesays.com\/fi\/86422\/","title":{"rendered":"Huuhkajiin muutoksia \u2013 laitapakki Ryan Mahuta ensi kertaa Suomen A-maajoukkueeseen | Urheilua lyhyesti"},"content":{"rendered":"<p class=\"aw-1gybjub aw-5vja16 kEtdKx kmuxyA yle__article__paragraph\">Huuhkajat tiedotti maanantaina kahdesta ja sunnuntaina yhdest\u00e4 muutoksesta pelaaja\u00adryhm\u00e4\u00e4ns\u00e4.<\/p>\n<p><img decoding=\"async\" alt=\"Ryan Mahuta FC Hakassa.\" src=\"https:\/\/www.europesays.com\/fi\/wp-content\/uploads\/2025\/11\/39-15513156911d918b8a7b.jpeg\" class=\"aw-1l9m598 hKVVvP\"\/><\/p>\n<p>Avaa kuvien katselu<\/p>\n<p>Ryan Mahuta edusti Veikkausliigassa Hakaa ja Interi\u00e4. Kuva: Juha Tamminen \/ All Over Press<\/p>\n<p class=\"aw-1gybjub aw-1p7kakr kEtdKx cEmitX yle__article__paragraph\">MM-karsintojen lohkovaiheen perjantaina Helsingiss\u00e4 p\u00e4\u00e4tt\u00e4v\u00e4n Suomen miesten jalkapallomaajoukkueen pelaajistoon tulee muutoksia.<\/p>\n<p class=\"aw-1gybjub aw-1p7kakr kEtdKx cEmitX yle__article__paragraph\"><a class=\"aw-iao6s4 iHOxEa yle__article__link\" href=\"https:\/\/www.palloliitto.fi\/ajankohtaista\/mahuta-huuhkajiin-stahl-sivussa-malta--ja-andorra-otteluista\" role=\"link\" rel=\"nofollow noopener\" target=\"_blank\">Palloliitto kertoi maanantaina<\/a>, ett\u00e4 keskikentt\u00e4pelaaja <strong class=\"aw-ak79eh KyCXm yle__article__strong\">Fredrik Jensen<\/strong> ja laitapuolustaja <strong class=\"aw-ak79eh KyCXm yle__article__strong\">Adam St\u00e5hl<\/strong> ovat sivussa niin perjantain Malta-ottelusta kuin my\u00f6s ensi maanantaina Tampereella pelattavasta Andorra-maaottelusta.<\/p>\n<p class=\"aw-1gybjub aw-1p7kakr kEtdKx cEmitX yle__article__paragraph\">Uutena pelaajana joukkueeseen liittyy laitapuolustaja <strong class=\"aw-ak79eh KyCXm yle__article__strong\">Ryan Mahuta<\/strong>, joka pelaa T\u0161ekin p\u00e4\u00e4sarjan FK Pardubicessa. Suomen liigassa Interi\u00e4 ja Hakaa vuosina 2021\u201324 edustanut Mahuta, 23, ei ole pelannut maajoukkueessa aiemmin, my\u00f6sk\u00e4\u00e4n junioritasolla.<\/p>\n<p class=\"aw-1gybjub aw-1p7kakr kEtdKx cEmitX yle__article__paragraph\">Pardubicessa Mahuta on t\u00e4ll\u00e4 kaudella noussut joukkueen luottopelaajien joukkoon. H\u00e4n on pelannut seuran 12 viimeisint\u00e4 liigapeli\u00e4 avausmiehist\u00f6ss\u00e4.<\/p>\n<p class=\"aw-1gybjub aw-1p7kakr kEtdKx cEmitX yle__article__paragraph\">Sunnuntaina Palloliitto <a class=\"aw-iao6s4 iHOxEa yle__article__link\" href=\"https:\/\/www.palloliitto.fi\/ajankohtaista\/terho-sivussa-marraskuun-otteluista-jukkola-huuhkajiin\" role=\"link\" rel=\"nofollow noopener\" target=\"_blank\">tiedotti<\/a>, ett\u00e4 OH Leuvenin hy\u00f6kk\u00e4\u00e4j\u00e4\/laitapelaaja <strong class=\"aw-ak79eh KyCXm yle__article__strong\">Casper Terho<\/strong> joutuu j\u00e4\u00e4m\u00e4\u00e4n sivuun Malta- ja Andorra-otteluista loukkaantumisen takia. Tilalle nimettiin Ilveksess\u00e4 komean l\u00e4pimurron p\u00e4\u00e4ttyneella Veikkausliigan kaudella tehnyt <strong class=\"aw-ak79eh KyCXm yle__article__strong\">Oiva Jukkola<\/strong>.<\/p>\n<p class=\"aw-1gybjub aw-1p7kakr kEtdKx cEmitX yle__article__paragraph\">Huuhkajat kohtaa Maltan Helsingin Olympiastadionilla perjantaina 14. marraskuuta kello 19 MM-karsintojen lohkovaiheen p\u00e4\u00e4t\u00f6sottelussa.<\/p>\n<p class=\"aw-1gybjub aw-1p7kakr kEtdKx cEmitX yle__article__paragraph\">Maanantaina 17. marraskuuta Huuhkajat pelaa ensi kertaa Tammelan stadionilla Tampereella, kun Suomi kohtaa A-maaottelussa Andorran kello 19.<\/p>\n<p class=\"aw-1gybjub aw-1p7kakr kEtdKx cEmitX yle__article__paragraph\">Yle n\u00e4ytt\u00e4\u00e4 Huuhkajien ottelut kanavillaan suorina l\u00e4hetyksin\u00e4.<\/p>\n","protected":false},"excerpt":{"rendered":"Huuhkajat tiedotti maanantaina kahdesta ja sunnuntaina yhdest\u00e4 muutoksesta pelaaja\u00adryhm\u00e4\u00e4ns\u00e4. Avaa kuvien katselu Ryan Mahuta edusti Veikkausliigassa Hakaa ja&hellip;\n","protected":false},"author":2,"featured_media":86423,"comment_status":"","ping_status":"","sticky":false,"template":"","format":"standard","meta":{"footnotes":""},"categories":[158],"tags":[33,31,30,5285,43,8608,159,32,160],"class_list":{"0":"post-86422","1":"post","2":"type-post","3":"status-publish","4":"format-standard","5":"has-post-thumbnail","7":"category-urheilu","8":"tag-fi","9":"tag-finland","10":"tag-finnish","11":"tag-huuhkajat","12":"tag-jalkapallo","13":"tag-jalkapallomaajoukkueet","14":"tag-sports","15":"tag-suomi","16":"tag-urheilu"},"share_on_mastodon":{"url":"https:\/\/pubeurope.com\/@fi\/115526125981329432","error":""},"_links":{"self":[{"href":"https:\/\/www.europesays.com\/fi\/wp-json\/wp\/v2\/posts\/86422","targetHints":{"allow":["GET"]}}],"collection":[{"href":"https:\/\/www.europesays.com\/fi\/wp-json\/wp\/v2\/posts"}],"about":[{"href":"https:\/\/www.europesays.com\/fi\/wp-json\/wp\/v2\/types\/post"}],"author":[{"embeddable":true,"href":"https:\/\/www.europesays.com\/fi\/wp-json\/wp\/v2\/users\/2"}],"replies":[{"embeddable":true,"href":"https:\/\/www.europesays.com\/fi\/wp-json\/wp\/v2\/comments?post=86422"}],"version-history":[{"count":0,"href":"https:\/\/www.europesays.com\/fi\/wp-json\/wp\/v2\/posts\/86422\/revisions"}],"wp:featuredmedia":[{"embeddable":true,"href":"https:\/\/www.europesays.com\/fi\/wp-json\/wp\/v2\/media\/86423"}],"wp:attachment":[{"href":"https:\/\/www.europesays.com\/fi\/wp-json\/wp\/v2\/media?parent=86422"}],"wp:term":[{"taxonomy":"category","embeddable":true,"href":"https:\/\/www.europesays.com\/fi\/wp-json\/wp\/v2\/categories?post=86422"},{"taxonomy":"post_tag","embeddable":true,"href":"https:\/\/www.europesays.com\/fi\/wp-json\/wp\/v2\/tags?post=86422"}],"curies":[{"name":"wp","href":"https:\/\/api.w.org\/{rel}","templated":true}]}}