{"id":86431,"date":"2025-11-10T15:38:09","date_gmt":"2025-11-10T15:38:09","guid":{"rendered":"https:\/\/www.europesays.com\/fi\/86431\/"},"modified":"2025-11-10T15:38:09","modified_gmt":"2025-11-10T15:38:09","slug":"tyly-purkaus-lansimaille-yksi-maa-sai-kehut-ilta-sanomat","status":"publish","type":"post","link":"https:\/\/www.europesays.com\/fi\/86431\/","title":{"rendered":"Tyly purkaus l\u00e4nsimaille \u2013 yksi maa sai kehut &#8211; Ilta-Sanomat"},"content":{"rendered":"<ol>\n<li><a href=\"https:\/\/news.google.com\/rss\/articles\/CBMiXkFVX3lxTE9pb3cyUlZlUHY5a2FlTEJZLVBUYXpCWFBnZnczRmRtdnEtSi1MVlZlNjBfTXNWbUt2OUlPX3NxWGFrUDU2QXJ3NXFVRVZlRVFVbXVhMHhyQUpYZFVPNGc?oc=5\" target=\"_blank\" rel=\"nofollow noopener\">Tyly purkaus l\u00e4nsimaille \u2013 yksi maa sai kehut<\/a>&nbsp;&nbsp;Ilta-Sanomat<\/li>\n<li><a href=\"https:\/\/news.google.com\/rss\/articles\/CBMiQkFVX3lxTE1tdzNmM1I0WjdYSXZzeFg2NVczM29IWnpHZFRoUDBHdTlmVGU0RkRWTGxKZGcwS3g0TF9uakJNZm1UUQ?oc=5\" target=\"_blank\" rel=\"nofollow noopener\">Kiinasta voi tulla ensimm\u00e4inen s\u00e4hk\u00f6valtio \u2013 maailman suurin saastuttaja luo toivoa Brasilian ilmastokokouksessa<\/a>&nbsp;&nbsp;Yle<\/li>\n<li><a href=\"https:\/\/news.google.com\/rss\/articles\/CBMiVkFVX3lxTE9WNjFfX0xGbG1TcmNQOUhwY2k5MWt3RWszb1BzcER2YXN1eDBBb3pfaEVQMUJyRThQdUlyeGh5ZmRtaEgyMEczaUR4Y2E3MThWOUtRUUh3?oc=5\" target=\"_blank\" rel=\"nofollow noopener\">Maailman maat kokoontuvat t\u00e4n\u00e4\u00e4n alkavaan ilmastokokoukseen<\/a>&nbsp;&nbsp;Etel\u00e4-Suomen Sanomat<\/li>\n<li><a href=\"https:\/\/news.google.com\/rss\/articles\/CBMiV0FVX3lxTE1mT2VuejJWRXJRYnpZUENyVlFlYUVYZ2YzWS1hTEp2ZzRNaWlSY29KcTZFQWgtbkJqVjBDTGVsWldCZDFjb25ZUVdpVkFvbnNEZ0xYQUNWYw?oc=5\" target=\"_blank\" rel=\"nofollow noopener\">Belemiss\u00e4 on m\u00e4\u00e4r\u00e4 sopia mittareista, joilla ilmastonmuutokseen sopeutumista seurataan \u2013 asiantuntija kuvailee agendaa v\u00e4h\u00e4iseksi<\/a>&nbsp;&nbsp;Keskisuomalainen<\/li>\n<li><a href=\"https:\/\/news.google.com\/rss\/articles\/CBMiwgFBVV95cUxQVUl3akhwZno3dFdXRGNZYjBjVTFOSFhKMnhCYThrTzExMGpqMEctUHhfcGFwRDBjSGRid2FnOXZZajBnaUdEUTVyMG1iaXVRMjNRemEwLXZUYy1vQ1BCZ2VScHBnOEo5NGI2U2FzaTlKdGZxRy04MWN3T0Z0MnpYcDJJWGkxRTJZQ29VNU4zalNrblBORHdGT1JsWnNhbXA3dUZhd2x6cGNBd2s4MWhEU2hZMXoyby0xT0FfNnRvRG1Wdw?oc=5\" target=\"_blank\" rel=\"nofollow noopener\">COP30: Pohjoismailta julkilausuma ruokaj\u00e4rjestelmien ja biotalouden roolista ilmastonmuutoksen torjunnassa<\/a>&nbsp;&nbsp;The Nordic Co-operation<\/li>\n<\/ol>\n","protected":false},"excerpt":{"rendered":"Tyly purkaus l\u00e4nsimaille \u2013 yksi maa sai kehut&nbsp;&nbsp;Ilta-Sanomat Kiinasta voi tulla ensimm\u00e4inen s\u00e4hk\u00f6valtio \u2013 maailman suurin saastuttaja luo&hellip;\n","protected":false},"author":2,"featured_media":86432,"comment_status":"","ping_status":"","sticky":false,"template":"","format":"standard","meta":{"footnotes":""},"categories":[5],"tags":[22,23,26,27,33,31,30,17,34,24,25,28,29,15,18,21,32,19,20,16],"class_list":{"0":"post-86431","1":"post","2":"type-post","3":"status-publish","4":"format-standard","5":"has-post-thumbnail","7":"category-otsikot","8":"tag-breaking-news","9":"tag-breakingnews","10":"tag-featured-news","11":"tag-featurednews","12":"tag-fi","13":"tag-finland","14":"tag-finnish","15":"tag-headlines","16":"tag-ilta-sanomat","17":"tag-latest-news","18":"tag-latestnews","19":"tag-main-news","20":"tag-mainnews","21":"tag-news","22":"tag-otsikot","23":"tag-paauutiset","24":"tag-suomi","25":"tag-top-stories","26":"tag-topstories","27":"tag-uutiset"},"share_on_mastodon":{"url":"https:\/\/pubeurope.com\/@fi\/115526153206559916","error":""},"_links":{"self":[{"href":"https:\/\/www.europesays.com\/fi\/wp-json\/wp\/v2\/posts\/86431","targetHints":{"allow":["GET"]}}],"collection":[{"href":"https:\/\/www.europesays.com\/fi\/wp-json\/wp\/v2\/posts"}],"about":[{"href":"https:\/\/www.europesays.com\/fi\/wp-json\/wp\/v2\/types\/post"}],"author":[{"embeddable":true,"href":"https:\/\/www.europesays.com\/fi\/wp-json\/wp\/v2\/users\/2"}],"replies":[{"embeddable":true,"href":"https:\/\/www.europesays.com\/fi\/wp-json\/wp\/v2\/comments?post=86431"}],"version-history":[{"count":0,"href":"https:\/\/www.europesays.com\/fi\/wp-json\/wp\/v2\/posts\/86431\/revisions"}],"wp:featuredmedia":[{"embeddable":true,"href":"https:\/\/www.europesays.com\/fi\/wp-json\/wp\/v2\/media\/86432"}],"wp:attachment":[{"href":"https:\/\/www.europesays.com\/fi\/wp-json\/wp\/v2\/media?parent=86431"}],"wp:term":[{"taxonomy":"category","embeddable":true,"href":"https:\/\/www.europesays.com\/fi\/wp-json\/wp\/v2\/categories?post=86431"},{"taxonomy":"post_tag","embeddable":true,"href":"https:\/\/www.europesays.com\/fi\/wp-json\/wp\/v2\/tags?post=86431"}],"curies":[{"name":"wp","href":"https:\/\/api.w.org\/{rel}","templated":true}]}}