{"id":86436,"date":"2025-11-10T15:57:19","date_gmt":"2025-11-10T15:57:19","guid":{"rendered":"https:\/\/www.europesays.com\/fi\/86436\/"},"modified":"2025-11-10T15:57:19","modified_gmt":"2025-11-10T15:57:19","slug":"nayara-ferreiran-kohtelu-hammastyttaa-suomalaisseurassa-meilla-ei-ollut-minkaanlaista-epailya","status":"publish","type":"post","link":"https:\/\/www.europesays.com\/fi\/86436\/","title":{"rendered":"Nayara Ferreiran kohtelu h\u00e4mm\u00e4stytt\u00e4\u00e4 suomalaisseurassa: \u201dMeill\u00e4 ei ollut mink\u00e4\u00e4nlaista ep\u00e4ily\u00e4\u201d"},"content":{"rendered":"<p>Lue tiivistelm\u00e4<\/p>\n<p>Tiivistelm\u00e4 on teko\u00e4lyn tekem\u00e4 ja ihmisen tarkistama.<\/p>\n<p class=\"article-body mb-nof-24 px-nof-16 sndp-summary-bullet-point-font\">LP-Vampulan entinen pelaaja Nayara Ferreira on saanut pelikieltoa Albaniassa kielt\u00e4ydytty\u00e4\u00e4n sukupuolitestist\u00e4 liiton valitsemassa laboratoriossa.<\/p>\n<p class=\"article-body mb-nof-24 px-nof-16 sndp-summary-bullet-point-font\">Ferreira pelasi LP-Vampulassa puolitoista kautta.<\/p>\n<p class=\"article-body mb-nof-24 px-nof-16 sndp-summary-bullet-point-font\">LP-Vampulan lajijohtaja Hanna Arve-Talvitie kertoo ep\u00e4ilyjen tulleen t\u00e4ysin yll\u00e4tyksen\u00e4 seuralle.<\/p>\n<p class=\"article-body mb-nof-24 px-nof-16 sndp-summary-bullet-point-font\">Albanian lentopalloliitto m\u00e4\u00e4r\u00e4si Ferreiralle pelikieltoa kahden kilpailevan seuran esitt\u00e4mien ep\u00e4ilyjen vuoksi.<\/p>\n<p class=\"article-body mb-nof-24 px-nof-16\">Puolitoista kautta lentopallon naisten Mestaruusliigaa LP-Vampulassa pelanneen <a class=\"article-personlink\" href=\"https:\/\/www.hs.fi\/haku\/?query=Nayara%20Ferreiran\" rel=\"nofollow noopener\" target=\"_blank\">Nayara Ferreiran<\/a> ymp\u00e4rill\u00e4 vellova sukupuolikohu tuli yll\u00e4tyksen\u00e4 huittislaiselle seuralle.<\/p>\n<p class=\"article-body mb-nof-24 px-nof-16\">Albanian lentopalloliitto on m\u00e4\u00e4r\u00e4nnyt Ferreiran pelikieltoon, koska h\u00e4n kielt\u00e4ytyi sukupuolitestist\u00e4 liiton valitsemassa laboratoriossa.<\/p>\n<p class=\"article-body mb-nof-24 px-nof-16\">180-senttinen yleispelaaja k\u00e4vi sen sijaan testiss\u00e4 yksityisell\u00e4 klinikalla todistaakseen sukupuolensa.<\/p>\n<p class=\"article-body mb-nof-24 px-nof-16\">Brasilialainen Ferreira, 32, pelaa ensimm\u00e4ist\u00e4 kauttaan Albanian liigassa tiranalaisen Klub Volejboll Dinamon riveiss\u00e4.<\/p>\n<p class=\"article-body mb-nof-24 px-nof-16\">\u201dMeill\u00e4 ei ollut mink\u00e4\u00e4nn\u00e4k\u00f6ist\u00e4 ep\u00e4ily\u00e4 h\u00e4nest\u00e4\u201d, LP-Vampulan lajijohtaja <a class=\"article-personlink\" href=\"https:\/\/www.hs.fi\/haku\/?query=Hanna%20Arve-Talvitie\" rel=\"nofollow noopener\" target=\"_blank\">Hanna Arve-Talvitie<\/a> kertoo.<\/p>\n<p class=\"article-body mb-nof-24 px-nof-16\">\u201dT\u00e4m\u00e4 tuli t\u00e4ysin yll\u00e4tyksen\u00e4 seuralle, kun Reuters sen uutisoi.\u201d<\/p>\n<p class=\"article-body mb-nof-24 px-nof-16\">Uutistoimisto <a class=\"article-genericlink\" href=\"https:\/\/www.reuters.com\/sports\/albania-suspends-brazilian-volleyball-player-after-gender-complaints-2025-11-07\/\" rel=\"nofollow noopener\" target=\"_blank\">Reutersin<\/a> lis\u00e4ksi Ferreiran tilanteesta ovat kertoneet muun muassa saksalainen <a class=\"article-genericlink\" href=\"https:\/\/www.dw.com\/en\/volleyball-player-destroyed-by-albanian-gender-inquest\/a-74599659\" rel=\"nofollow noopener\" target=\"_blank\">Deutsche Welle<\/a> (DW) sek\u00e4 uutissivusto <a class=\"article-genericlink\" href=\"https:\/\/balkaninsight.com\/2025\/10\/29\/albanian-volleyball-authority-slammed-for-suspending-player-over-gender-claims\/\" rel=\"nofollow noopener\" target=\"_blank\">Balkan Insight<\/a> (BI).<\/p>\n<blockquote class=\"citation\">\n<p>\u201d<\/p>\n<p>Meill\u00e4 ei ollut mink\u00e4\u00e4nn\u00e4k\u00f6ist\u00e4 ep\u00e4ily\u00e4 h\u00e4nest\u00e4.<\/p>\n<\/blockquote>\n<p><img decoding=\"async\" src=\"https:\/\/www.europesays.com\/fi\/wp-content\/uploads\/2025\/11\/1762790236_406_468.jpg\" alt=\"Nayara Ferreira (edess\u00e4 vasemmalla) pelasi ensimm\u00e4isen ottelunsa Suomessa ja LP-Vampulassa 14. tammikuuta 2018 Kuusamon Pallo-Karhuja vastaan. Pallo-Karhut haki tuolloin Huittisista 3\u20131-vierasvoiton ja nousi naisten Mestaruusliigan k\u00e4rkipaikalle.\" class=\"_Img_1rerz_1\" style=\"aspect-ratio:1.3445378151260505\" loading=\"eager\"\/><\/p>\n<p class=\"article-picture-caption\">Nayara Ferreira (edess\u00e4 vasemmalla) pelasi ensimm\u00e4isen ottelunsa Suomessa ja LP-Vampulassa 14. tammikuuta 2018 Kuusamon Pallo-Karhuja vastaan. Pallo-Karhut haki tuolloin Huittisista 3\u20131-vierasvoiton ja nousi naisten Mestaruusliigan k\u00e4rkipaikalle. Kuva:\u00a0Markku M\u00e4kinen \/ Satakunnan Kansa<\/p>\n<p class=\"article-body mb-nof-24 px-nof-16\">Albanian lentopalloliitto on ollut k\u00e4ynnist\u00e4m\u00e4ns\u00e4 kohun j\u00e4lkeen hiljaa. Reuters ei ole saanut liitolta mink\u00e4\u00e4nlaista vastausta toistuviin kommenttipyynt\u00f6ihins\u00e4.<\/p>\n<p class=\"article-body mb-nof-24 px-nof-16\">Kansainv\u00e4linen lentopalloliitto on kertonut olevansa tietoinen tapauksesta, mutta ei kommentoi sit\u00e4.<\/p>\n<p class=\"article-body mb-nof-24 px-nof-16\">Syyn\u00e4 pelikieltoon ovat kahden kilpailevan seuran KS Vllaznian ja Pogradecin esitt\u00e4m\u00e4t ep\u00e4ilyt Ferreiran sukupuolesta.<\/p>\n<p class=\"article-body mb-nof-24 px-nof-16\">Pelaaja kertoi Reutersille, ettei asiaa ole ep\u00e4ilty koskaan aiemmin. Reuters on n\u00e4hnyt kirjeen, jossa Ferreiralta vaaditaan sukupuolitesti\u00e4.<\/p>\n<p class=\"article-body mb-nof-24 px-nof-16\">Albanian syrjinn\u00e4n vastaisen tasa-arvoelimen komissaari <a class=\"article-personlink\" href=\"https:\/\/www.hs.fi\/haku\/?query=Robert%20Gajda\" rel=\"nofollow noopener\" target=\"_blank\">Robert Gajda<\/a> puolestaan kertoi BI:lle tapauksen perustuvan ennakkoluuloihin ja pelikiellon olevan syrjiv\u00e4.<\/p>\n<p class=\"article-body mb-nof-24 px-nof-16\">\u201dTotta kai asiat pit\u00e4\u00e4 selvitt\u00e4\u00e4, jos on ep\u00e4ilys jostain, mutta jos se on turha ep\u00e4ilys. Kyse on kuitenkin h\u00e4nen ammatistaan\u201d, Arve-Talvitie sanoo.<\/p>\n<p class=\"article-body mb-nof-24 px-nof-16\">\u201dOnhan t\u00e4m\u00e4 henkil\u00f6\u00e4 kohtaan sill\u00e4 lailla v\u00e4\u00e4rin, ihan sama miss\u00e4 maassa h\u00e4n on.\u201d<\/p>\n<blockquote class=\"citation\">\n<p>\u201d<\/p>\n<p>Onhan t\u00e4m\u00e4 henkil\u00f6\u00e4 kohtaan sill\u00e4 lailla v\u00e4\u00e4rin.<\/p>\n<\/blockquote>\n<p><img decoding=\"async\" src=\"https:\/\/www.europesays.com\/fi\/wp-content\/uploads\/2025\/11\/1762790238_404_468.jpg\" alt=\"LP-Vampulan lajijohtaja Hanna Arve-Talvitie kertoo seuralla olevan hyv\u00e4t muistot Nayara Ferreirasta. Ferreira pelasi seurassa kev\u00e4\u00e4n 2018 sek\u00e4 koko kauden 2018\u20132019. Arve-Talvitie toimii my\u00f6s VaLePan toiminnanjohtajana.\" class=\"_Img_1rerz_1\" style=\"aspect-ratio:1.5\" loading=\"eager\"\/><\/p>\n<p class=\"article-picture-caption\">LP-Vampulan lajijohtaja Hanna Arve-Talvitie kertoo seuralla olevan hyv\u00e4t muistot Nayara Ferreirasta. Ferreira pelasi seurassa kev\u00e4\u00e4n 2018 sek\u00e4 koko kauden 2018\u20132019. Arve-Talvitie toimii my\u00f6s VaLePan toiminnanjohtajana. Kuva:\u00a0Heikki Westerg\u00e5rd \/ Satakunnan Kansa<\/p>\n<p class=\"article-body mb-nof-24 px-nof-16\">Ferreira saapui Suomeen vuoden 2018 alussa. H\u00e4n debytoi LP-Vampulassa Kuusamon Pallo-Karhuja vastaan 14. tammikuuta ja s\u00e4v\u00e4ytti <a class=\"article-genericlink article-em\" href=\"https:\/\/www.satakunnankansa.fi\/urheilu\/art-2000007208712.html\" rel=\"nofollow noopener\" target=\"_blank\">Satakunnan Kansan<\/a> mukaan v\u00e4litt\u00f6m\u00e4sti, vaikka rasitteena oli 35 tunnin matkustus ennen ottelua.<\/p>\n<p class=\"article-body mb-nof-24 px-nof-16\">\u201dTosi mukava ihminen ja itse asiassa aika pienikokoinen pelaaja. Jos ajattelee naisten liigaa Suomessa, niin h\u00e4n ei ole mik\u00e4\u00e4n 190-senttinen eik\u00e4 itse asiassa ollut kovin fyysinenk\u00e4\u00e4n\u201d, Arve-Talvitie sanoo.<\/p>\n<p class=\"article-body mb-nof-24 px-nof-16\">\u201dH\u00e4n oli hyvin normaalikokoinen ja -oloinen. Tosi taitava ja ihan ammattilainen.\u201d<\/p>\n<p class=\"article-body mb-nof-24 px-nof-16\">LP-Vampula p\u00e4\u00e4tti aikanaan Ferreiran hankinnasta lyhyen testijakson, k\u00e4yt\u00e4nn\u00f6ss\u00e4 yksien harjoitusten perusteella. Seura halusi varmistaa, ett\u00e4 aiemmin poikki mennyt polven eturistiside oli parantunut.<\/p>\n<p class=\"article-body mb-nof-24 px-nof-16\">Ferreira edusti LP-Vampulaa puolentoista kauden ajan. H\u00e4n jatkoi kev\u00e4\u00e4n 2018 j\u00e4lkeen seurassa kaudella 2018\u20132019 ja on j\u00e4tt\u00e4nyt itsest\u00e4\u00e4n hyv\u00e4t muistot Huittisiin.<\/p>\n<p class=\"article-body mb-nof-24 px-nof-16\">\u201dTodellakin. Ei meill\u00e4 ole mit\u00e4\u00e4n [pahaa sanottavaa] h\u00e4nest\u00e4.\u201d<\/p>\n<p><img decoding=\"async\" src=\"https:\/\/www.europesays.com\/fi\/wp-content\/uploads\/2025\/11\/1762790239_558_468.jpg\" alt=\"Nayara Ferreira pelasi kaudella 2021\u20132022 H\u00e4meenlinnan Lentopallokerhossa ja saavutti joukkueen kanssa SM-pronssia.\" class=\"_Img_1rerz_1\" style=\"aspect-ratio:1.5\" loading=\"eager\"\/><\/p>\n<p class=\"article-picture-caption\">Nayara Ferreira pelasi kaudella 2021\u20132022 H\u00e4meenlinnan Lentopallokerhossa ja saavutti joukkueen kanssa SM-pronssia. Kuva:\u00a0Timo Marttila \/ Aamulehti<\/p>\n<p class=\"article-body mb-nof-24 px-nof-16\">Lajijohtaja Arve-Talvitie lis\u00e4\u00e4, ettei tied\u00e4 totuutta kohun taustalla. H\u00e4n ei ole ollut Ferreiran kanssa tekemisiss\u00e4 t\u00e4m\u00e4n l\u00e4hd\u00f6n j\u00e4lkeen.<\/p>\n<p class=\"article-body mb-nof-24 px-nof-16\">Ferreira suuntasi LP-Vampulasta Ranskan ja Portugalin kautta H\u00e4meenlinnan Lentopallokerhoon, jossa saavutti SM-pronssia kaudella 2021\u20132022.<\/p>\n<p class=\"article-body mb-nof-24 px-nof-16\">Ferreira on pelannut my\u00f6s Espanjassa, Tshekiss\u00e4 ja Saudi-Arabiassa. Muualla Ferreira on saanut harjoittaa ammattiaan rauhassa, mutta Tiranan kaduilla h\u00e4n on pel\u00e4nnyt liikkua sen j\u00e4lkeen kun ep\u00e4ilykset nousivat esiin paikallisessa mediassa.<\/p>\n<p><img decoding=\"async\" src=\"https:\/\/www.europesays.com\/fi\/wp-content\/uploads\/2025\/11\/1762790239_680_468.jpg\" alt=\"Nayara Ferreira on pel\u00e4nnyt Tiranan kaduilla liikkumista sen j\u00e4lkeen kun tieto h\u00e4nelt\u00e4 vaadittavasta sukupuolitestist\u00e4 levisi paikalliseen mediaan.\" class=\"_Img_1rerz_1\" style=\"aspect-ratio:1.5011727912431587\" loading=\"eager\"\/><\/p>\n<p class=\"article-picture-caption\">Nayara Ferreira on pel\u00e4nnyt Tiranan kaduilla liikkumista sen j\u00e4lkeen kun tieto h\u00e4nelt\u00e4 vaadittavasta sukupuolitestist\u00e4 levisi paikalliseen mediaan. Kuva:\u00a0Florion Goga \/ Reuters<\/p>\n<p class=\"article-body mb-nof-24 px-nof-16\">Dinamon valmentaja <a class=\"article-personlink\" href=\"https:\/\/www.hs.fi\/haku\/?query=Orlando%20Koja\" rel=\"nofollow noopener\" target=\"_blank\">Orlando Koja<\/a> pit\u00e4\u00e4 albanialaismedia <a class=\"article-genericlink\" href=\"https:\/\/www.reporter.al\/2025\/10\/29\/rasti-i-volejbollistes-se-dinamos-ekspozon-paragjykimet-dhe-diskriminimin-ne-sport\/\" rel=\"nofollow noopener\" target=\"_blank\">Reporterin<\/a> mukaan liiton p\u00e4\u00e4t\u00f6st\u00e4 perusteettomana ja kohtuuttomana. H\u00e4n ihmettelee kilpailevien seurojen pyynn\u00f6n hyv\u00e4ksymist\u00e4 ja muistuttaa Ferreiran pelanneen 15 vuotta ammattilaisena paljon Albanian liigaa kovemmissa sarjoissa.<\/p>\n<p class=\"article-body mb-nof-24 px-nof-16\">Reutersille Koja kertoi tukevansa Ferreiraa yhdess\u00e4 pelaajien kanssa. H\u00e4n sanoi, ettei joukkue halua k\u00e4sitell\u00e4 brasilialaisvahvistuksesta liikkuvia juoruja.<\/p>\n","protected":false},"excerpt":{"rendered":"Lue tiivistelm\u00e4 Tiivistelm\u00e4 on teko\u00e4lyn tekem\u00e4 ja ihmisen tarkistama. LP-Vampulan entinen pelaaja Nayara Ferreira on saanut pelikieltoa Albaniassa&hellip;\n","protected":false},"author":2,"featured_media":86437,"comment_status":"","ping_status":"","sticky":false,"template":"","format":"standard","meta":{"footnotes":""},"categories":[158],"tags":[33,31,30,46,159,32,160],"class_list":{"0":"post-86436","1":"post","2":"type-post","3":"status-publish","4":"format-standard","5":"has-post-thumbnail","7":"category-urheilu","8":"tag-fi","9":"tag-finland","10":"tag-finnish","11":"tag-helsingin-sanomat","12":"tag-sports","13":"tag-suomi","14":"tag-urheilu"},"share_on_mastodon":{"url":"https:\/\/pubeurope.com\/@fi\/115526228406921814","error":""},"_links":{"self":[{"href":"https:\/\/www.europesays.com\/fi\/wp-json\/wp\/v2\/posts\/86436","targetHints":{"allow":["GET"]}}],"collection":[{"href":"https:\/\/www.europesays.com\/fi\/wp-json\/wp\/v2\/posts"}],"about":[{"href":"https:\/\/www.europesays.com\/fi\/wp-json\/wp\/v2\/types\/post"}],"author":[{"embeddable":true,"href":"https:\/\/www.europesays.com\/fi\/wp-json\/wp\/v2\/users\/2"}],"replies":[{"embeddable":true,"href":"https:\/\/www.europesays.com\/fi\/wp-json\/wp\/v2\/comments?post=86436"}],"version-history":[{"count":0,"href":"https:\/\/www.europesays.com\/fi\/wp-json\/wp\/v2\/posts\/86436\/revisions"}],"wp:featuredmedia":[{"embeddable":true,"href":"https:\/\/www.europesays.com\/fi\/wp-json\/wp\/v2\/media\/86437"}],"wp:attachment":[{"href":"https:\/\/www.europesays.com\/fi\/wp-json\/wp\/v2\/media?parent=86436"}],"wp:term":[{"taxonomy":"category","embeddable":true,"href":"https:\/\/www.europesays.com\/fi\/wp-json\/wp\/v2\/categories?post=86436"},{"taxonomy":"post_tag","embeddable":true,"href":"https:\/\/www.europesays.com\/fi\/wp-json\/wp\/v2\/tags?post=86436"}],"curies":[{"name":"wp","href":"https:\/\/api.w.org\/{rel}","templated":true}]}}