{"id":86438,"date":"2025-11-10T15:58:12","date_gmt":"2025-11-10T15:58:12","guid":{"rendered":"https:\/\/www.europesays.com\/fi\/86438\/"},"modified":"2025-11-10T15:58:12","modified_gmt":"2025-11-10T15:58:12","slug":"millie-bobby-brownin-ja-david-harbourin-kahnauksesta-lisatietoa-netflix-sai-valmiiksi-tutkimuksensa","status":"publish","type":"post","link":"https:\/\/www.europesays.com\/fi\/86438\/","title":{"rendered":"Millie Bobby Brownin ja David Harbourin kahnauksesta lis\u00e4tietoa: Netflix sai valmiiksi tutkimuksensa"},"content":{"rendered":"<p>Uutisoimme aiemmin, kuinka julkisuuteen oli vuotanut tieto monisivuisesta valituskirjelm\u00e4st\u00e4, jonka <strong>Millie Bobby Brown<\/strong> l\u00e4hetti Netflixille kollegastaan <strong>David Harbourista<\/strong>.<\/p>\n<p>Kyse ei ollut mist\u00e4\u00e4n seksuaalisesta, vaan Harbourin huonosta k\u00e4yt\u00f6ksest\u00e4 kuvauksissa. Netflix tutki asiaa useamman kuukauden ajan.<\/p>\n<p>Lue my\u00f6s: <a href=\"https:\/\/www.episodi.fi\/uutiset\/millie-bobby-brown-loysi-lapsensa-kummisedan-stranger-thingsin-nayttelijoista\/\" title=\"Millie Bobby Brown l\u00f6ysi lapsensa kummised\u00e4n Stranger Thingsin n\u00e4yttelij\u00f6ist\u00e4\" class=\"underline-custom !font-montserrat !font-bold !underline-offset-4 !decoration-4 !decoration-episodi-blue !text-md\" rel=\"nofollow noopener\" target=\"_blank\">Millie Bobby Brown l\u00f6ysi lapsensa kummised\u00e4n Stranger Thingsin n\u00e4yttelij\u00f6ist\u00e4<\/a><\/p>\n<p>Lue my\u00f6s: <a href=\"https:\/\/www.episodi.fi\/uutiset\/predator-badlands-on-sidottu-salaa-stranger-thingsiin\/\" title=\"Predator: Badlands on sidottu salaa Stranger Thingsiin\" class=\"underline-custom !font-montserrat !font-bold !underline-offset-4 !decoration-4 !decoration-episodi-blue !text-md\" rel=\"nofollow noopener\" target=\"_blank\">Predator: Badlands on sidottu salaa Stranger Thingsiin<\/a><\/p>\n<p>Uutisen mukaan Brown antoi virallisen valituksensa Netflixille ennen viidennen kauden kuvauksia, mutta nyt on k\u00e4ynyt ilmi, ett\u00e4 v\u00e4itetyt tapaukset eiv\u00e4t tapahtuneet nelj\u00e4nnell\u00e4 kaudella. Ilmeisesti v\u00e4lienselvittely tapahtui jo aiemmin.<\/p>\n<p>Netflix hoiti asian, eik\u00e4 ongelmia ole en\u00e4\u00e4 sen j\u00e4lkeen esiintynyt.<\/p>\n<p>Nyth\u00e4n Brown ja Harbour ovat taas kuin is\u00e4 ja tyt\u00e4r: halailevat punaisella matolla ja hehkuttavat toisiaan.<\/p>\n<p>Brown kutsui Harbouria \u201dtodella erityislaatuiseksi\u201d. Harbour taas oli onnellinen \u201dkoska sai seurata heid\u00e4n kasvamistaan kuvauksissa\u201d.<\/p>\n<p>Stranger Thingsin\u00a0viimeinen kausi k\u00e4ynnistyy pian. Ensimm\u00e4iset nelj\u00e4 jaksoa n\u00e4hd\u00e4\u00e4n 27. marraskuuta kello 3.00, seuraavat kolme osaa 26. joulukuuta kello 3.00 ja finaalijakso 1. tammikuuta kello 3.00.<\/p>\n<p>Alla Netflixin julkaisu tapahtumasta.<\/p>\n<p>Lue my\u00f6s: <a href=\"https:\/\/www.episodi.fi\/uutiskirje\/?uutiskirjemainos=tekstilinkkimainos\" title=\"Tilaa Episodin uutiskirje ja voit voittaa leffalippuja! Nappaa tv-vinkit suoraan s\u00e4hk\u00f6postiin t\u00e4st\u00e4.\" class=\"underline-custom !font-montserrat !font-bold !underline-offset-4 !decoration-4 !decoration-episodi-blue !text-md\" rel=\"nofollow noopener\" target=\"_blank\">Tilaa Episodin uutiskirje ja voit voittaa leffalippuja! Nappaa katseluvinkit suoraan s\u00e4hk\u00f6postiin t\u00e4st\u00e4.<\/a><\/p>\n","protected":false},"excerpt":{"rendered":"Uutisoimme aiemmin, kuinka julkisuuteen oli vuotanut tieto monisivuisesta valituskirjelm\u00e4st\u00e4, jonka Millie Bobby Brown l\u00e4hetti Netflixille kollegastaan David Harbourista.&hellip;\n","protected":false},"author":2,"featured_media":86439,"comment_status":"","ping_status":"","sticky":false,"template":"","format":"standard","meta":{"footnotes":""},"categories":[130],"tags":[6561,137,33,31,30,5598,217,13249,32,109],"class_list":{"0":"post-86438","1":"post","2":"type-post","3":"status-publish","4":"format-standard","5":"has-post-thumbnail","7":"category-viihde","8":"tag-david-harbour","9":"tag-entertainment","10":"tag-fi","11":"tag-finland","12":"tag-finnish","13":"tag-millie-bobby-brown","14":"tag-netflix","15":"tag-stranger-things","16":"tag-suomi","17":"tag-viihde"},"share_on_mastodon":{"url":"https:\/\/pubeurope.com\/@fi\/115526232024945397","error":""},"_links":{"self":[{"href":"https:\/\/www.europesays.com\/fi\/wp-json\/wp\/v2\/posts\/86438","targetHints":{"allow":["GET"]}}],"collection":[{"href":"https:\/\/www.europesays.com\/fi\/wp-json\/wp\/v2\/posts"}],"about":[{"href":"https:\/\/www.europesays.com\/fi\/wp-json\/wp\/v2\/types\/post"}],"author":[{"embeddable":true,"href":"https:\/\/www.europesays.com\/fi\/wp-json\/wp\/v2\/users\/2"}],"replies":[{"embeddable":true,"href":"https:\/\/www.europesays.com\/fi\/wp-json\/wp\/v2\/comments?post=86438"}],"version-history":[{"count":0,"href":"https:\/\/www.europesays.com\/fi\/wp-json\/wp\/v2\/posts\/86438\/revisions"}],"wp:featuredmedia":[{"embeddable":true,"href":"https:\/\/www.europesays.com\/fi\/wp-json\/wp\/v2\/media\/86439"}],"wp:attachment":[{"href":"https:\/\/www.europesays.com\/fi\/wp-json\/wp\/v2\/media?parent=86438"}],"wp:term":[{"taxonomy":"category","embeddable":true,"href":"https:\/\/www.europesays.com\/fi\/wp-json\/wp\/v2\/categories?post=86438"},{"taxonomy":"post_tag","embeddable":true,"href":"https:\/\/www.europesays.com\/fi\/wp-json\/wp\/v2\/tags?post=86438"}],"curies":[{"name":"wp","href":"https:\/\/api.w.org\/{rel}","templated":true}]}}