{"id":86448,"date":"2025-11-10T16:04:10","date_gmt":"2025-11-10T16:04:10","guid":{"rendered":"https:\/\/www.europesays.com\/fi\/86448\/"},"modified":"2025-11-10T16:04:10","modified_gmt":"2025-11-10T16:04:10","slug":"svt-norjan-ja-venajan-tahtihiihtajat-harjoitelleet-samassa-porukassa","status":"publish","type":"post","link":"https:\/\/www.europesays.com\/fi\/86448\/","title":{"rendered":"SVT: Norjan ja Ven\u00e4j\u00e4n t\u00e4htihiiht\u00e4j\u00e4t harjoitelleet samassa porukassa"},"content":{"rendered":"<p>Hiihto|SVT jalkautui Livignoon.<\/p>\n<p class=\"article-body mb-nof-24 px-nof-16\">Norjan ja Ven\u00e4j\u00e4n hiiht\u00e4jien tiet ovat ristenneet Italian Livignossa marraskuun alussa.<\/p>\n<p class=\"article-body mb-nof-24 px-nof-16\">Paikan p\u00e4\u00e4lt\u00e4 raportoiva Ruotsin yleisradioyhti\u00f6 SVT <a class=\"article-genericlink\" href=\"https:\/\/www.svt.se\/sport\/langdskidor\/veronika-stepanova-stottar-putin-tranar-med-norska-akare-i-sparet\" rel=\"nofollow noopener\" target=\"_blank\">kertoi<\/a> maanantaina h\u00e4tk\u00e4hdytt\u00e4v\u00e4st\u00e4 n\u00e4yst\u00e4.<\/p>\n<p class=\"article-body mb-nof-24 px-nof-16\">SVT:n mukaan kohuttu ven\u00e4l\u00e4ishiiht\u00e4j\u00e4 <a class=\"article-personlink\" href=\"https:\/\/www.hs.fi\/haku\/?query=Veronika%20Stepanova\" rel=\"nofollow noopener\" target=\"_blank\">Veronika Stepanova<\/a> on hiiht\u00e4nyt Pohjois-Italiassa Norjan mieshiiht\u00e4jien, muiden muassa <a class=\"article-personlink\" href=\"https:\/\/www.hs.fi\/haku\/?query=Johannes%20H%C3%B6sflot%20Kl%C3%A4bon\" rel=\"nofollow noopener\" target=\"_blank\">Johannes H\u00f6sflot Kl\u00e4bon <\/a>ja <a class=\"article-personlink\" href=\"https:\/\/www.hs.fi\/haku\/?query=Emil%20Iversenin\" rel=\"nofollow noopener\" target=\"_blank\">Emil Iversenin<\/a>, rinnalla.<\/p>\n<p class=\"article-body mb-nof-24 px-nof-16\">Samassa porukassa on harjoitellut toinenkin ven\u00e4l\u00e4inen, <a class=\"article-personlink\" href=\"https:\/\/www.hs.fi\/haku\/?query=Julija%20Stupak\" rel=\"nofollow noopener\" target=\"_blank\">Julija Stupak<\/a>.<\/p>\n<p class=\"article-body mb-nof-24 px-nof-16\"><a class=\"article-personlink\" href=\"https:\/\/www.hs.fi\/haku\/?query=Vladimir%20Putinin\" rel=\"nofollow noopener\" target=\"_blank\">Vladimir Putinin<\/a> hartaana tukijana tunnettu Stepanova kielt\u00e4ytyi SVT:n haastattelu\u00adpyynn\u00f6st\u00e4, mutta Stupak kommentoi v\u00e4lej\u00e4\u00e4n muunmaalaisiin hiiht\u00e4jiin lyhyesti.<\/p>\n<p class=\"article-body mb-nof-24 px-nof-16\">\u201dEn seuraa muita urheilijoita, se ei kiinnosta minua. En ole kovin asenteellinen, vaan keskityn itseeni ja omiin tuloksiini. Olisi varmaan v\u00e4\u00e4rin huonontaa suhteitani muihin hiiht\u00e4jiin, joiden kanssa kilpailen\u201d, olympiavoittaja Stupak sanoi SVT:lle.<\/p>\n<p class=\"article-body mb-nof-24 px-nof-16\">Fis ilmoitti lokakuussa, etteiv\u00e4t ven\u00e4l\u00e4iset ja valkoven\u00e4l\u00e4iset hiiht\u00e4j\u00e4t ole alkavallakaan kaudella tervetulleita kansainv\u00e4lisille kilpaladuille.<\/p>\n<p class=\"article-body mb-nof-24 px-nof-16\">Ven\u00e4l\u00e4isten kanssa Livignossa hiiht\u00e4nyt Iversen linjasi SVT:lle tukevansa Fisin p\u00e4\u00e4t\u00f6st\u00e4. H\u00e4n ymm\u00e4rt\u00e4\u00e4, ett\u00e4 kilpailuista sulkeminen tuntuu Ven\u00e4j\u00e4n hiiht\u00e4jist\u00e4 vaikealta, mutta sit\u00e4 ei voi Iversenin mielest\u00e4 verrata mill\u00e4\u00e4n lailla siihen, mit\u00e4 ukrainalaiset kokevat.<\/p>\n<p class=\"article-body mb-nof-24 px-nof-16\">\u201dHeill\u00e4 on riski tulla pommitetuksi ja tapetuiksi joka ilta.\u201d<\/p>\n<p class=\"article-body mb-nof-24 px-nof-16\">Ven\u00e4l\u00e4iset ja valkoven\u00e4l\u00e4iset urheilijat suljettiin Fisin alaisista kisoista kev\u00e4\u00e4ll\u00e4 2022, kun Ven\u00e4j\u00e4 oli aloittanut hy\u00f6kk\u00e4yssotansa Ukrainassa. Sota on edelleen t\u00e4ydess\u00e4 k\u00e4ynniss\u00e4.<\/p>\n<p><img decoding=\"async\" src=\"https:\/\/www.europesays.com\/fi\/wp-content\/uploads\/2025\/11\/1762778829_349_468.jpg\" alt=\"Emil Iversen lukeutuu Norjan mieshiihdon kermaan.\" class=\"_Img_1rerz_1\" style=\"aspect-ratio:1.5\" loading=\"eager\"\/><\/p>\n<p class=\"article-picture-caption\">Emil Iversen lukeutuu Norjan mieshiihdon kermaan. Kuva:\u00a0Vesa Moilanen \/ Lehtikuva<\/p>\n<p class=\"article-body mb-nof-24 px-nof-16\">Pekingin olympialaisista Stupakin kanssa viestikultaa voittanut Stepanova, 24, on aiemmin kertonut suorasukaisen kantansa ven\u00e4l\u00e4isten sulkemiseen kansainv\u00e4lisist\u00e4 kisoista.<\/p>\n<p class=\"article-body mb-nof-24 px-nof-16\">\u201dVladimir Putin on presidenttini ja maani on aina oikeassa. Jos t\u00e4m\u00e4 on syy siihen, miksi jotkut h\u00e4m\u00e4r\u00e4per\u00e4iset, anonyymit ihmiset eiv\u00e4t anna minun kilpailla kansainv\u00e4lisesti, se on hinta, jonka olen valmis maksamaan, Stepanova pauhasi lokakuussa <a class=\"article-genericlink\" href=\"https:\/\/www.expressen.se\/sport\/langdskidor\/ryska-skidakare-stoppas-fran-os\/\" rel=\"nofollow noopener\" target=\"_blank\">Expressenin<\/a> mukaan.\u201d<\/p>\n<p class=\"article-body mb-nof-24 px-nof-16\">Stepanovan mukaan ven\u00e4l\u00e4isten ja valkoven\u00e4l\u00e4isten urheilijoiden sulkeminen ulos olympialaisista on politiikkaa, ja ett\u00e4 samalla logiikalla muitakin maita tulisi sulkea ulos.<\/p>\n<p class=\"article-body mb-nof-24 px-nof-16\">Ven\u00e4j\u00e4n hiihtoliitto on j\u00e4tt\u00e4nyt valituksen Fisin p\u00e4\u00e4t\u00f6ksest\u00e4 Urheilun kansainv\u00e4liseen vetoomustuomioistuimeen CAS:iin.<\/p>\n<p class=\"article-body mb-nof-24 px-nof-16\">Maailmancupin kausi alkaa marraskuun viimeisen\u00e4 viikonloppuna Kuusamossa.<\/p>\n","protected":false},"excerpt":{"rendered":"Hiihto|SVT jalkautui Livignoon. Norjan ja Ven\u00e4j\u00e4n hiiht\u00e4jien tiet ovat ristenneet Italian Livignossa marraskuun alussa. Paikan p\u00e4\u00e4lt\u00e4 raportoiva Ruotsin&hellip;\n","protected":false},"author":2,"featured_media":86449,"comment_status":"","ping_status":"","sticky":false,"template":"","format":"standard","meta":{"footnotes":""},"categories":[5],"tags":[22,23,26,27,33,31,30,17,46,24,25,28,29,15,18,21,32,19,20,16],"class_list":{"0":"post-86448","1":"post","2":"type-post","3":"status-publish","4":"format-standard","5":"has-post-thumbnail","7":"category-otsikot","8":"tag-breaking-news","9":"tag-breakingnews","10":"tag-featured-news","11":"tag-featurednews","12":"tag-fi","13":"tag-finland","14":"tag-finnish","15":"tag-headlines","16":"tag-helsingin-sanomat","17":"tag-latest-news","18":"tag-latestnews","19":"tag-main-news","20":"tag-mainnews","21":"tag-news","22":"tag-otsikot","23":"tag-paauutiset","24":"tag-suomi","25":"tag-top-stories","26":"tag-topstories","27":"tag-uutiset"},"share_on_mastodon":{"url":"https:\/\/pubeurope.com\/@fi\/115526255534914092","error":""},"_links":{"self":[{"href":"https:\/\/www.europesays.com\/fi\/wp-json\/wp\/v2\/posts\/86448","targetHints":{"allow":["GET"]}}],"collection":[{"href":"https:\/\/www.europesays.com\/fi\/wp-json\/wp\/v2\/posts"}],"about":[{"href":"https:\/\/www.europesays.com\/fi\/wp-json\/wp\/v2\/types\/post"}],"author":[{"embeddable":true,"href":"https:\/\/www.europesays.com\/fi\/wp-json\/wp\/v2\/users\/2"}],"replies":[{"embeddable":true,"href":"https:\/\/www.europesays.com\/fi\/wp-json\/wp\/v2\/comments?post=86448"}],"version-history":[{"count":0,"href":"https:\/\/www.europesays.com\/fi\/wp-json\/wp\/v2\/posts\/86448\/revisions"}],"wp:featuredmedia":[{"embeddable":true,"href":"https:\/\/www.europesays.com\/fi\/wp-json\/wp\/v2\/media\/86449"}],"wp:attachment":[{"href":"https:\/\/www.europesays.com\/fi\/wp-json\/wp\/v2\/media?parent=86448"}],"wp:term":[{"taxonomy":"category","embeddable":true,"href":"https:\/\/www.europesays.com\/fi\/wp-json\/wp\/v2\/categories?post=86448"},{"taxonomy":"post_tag","embeddable":true,"href":"https:\/\/www.europesays.com\/fi\/wp-json\/wp\/v2\/tags?post=86448"}],"curies":[{"name":"wp","href":"https:\/\/api.w.org\/{rel}","templated":true}]}}