{"id":86450,"date":"2025-11-10T16:16:09","date_gmt":"2025-11-10T16:16:09","guid":{"rendered":"https:\/\/www.europesays.com\/fi\/86450\/"},"modified":"2025-11-10T16:16:09","modified_gmt":"2025-11-10T16:16:09","slug":"jessica-alba-erosi-helmikuussa-kainalossa-nuori-komistus","status":"publish","type":"post","link":"https:\/\/www.europesays.com\/fi\/86450\/","title":{"rendered":"Jessica Alba erosi helmikuussa \u2013 kainalossa nuori komistus"},"content":{"rendered":"<p>            All Over Press\n        <\/p>\n<p class=\"subtitle \">Jessicalla ja Danny Ramirezilla on 11 vuotta ik\u00e4eroa.<\/p>\n<p class=\"article-content article-content-width !bg-background\">Hollywood-t\u00e4hti , 44, erosi helmikuussa aviomiehest\u00e4\u00e4n, elokuvatuottaja .\u00a0<\/p>\n<p class=\"font-weight-bold m-font-weight-bold article-content article-content-width !bg-background\">Katso video: Hollywood-parien ik\u00e4erot<\/p>\n<p class=\"article-content article-content-width !bg-background\">Jessica ja Cash olivat yhdess\u00e4 20 vuotta, joista naimisissa 16. Heill\u00e4 on kolme yhteist\u00e4 lasta.<\/p>\n<p class=\"article-content article-content-width !bg-background\">Jessica ei kauaksi aikaa j\u00e4\u00e4nyt nautiskelemaan sinkkuel\u00e4m\u00e4st\u00e4. Jo hein\u00e4kuussa ilmoille nousi huhuja siit\u00e4, ett\u00e4 h\u00e4n olisi l\u00f6yt\u00e4nyt uuden onnen The Last of Us -sarjassa ja tuoreimmassa Captain America -elokuvassa ihastuttaneesta , 33.\u00a0<\/p>\n<p>        <a itemprop=\"url\" href=\"https:\/\/www.seiska.fi\/ulkomaat\/talta-nayttaa-jessica-alban-17-vuotias-tytar-kuin-kaksi-marjaa\/1853443\" rel=\"nofollow noopener\" target=\"_blank\"><\/p>\n<p>\nT\u00e4lt\u00e4 n\u00e4ytt\u00e4\u00e4 Jessica Alban tyt\u00e4r\n<\/p>\n<p class=\"section-date\">\n        <strong class=\"article-section\" data-section=\"ulkomaat\"><br \/>\n            ulkomaat<br \/>\n        <\/strong><br \/>\n        5.7. 19:00\n    <\/p>\n<p>T\u00e4lt\u00e4 n\u00e4ytt\u00e4\u00e4 Jessica Alban 17-vuotias tyt\u00e4r \u2013 kuin kaksi marjaa\n    <\/p>\n<p itemprop=\"description\" class=\"subtitle \">\n    Jessica Alballa on kolme lasta entisen puolisonsa kanssa.\n<\/p>\n<p>        <\/a><\/p>\n<p class=\"article-content article-content-width !bg-background\">Romanssihuhut pitiv\u00e4t toden totta paikkansa, sill\u00e4 nyt pariskunta on tehnyt suhteestaan somevirallisen.\u00a0<\/p>\n<p>S\u00f6p\u00f6t yhteiskuvat julki<\/p>\n<p class=\"article-content article-content-width !bg-background\">Pariskunta osallistui lauantaina (8.11.) vuoden 2025 Baby2Baby-gaalaan. Danny jakoi seuraavana p\u00e4iv\u00e4n\u00e4 Instagram-sivullaan useita kuvia tapahtumasta.<\/p>\n<p class=\"article-content article-content-width !bg-background\">Julkaisun uumenista l\u00f6ytyy kaksi selfiet\u00e4, joissa kyyhkyl\u00e4iset poseeraavat onnellisen n\u00e4k\u00f6isin\u00e4. Toisessa kuvista Jessica pit\u00e4\u00e4 hell\u00e4sti k\u00e4tt\u00e4\u00e4n Dannyn olkap\u00e4ill\u00e4, toisessa he nauravat yhdess\u00e4.<\/p>\n<p class=\"article-content article-content-width !bg-background\">Jessica on kommentoinut julkaisua syd\u00e4nsilm\u00e4emojilla ja emojilla, jossa k\u00e4det muodostavat syd\u00e4men.<\/p>\n<p class=\"article-content article-content-width !bg-background\">H\u00e4n itse jakoi my\u00f6hemmin Instagram-tarinoissaan muutaman kuvan, joissa h\u00e4n ja Danny vaikuttivat hyv\u00e4ntuulisilta seistess\u00e4\u00e4n yst\u00e4vien kanssa hyv\u00e4ntekev\u00e4isyysgaalassa.<\/p>\n<p>        <a itemprop=\"url\" href=\"https:\/\/www.seiska.fi\/katso\/marvel-komistus-villiintyy-haastattelussa-olen-kohta-fbin-tarkkailulistalla\/1606733\" rel=\"nofollow noopener\" target=\"_blank\"><\/p>\n<p>\nMarvel-komistus Katsolle:\n<\/p>\n<p class=\"section-date\">\n        <strong class=\"article-section\" data-section=\"katso\"><br \/>\n            katso<br \/>\n        <\/strong><br \/>\n        12.2. 13:15\n    <\/p>\n<p>Marvel-komistus villiintyy haastattelussa: &#8221;Olen kohta FBI:n tarkkailulistalla&#8221;\n    <\/p>\n<p itemprop=\"description\" class=\"subtitle \">\n    Danny Ramirez n\u00e4hd\u00e4\u00e4n uudessa Captain America -elokuvassa Falconina.\n<\/p>\n<p>        <\/a><\/p>\n<p>Eiv\u00e4t peittele rakkauttaan<\/p>\n<p class=\"article-content article-content-width !bg-background\">L\u00e4hde kertoi aiemmin\u00a0<a href=\"https:\/\/people.com\/jessica-alba-danny-ramirez-hold-hands-nyc-date-night-photos-11811197\" target=\"_blank\" rel=\"nofollow noopener\">People-lehdelle<\/a>, ett\u00e4 Jessican ja Dannyn suhde on rento.\u00a0<\/p>\n<p class=\"article-content article-content-width !bg-background\"> \u2013 Jessica on tunnustellut tilannetta Dannyn kanssa. Heid\u00e4n v\u00e4lill\u00e4\u00e4n on yhteys.<\/p>\n<p>        <a itemprop=\"url\" href=\"https:\/\/www.seiska.fi\/ulkomaat\/muistatko-2000-luvun-alun-supertahden-jessica-alban-talta-han-nayttaa-nyt\/1109843\" rel=\"nofollow noopener\" target=\"_blank\"><\/p>\n<p class=\"section-date\">\n        <strong class=\"article-section\" data-section=\"ulkomaat\"><br \/>\n            ulkomaat<br \/>\n        <\/strong><br \/>\n        11.8.2023 20:00\n    <\/p>\n<p>Muistatko 2000-luvun alun supert\u00e4hden Jessica Alban? T\u00e4lt\u00e4 h\u00e4n n\u00e4ytt\u00e4\u00e4 nyt\n    <\/p>\n<p itemprop=\"description\" class=\"subtitle \">\n    Jessica vet\u00e4ytyi isoista Hollywood-rooleista ja alkoi tahkoamaan miljoonia yrityksell\u00e4\u00e4n. H\u00e4n on nyky\u00e4\u00e4n 42-vuotias.\n<\/p>\n<p>        <\/a><\/p>\n<p class=\"article-content article-content-width !bg-background\">Pariskunta ei ole varsinaisesti peitellyt suhdettaan, vaikkeiv\u00e4t he ennen t\u00e4t\u00e4 olleetkaan tuoneet asiaa itse julki.<\/p>\n<p class=\"article-content article-content-width !bg-background\">Jo kes\u00e4ll\u00e4 kaksikko ikuistettiin Los Angelesissa pusuttelemassa toisiaan.\u00a0<\/p>\n<p class=\"article-content article-content-width !bg-background\"> \u2013 Jessica nauttii Dannyn kanssa deittailusta. H\u00e4n on melko anteeksipyytelem\u00e4t\u00f6n el\u00e4m\u00e4ss\u00e4\u00e4n yleisesti, ja haluaa vain nauttia niin paljon kuin mahdollista, l\u00e4hde sanoi.<\/p>\n<p>                <img decoding=\"async\" src=\"https:\/\/www.europesays.com\/fi\/wp-content\/uploads\/2025\/11\/1989159.webp\" width=\"576\" height=\"720\" alt=\"S\u00f6p\u00f6liinit! Danny ja Jessica ikuistettiin k\u00e4sikk\u00e4in syyskuisen treffi-illan j\u00e4lkeen.\" loading=\"lazy\" \/>            <\/p>\n<p>\n            S\u00f6p\u00f6liinit! Danny ja Jessica ikuistettiin k\u00e4sikk\u00e4in syyskuisen treffi-illan j\u00e4lkeen.<br \/>\n            All Over Press\n        <\/p>\n","protected":false},"excerpt":{"rendered":"All Over Press Jessicalla ja Danny Ramirezilla on 11 vuotta ik\u00e4eroa. Hollywood-t\u00e4hti , 44, erosi helmikuussa aviomiehest\u00e4\u00e4n, elokuvatuottaja&hellip;\n","protected":false},"author":2,"featured_media":86451,"comment_status":"","ping_status":"","sticky":false,"template":"","format":"standard","meta":{"footnotes":""},"categories":[136],"tags":[2759,407,17602,137,1664,33,31,30,4169,9234,408,1496,1311,2079,651,32,109],"class_list":{"0":"post-86450","1":"post","2":"type-post","3":"status-publish","4":"format-standard","5":"has-post-thumbnail","7":"category-julkkikset","8":"tag-avioero","9":"tag-celebrities","10":"tag-danny-ramirez","11":"tag-entertainment","12":"tag-ero","13":"tag-fi","14":"tag-finland","15":"tag-finnish","16":"tag-hollywood","17":"tag-jessica-alba","18":"tag-julkkikset","19":"tag-parisuhde","20":"tag-rakkaus","21":"tag-romanssi","22":"tag-suhteet","23":"tag-suomi","24":"tag-viihde"},"share_on_mastodon":{"url":"https:\/\/pubeurope.com\/@fi\/115526302835525878","error":""},"_links":{"self":[{"href":"https:\/\/www.europesays.com\/fi\/wp-json\/wp\/v2\/posts\/86450","targetHints":{"allow":["GET"]}}],"collection":[{"href":"https:\/\/www.europesays.com\/fi\/wp-json\/wp\/v2\/posts"}],"about":[{"href":"https:\/\/www.europesays.com\/fi\/wp-json\/wp\/v2\/types\/post"}],"author":[{"embeddable":true,"href":"https:\/\/www.europesays.com\/fi\/wp-json\/wp\/v2\/users\/2"}],"replies":[{"embeddable":true,"href":"https:\/\/www.europesays.com\/fi\/wp-json\/wp\/v2\/comments?post=86450"}],"version-history":[{"count":0,"href":"https:\/\/www.europesays.com\/fi\/wp-json\/wp\/v2\/posts\/86450\/revisions"}],"wp:featuredmedia":[{"embeddable":true,"href":"https:\/\/www.europesays.com\/fi\/wp-json\/wp\/v2\/media\/86451"}],"wp:attachment":[{"href":"https:\/\/www.europesays.com\/fi\/wp-json\/wp\/v2\/media?parent=86450"}],"wp:term":[{"taxonomy":"category","embeddable":true,"href":"https:\/\/www.europesays.com\/fi\/wp-json\/wp\/v2\/categories?post=86450"},{"taxonomy":"post_tag","embeddable":true,"href":"https:\/\/www.europesays.com\/fi\/wp-json\/wp\/v2\/tags?post=86450"}],"curies":[{"name":"wp","href":"https:\/\/api.w.org\/{rel}","templated":true}]}}