{"id":86461,"date":"2025-11-10T16:29:11","date_gmt":"2025-11-10T16:29:11","guid":{"rendered":"https:\/\/www.europesays.com\/fi\/86461\/"},"modified":"2025-11-10T16:29:11","modified_gmt":"2025-11-10T16:29:11","slug":"hitsauskaasupulloja-sisaltava-ulkovarasto-paloi-mikkelissa-aiheutti-rajahdysvaaran-etela-savo","status":"publish","type":"post","link":"https:\/\/www.europesays.com\/fi\/86461\/","title":{"rendered":"Hitsauskaasupulloja sis\u00e4lt\u00e4v\u00e4 ulkovarasto paloi Mikkeliss\u00e4 \u2013 aiheutti r\u00e4j\u00e4hdysvaaran | Etel\u00e4-Savo"},"content":{"rendered":"<p class=\"aw-1gybjub aw-5vja16 kEtdKx kmuxyA yle__article__paragraph\">Mikkelin Pet\u00e4j\u00e4niemess\u00e4 palavassa ulkorakennuksessa oli sis\u00e4ll\u00e4 asetyleenipulloja. Pelastuslaitos eristi alueen muutaman tunni ajaksi.<\/p>\n<p><img decoding=\"async\" alt=\"Kaksi pelastuslaitoksen ty\u00f6ntekij\u00e4\u00e4 ja paloauto.\" src=\"https:\/\/www.europesays.com\/fi\/wp-content\/uploads\/2025\/11\/39-15514476911f27a3de49.jpeg\" class=\"aw-1l9m598 hKVVvP\"\/><\/p>\n<p>Avaa kuvien katselu<\/p>\n<p>Iltap\u00e4iv\u00e4ll\u00e4 kello nelj\u00e4n aikoihin paloa oli vahtimassa en\u00e4\u00e4 muutama pelastuslaitoksen yksikk\u00f6. Kuva: Marja Roiha \/ Yle<\/p>\n<p>12:04\u2022P\u00e4ivitetty 18:01<\/p>\n<p class=\"aw-1gybjub aw-1p7kakr kEtdKx cEmitX yle__article__paragraph\">Mikkelin Pet\u00e4j\u00e4niemess\u00e4 varastona olevassa ulkorakennuksessa syttyi maanantaina aamup\u00e4iv\u00e4ll\u00e4 tulipalo, jossa on r\u00e4j\u00e4hdysvaara. Pet\u00e4j\u00e4m\u00e4entie oli suljettuna liikenteelt\u00e4 usean tunnin ajan.<\/p>\n<p class=\"aw-1gybjub aw-1p7kakr kEtdKx cEmitX yle__article__paragraph\">Noin 50 neli\u00f6n suuruisessa ulkorakennuksessa on sis\u00e4ll\u00e4 <a class=\"aw-iao6s4 iHOxEa yle__article__link\" href=\"https:\/\/yle.fi\/a\/74-20191893\" role=\"link\" rel=\"nofollow noopener\" target=\"_blank\">hitsauksessa k\u00e4ytett\u00e4v\u00e4\u00e4 asetyleenia<\/a>. Rakennuksessa on my\u00f6s happipulloja.<\/p>\n<p class=\"aw-1gybjub aw-1p7kakr kEtdKx cEmitX yle__article__paragraph\">Samoja kaasuja oli <a class=\"aw-iao6s4 iHOxEa yle__article__link\" href=\"https:\/\/yle.fi\/a\/74-20191864\" role=\"link\" rel=\"nofollow noopener\" target=\"_blank\">Joroisissa kuun alussa r\u00e4j\u00e4ht\u00e4neessa pakettiautossa<\/a>.<\/p>\n<p class=\"aw-1gybjub aw-1p7kakr kEtdKx cEmitX yle__article__paragraph\">Pelastuslaitos purki Pet\u00e4j\u00e4m\u00e4entiell\u00e4 alueen eristyksen hieman ennen kello kuutta illalla ja asukkaat saivat palata takaisin koteihinsa.<\/p>\n<p class=\"aw-1gybjub aw-1p7kakr kEtdKx cEmitX yle__article__paragraph\">Vaaraa aiheuttanut asetyleenipullo tyhjeni tulipalon aikana ja asetyleeni paloi hallitusti pois. Pelastuslaitos varmistui tilanteesta mittaamalla pullon pintal\u00e4mp\u00f6tilan l\u00e4mp\u00f6kameralla. Viimeiset pelastuslaitoksen yksik\u00f6t poistuvat kohteesta kello seitsem\u00e4\u00e4n menness\u00e4.<\/p>\n<p class=\"aw-1gybjub aw-1p7kakr kEtdKx cEmitX yle__article__paragraph\">Syttymissyyst\u00e4 ei edelleenk\u00e4\u00e4n tietoa.<\/p>\n<p class=\"aw-1gybjub aw-1p7kakr kEtdKx cEmitX yle__article__paragraph\">Etel\u00e4-Savon pelastuslaitos tyhjensi hieman ennen kello kahta kymmenkunta taloa tulipalon l\u00e4helt\u00e4 400\u2013500 metrin et\u00e4isyydelt\u00e4. Pari-kolme henkil\u00f6\u00e4 halusi j\u00e4\u00e4d\u00e4 koteihinsa.<\/p>\n<p class=\"aw-1gybjub aw-1p7kakr kEtdKx cEmitX yle__article__paragraph\">\u2013 Heille on kerrottu riskit ja heit\u00e4 kehotettu pysym\u00e4\u00e4n sis\u00e4ll\u00e4 pois ikkunoiden edustoilta, pelastuslaitokselta kerrottiin.<\/p>\n<p><img decoding=\"async\" alt=\"Kartta n\u00e4ytt\u00e4\u00e4 pet\u00e4j\u00e4niementien sijainnin Mikkeliss\u00e4\" src=\"https:\/\/www.europesays.com\/fi\/wp-content\/uploads\/2025\/11\/39-15513176911dc812c0c1.jpeg\" loading=\"lazy\" class=\"aw-1l9m598 hKVVvP\"\/><\/p>\n<p>Avaa kuvien katselu<\/p>\n<p>Pet\u00e4j\u00e4niemi sijaitsee noin 30 kilometrin p\u00e4\u00e4ss\u00e4 Mikkelist\u00e4. Kuva: Niko Mannonen \/ Yle, Mapcreator, Openstreetmap<\/p>\n<p class=\"aw-1gybjub aw-1p7kakr kEtdKx cEmitX yle__article__paragraph\">Pelastuslaitoksen mukaan tulipalon r\u00e4j\u00e4hdysvaaraa ei ollut palon aikan kovin suuri, mutta pelastuslaitos varautui noin vuorokauden mittaiseen j\u00e4\u00e4hdytykseen ja alueen valvontaan.<\/p>\n<p class=\"aw-1gybjub aw-1p7kakr kEtdKx cEmitX yle__article__paragraph\">Pelastuslaitoksen mukaan ulkorakennuksessa olevaa tulipaloa sammutetaan niin sanottujen sammutussauvojen avulla. Sammutussauvoista suihkutetaan vett\u00e4 sis\u00e4lle varastorakennukseen.<\/p>\n<p class=\"aw-1gybjub aw-1p7kakr kEtdKx cEmitX yle__article__paragraph\">Tulipalon syttymissyyst\u00e4 ei ole tietoa.<\/p>\n<p class=\"aw-1gybjub aw-1p7kakr kEtdKx cEmitX yle__article__paragraph\">Onko sinulla kuvaa paikalta? Voit l\u00e4hett\u00e4\u00e4 meille tietoa tai kuvia tapauksesta alla olevalla lomakkeella.<\/p>\n<p class=\"aw-1gybjub aw-1p7kakr kEtdKx cEmitX yle__article__paragraph\">Jos kuvaat onnettomuus- tai rikospaikalla, toimi vaarantamatta kenenk\u00e4\u00e4n turvallisuutta. \u00c4l\u00e4 est\u00e4 tai h\u00e4iritse pelastusviranomaisten ty\u00f6t\u00e4. Onnettomuuspaikalla h\u00e4lyt\u00e4 ensin apua ja auta.<\/p>\n<p class=\"aw-1gybjub aw-1p7kakr kEtdKx cEmitX yle__article__paragraph\">Muokattu 10.11.2025 kello 13.43 Etel\u00e4-Savon pelastuslaitoksen tiedotteen pohjalta koko artikkelia. My\u00f6s otsikkoon lis\u00e4tty, ett\u00e4 Pet\u00e4j\u00e4m\u00e4entie on suljettu liikenteelt\u00e4.<\/p>\n<p class=\"aw-1gybjub aw-1p7kakr kEtdKx cEmitX yle__article__paragraph\">Muokattu 10.11.2025 klo 14:43 lis\u00e4tty tietoa alueen evakuoinnista.<\/p>\n<p class=\"aw-1gybjub aw-1p7kakr kEtdKx cEmitX yle__article__paragraph\">Muokattu 10.11.2025 klo 18:00 p\u00e4ivitetty artikkeli kokonaan tiedolla, ett\u00e4 eristys purettu ja vaara ohi.<\/p>\n","protected":false},"excerpt":{"rendered":"Mikkelin Pet\u00e4j\u00e4niemess\u00e4 palavassa ulkorakennuksessa oli sis\u00e4ll\u00e4 asetyleenipulloja. Pelastuslaitos eristi alueen muutaman tunni ajaksi. Avaa kuvien katselu Iltap\u00e4iv\u00e4ll\u00e4 kello&hellip;\n","protected":false},"author":2,"featured_media":86462,"comment_status":"","ping_status":"","sticky":false,"template":"","format":"standard","meta":{"footnotes":""},"categories":[12],"tags":[22,23,184,26,27,33,31,30,17,71,24,25,28,29,685,15,837,18,21,1472,32,19,20,1265,17603,16,14455],"class_list":{"0":"post-86461","1":"post","2":"type-post","3":"status-publish","4":"format-standard","5":"has-post-thumbnail","7":"category-suomi","8":"tag-breaking-news","9":"tag-breakingnews","10":"tag-etela-savo","11":"tag-featured-news","12":"tag-featurednews","13":"tag-fi","14":"tag-finland","15":"tag-finnish","16":"tag-headlines","17":"tag-kotimaa","18":"tag-latest-news","19":"tag-latestnews","20":"tag-main-news","21":"tag-mainnews","22":"tag-mikkeli","23":"tag-news","24":"tag-onnettomuudet","25":"tag-otsikot","26":"tag-paauutiset","27":"tag-rajahdykset","28":"tag-suomi","29":"tag-top-stories","30":"tag-topstories","31":"tag-tulipalot","32":"tag-ulkorakennukset","33":"tag-uutiset","34":"tag-varastotilat"},"share_on_mastodon":{"url":"https:\/\/pubeurope.com\/@fi\/115526354027208696","error":""},"_links":{"self":[{"href":"https:\/\/www.europesays.com\/fi\/wp-json\/wp\/v2\/posts\/86461","targetHints":{"allow":["GET"]}}],"collection":[{"href":"https:\/\/www.europesays.com\/fi\/wp-json\/wp\/v2\/posts"}],"about":[{"href":"https:\/\/www.europesays.com\/fi\/wp-json\/wp\/v2\/types\/post"}],"author":[{"embeddable":true,"href":"https:\/\/www.europesays.com\/fi\/wp-json\/wp\/v2\/users\/2"}],"replies":[{"embeddable":true,"href":"https:\/\/www.europesays.com\/fi\/wp-json\/wp\/v2\/comments?post=86461"}],"version-history":[{"count":0,"href":"https:\/\/www.europesays.com\/fi\/wp-json\/wp\/v2\/posts\/86461\/revisions"}],"wp:featuredmedia":[{"embeddable":true,"href":"https:\/\/www.europesays.com\/fi\/wp-json\/wp\/v2\/media\/86462"}],"wp:attachment":[{"href":"https:\/\/www.europesays.com\/fi\/wp-json\/wp\/v2\/media?parent=86461"}],"wp:term":[{"taxonomy":"category","embeddable":true,"href":"https:\/\/www.europesays.com\/fi\/wp-json\/wp\/v2\/categories?post=86461"},{"taxonomy":"post_tag","embeddable":true,"href":"https:\/\/www.europesays.com\/fi\/wp-json\/wp\/v2\/tags?post=86461"}],"curies":[{"name":"wp","href":"https:\/\/api.w.org\/{rel}","templated":true}]}}