{"id":86482,"date":"2025-11-10T17:11:09","date_gmt":"2025-11-10T17:11:09","guid":{"rendered":"https:\/\/www.europesays.com\/fi\/86482\/"},"modified":"2025-11-10T17:11:09","modified_gmt":"2025-11-10T17:11:09","slug":"haarija-ilmestyi-huomenta-suomen-suoraan-lahetykseen","status":"publish","type":"post","link":"https:\/\/www.europesays.com\/fi\/86482\/","title":{"rendered":"H\u00e4\u00e4rij\u00e4 ilmestyi Huomenta Suomen suoraan l\u00e4hetykseen"},"content":{"rendered":"<p><strong class=\"typography-bold\">K\u00e4\u00e4rij\u00e4 vieraili Huomenta Suomessa 10. marraskuuta. Yht\u00e4kki\u00e4 kesken l\u00e4hetyksen sohville ilmestyi my\u00f6s H\u00e4\u00e4rij\u00e4.<\/strong><\/p>\n<p><a class=\"underline\" data-testid=\"internal-link\" role=\"link\" data-sentry-element=\"Link\" data-sentry-component=\"InternalLink\" data-sentry-source-file=\"InternalLink.tsx\" href=\"https:\/\/www.mtvuutiset.fi\/aihe\/kaarija\/8616020\" rel=\"nofollow noopener\" target=\"_blank\"><strong class=\"typography-bold\">K\u00e4\u00e4rij\u00e4<\/strong><\/a> saapui Huomenta Suomen sohville maanantaina 10. marraskuuta kertomaan muun muassa ensi kev\u00e4\u00e4n j\u00e4ttikeikastaan. H\u00e4n esiintyy Helsingin Veikkaus Areenalla 23. toukokuuta 2026.\u00a0<\/p>\n<p>Yht\u00e4kki\u00e4 kesken haastattelun K\u00e4\u00e4rij\u00e4n taustalle ilmestyi H\u00e4\u00e4rij\u00e4.\u00a0<\/p>\n<p>\u2013 Kukas kaveri t\u00e4m\u00e4 on? juontaja <strong class=\"typography-bold\">Shahin Doagu<\/strong> ihmettelee.\u00a0<\/p>\n<p>\u2013 Se on t\u00e4llainen vankilasta karannut H\u00e4\u00e4rij\u00e4.<\/p>\n<p>Lue lis\u00e4\u00e4: <a class=\"underline\" data-testid=\"internal-link\" role=\"link\" data-sentry-element=\"Link\" data-sentry-component=\"InternalLink\" data-sentry-source-file=\"InternalLink.tsx\" href=\"https:\/\/www.mtvuutiset.fi\/artikkeli\/kaarija-kertoo-avoimesti-painonnousustaan-tasta-syysta-kerrytti-20-kiloa-viisujen-jalkeen\/9253518\" rel=\"nofollow noopener\" target=\"_blank\">K\u00e4\u00e4rij\u00e4 kertoo avoimesti painonnousustaan \u2013 t\u00e4st\u00e4 syyst\u00e4 kerrytti 20 kiloa viisujen j\u00e4lkeen<\/a><\/p>\n<p>\u2013\u00a0Kuinka l\u00e4heisi\u00e4 te olette?\u00a0<\/p>\n<p>\u2013\u00a0Valitettavasti aika l\u00e4heisi\u00e4, mutta yrit\u00e4mme v\u00e4lill\u00e4 my\u00f6s ottaa v\u00e4h\u00e4n et\u00e4isyytt\u00e4, K\u00e4\u00e4rij\u00e4 vastaa.\u00a0<\/p>\n","protected":false},"excerpt":{"rendered":"K\u00e4\u00e4rij\u00e4 vieraili Huomenta Suomessa 10. marraskuuta. Yht\u00e4kki\u00e4 kesken l\u00e4hetyksen sohville ilmestyi my\u00f6s H\u00e4\u00e4rij\u00e4. K\u00e4\u00e4rij\u00e4 saapui Huomenta Suomen sohville&hellip;\n","protected":false},"author":2,"featured_media":86483,"comment_status":"","ping_status":"","sticky":false,"template":"","format":"standard","meta":{"footnotes":""},"categories":[133],"tags":[137,33,31,30,32,206,156,109],"class_list":{"0":"post-86482","1":"post","2":"type-post","3":"status-publish","4":"format-standard","5":"has-post-thumbnail","7":"category-televisiot","8":"tag-entertainment","9":"tag-fi","10":"tag-finland","11":"tag-finnish","12":"tag-suomi","13":"tag-televisiot","14":"tag-tv","15":"tag-viihde"},"share_on_mastodon":{"url":"https:\/\/pubeurope.com\/@fi\/115526519100414261","error":""},"_links":{"self":[{"href":"https:\/\/www.europesays.com\/fi\/wp-json\/wp\/v2\/posts\/86482","targetHints":{"allow":["GET"]}}],"collection":[{"href":"https:\/\/www.europesays.com\/fi\/wp-json\/wp\/v2\/posts"}],"about":[{"href":"https:\/\/www.europesays.com\/fi\/wp-json\/wp\/v2\/types\/post"}],"author":[{"embeddable":true,"href":"https:\/\/www.europesays.com\/fi\/wp-json\/wp\/v2\/users\/2"}],"replies":[{"embeddable":true,"href":"https:\/\/www.europesays.com\/fi\/wp-json\/wp\/v2\/comments?post=86482"}],"version-history":[{"count":0,"href":"https:\/\/www.europesays.com\/fi\/wp-json\/wp\/v2\/posts\/86482\/revisions"}],"wp:featuredmedia":[{"embeddable":true,"href":"https:\/\/www.europesays.com\/fi\/wp-json\/wp\/v2\/media\/86483"}],"wp:attachment":[{"href":"https:\/\/www.europesays.com\/fi\/wp-json\/wp\/v2\/media?parent=86482"}],"wp:term":[{"taxonomy":"category","embeddable":true,"href":"https:\/\/www.europesays.com\/fi\/wp-json\/wp\/v2\/categories?post=86482"},{"taxonomy":"post_tag","embeddable":true,"href":"https:\/\/www.europesays.com\/fi\/wp-json\/wp\/v2\/tags?post=86482"}],"curies":[{"name":"wp","href":"https:\/\/api.w.org\/{rel}","templated":true}]}}