{"id":86484,"date":"2025-11-10T17:12:08","date_gmt":"2025-11-10T17:12:08","guid":{"rendered":"https:\/\/www.europesays.com\/fi\/86484\/"},"modified":"2025-11-10T17:12:08","modified_gmt":"2025-11-10T17:12:08","slug":"vulvodynian-vaikeudet-jatkuvat-vain-viikkoja-bandissa-olleesta-laulajasta-esitetty-vakavia-syytoksia-jatti-kiertueen-kesken","status":"publish","type":"post","link":"https:\/\/www.europesays.com\/fi\/86484\/","title":{"rendered":"Vulvodynian vaikeudet jatkuvat &#8211; vain viikkoja b\u00e4ndiss\u00e4 olleesta laulajasta esitetty vakavia syyt\u00f6ksi\u00e4, j\u00e4tti kiertueen kesken"},"content":{"rendered":"<p>Etel\u00e4afrikkalaisella deathcore-yhtye <strong>Vulvodynialla <\/strong>on todella huono onni, mit\u00e4 tulee b\u00e4ndin laulajiin.<\/p>\n<p>Kaksi vuotta sitten yhtye antoi silloiselle keulahahmolleen <strong>Duncan Bentleylle<\/strong> kenk\u00e4\u00e4 kesken kiertueen laulajan <a href=\"https:\/\/www.inferno.fi\/uutiset\/vulvodynia-antoi-laulajalleen-lapikasta-taman-yritettya-tappaa-yhtyeen-rumpalin-kuvat-eivat-sovellu-herkille\/\" target=\"_blank\" rel=\"noreferrer noopener nofollow\">otettua verisesti yhteen<\/a> rumpali <strong>Tom Hughesin<\/strong> kanssa. B\u00e4ndin kitaristi <strong>Lwandile Prusent<\/strong> hypp\u00e4si tuolloin v\u00e4liaikaisesti laulajan tontille.<\/p>\n<p>Lue my\u00f6s: <a href=\"https:\/\/www.inferno.fi\/uutiset\/potkut-saanut-vulvodynia-laulaja-kommentoi-verista-yhteenottoaan-bandin-rumpalin-kanssa-tarvitsen-aikaa-itselleni-saadakseni-apua-ongelmiini\/\" title=\"Potkut saanut Vulvodynia-laulaja kommentoi verist\u00e4 yhteenottoaan b\u00e4ndin rumpalin kanssa \u2013 \u201dTarvitsen aikaa itselleni saadakseni apua ongelmiini\u201d\" class=\"underline-custom !font-montserrat !font-bold !underline-offset-4 !decoration-4 !decoration-red-600 !text-md\" rel=\"nofollow noopener\" target=\"_blank\">Potkut saanut Vulvodynia-laulaja kommentoi verist\u00e4 yhteenottoaan b\u00e4ndin rumpalin kanssa \u2013 \u201dTarvitsen aikaa itselleni saadakseni apua ongelmiini\u201d<\/a><\/p>\n<p>Lokakuun lopussa Vulvodynia ilmoitti kiinnitt\u00e4neens\u00e4 b\u00e4ndin uudeksi laulajaksi <strong>Zion Bittenbenderin<\/strong>, jonka kanssa yhtye suuntasi Aasian-kiertueelle. Nyt, vain muutamia viikkoja my\u00f6hemmin, yhtye kuitenkin tiedottaa Bittenbenderin j\u00e4\u00e4v\u00e4n kiertueelta sivuun sosiaalisessa mediassa esiin nousseiden vakavien syyt\u00f6sten vuoksi.<\/p>\n<p>\u201dPerusteellisten keskustelujen j\u00e4lkeen Zion palaa kotiin hoitaakseen n\u00e4it\u00e4 asioita lainopillisesti oikein. T\u00e4llaisten asioiden selvitteleminen olisi \u00e4\u00e4rimm\u00e4isen vaikeaa maailmalla kiert\u00e4misen ohessa, joten p\u00e4\u00e4t\u00f6s tehtiin kaikkien parasta ajatellen. Lwandile Prusent ottaa j\u00e4lleen vastuun laulamisesta loppuvuoden ajaksi\u201d, yhtye kertoo tiedotteessaan.<\/p>\n<p>Bittenbenderi\u00e4 vastaan <a href=\"https:\/\/www.metalsucks.net\/2025\/11\/06\/new-vulvodynia-vocalist-already-accused-of-sexual-assault\/\" target=\"_blank\" rel=\"noreferrer noopener nofollow\">on esitetty syytteit\u00e4<\/a> seksuaalisesta hyv\u00e4ksik\u00e4yt\u00f6st\u00e4. Bittenbender on v\u00e4itetysti muun muassa useita kertoja k\u00e4ytt\u00e4nyt partneria hyv\u00e4ksi t\u00e4m\u00e4n nukkuessa. H\u00e4nen kerrotaan my\u00f6s seurustelleen 16-vuotiaan tyt\u00f6n kanssa ollessaan itse 19-vuotias.<\/p>\n<p>Bittenbender <a href=\"https:\/\/metalinsider.net\/touring\/vulvodynia-face-allegations-after-lineup-change\" target=\"_blank\" rel=\"noreferrer noopener nofollow\">kommentoi syyt\u00f6ksi\u00e4<\/a> Instagramin tarinoissa kiist\u00e4en kaiken jyrk\u00e4sti.<\/p>\n<p>\u201dKaikki minusta levitetyt v\u00e4itteet ovat t\u00e4ysin ep\u00e4tosia. En ole tehnyt asioita, joista minua syytet\u00e4\u00e4n, eik\u00e4 minua vastaan ole koskaan nostettu syytteit\u00e4 sellaisista rikoksista. Valitettavasti n\u00e4m\u00e4 samat v\u00e4itteet ovat pulpahtaneet pintaan useasti vuosien varrella ja aiheuttaneet haittaa minulle ja uralleni. Olen pysynyt vaiti suojatakseni yksityisyytt\u00e4 ja koska olen ajatellut, ett\u00e4 totuus puhuu puolestaan. Mutta nyt minulla ei ole muuta vaihtoehtoa kuin puhua asiasta julkisesti\u201d, Bittenbender kirjoitti.<\/p>\n<p>\u201dOtan t\u00e4llaiset asiat \u00e4\u00e4rimm\u00e4isen vakavasti ja olen aina osoittanut kunnioitusta toisia kohtaan. He, jotka tuntevat minut henkil\u00f6kohtaisesti tai ammatillisesti, tiet\u00e4v\u00e4t t\u00e4m\u00e4n olevan totta. Aion tarttua n\u00e4ihin herjauksiin ja kiusaamisiin tarvittavien lainopillisten kanavien kautta. En aio puhua asiasta sosiaalisessa mediassa t\u00e4m\u00e4n enemp\u00e4\u00e4.\u201d<\/p>\n<p>\u201dMinusta t\u00e4llaisista vakavista asioista v\u00e4\u00e4rennettyjen syyt\u00f6sten heittely on pois kaikilta niilt\u00e4, jotka ovat oikeasti kokeneet ja k\u00e4yneet l\u00e4pi t\u00e4llaisia asioita. Sympatiani ovat heid\u00e4n puolellaan. Kiit\u00e4n kaikkia, ovat ovat olleet tukena, arvostan, ett\u00e4 ymm\u00e4rr\u00e4tte asian.\u201d<\/p>\n","protected":false},"excerpt":{"rendered":"Etel\u00e4afrikkalaisella deathcore-yhtye Vulvodynialla on todella huono onni, mit\u00e4 tulee b\u00e4ndin laulajiin. Kaksi vuotta sitten yhtye antoi silloiselle keulahahmolleen&hellip;\n","protected":false},"author":2,"featured_media":86485,"comment_status":"","ping_status":"","sticky":false,"template":"","format":"standard","meta":{"footnotes":""},"categories":[132],"tags":[137,33,31,30,6128,195,47,13319,32,17604,109],"class_list":{"0":"post-86484","1":"post","2":"type-post","3":"status-publish","4":"format-standard","5":"has-post-thumbnail","7":"category-musiikki","8":"tag-entertainment","9":"tag-fi","10":"tag-finland","11":"tag-finnish","12":"tag-kokoonpanomuutos","13":"tag-music","14":"tag-musiikki","15":"tag-seksuaalinen-hyvaksikaytto","16":"tag-suomi","17":"tag-syytokset","18":"tag-viihde"},"share_on_mastodon":{"url":"https:\/\/pubeurope.com\/@fi\/115526522861200712","error":""},"_links":{"self":[{"href":"https:\/\/www.europesays.com\/fi\/wp-json\/wp\/v2\/posts\/86484","targetHints":{"allow":["GET"]}}],"collection":[{"href":"https:\/\/www.europesays.com\/fi\/wp-json\/wp\/v2\/posts"}],"about":[{"href":"https:\/\/www.europesays.com\/fi\/wp-json\/wp\/v2\/types\/post"}],"author":[{"embeddable":true,"href":"https:\/\/www.europesays.com\/fi\/wp-json\/wp\/v2\/users\/2"}],"replies":[{"embeddable":true,"href":"https:\/\/www.europesays.com\/fi\/wp-json\/wp\/v2\/comments?post=86484"}],"version-history":[{"count":0,"href":"https:\/\/www.europesays.com\/fi\/wp-json\/wp\/v2\/posts\/86484\/revisions"}],"wp:featuredmedia":[{"embeddable":true,"href":"https:\/\/www.europesays.com\/fi\/wp-json\/wp\/v2\/media\/86485"}],"wp:attachment":[{"href":"https:\/\/www.europesays.com\/fi\/wp-json\/wp\/v2\/media?parent=86484"}],"wp:term":[{"taxonomy":"category","embeddable":true,"href":"https:\/\/www.europesays.com\/fi\/wp-json\/wp\/v2\/categories?post=86484"},{"taxonomy":"post_tag","embeddable":true,"href":"https:\/\/www.europesays.com\/fi\/wp-json\/wp\/v2\/tags?post=86484"}],"curies":[{"name":"wp","href":"https:\/\/api.w.org\/{rel}","templated":true}]}}