{"id":86492,"date":"2025-11-10T17:20:08","date_gmt":"2025-11-10T17:20:08","guid":{"rendered":"https:\/\/www.europesays.com\/fi\/86492\/"},"modified":"2025-11-10T17:20:08","modified_gmt":"2025-11-10T17:20:08","slug":"ta-miljardin-dollarin-oikeuskanteella-yleisradioyhtio-pyysi-trump-videota-anteeksi","status":"publish","type":"post","link":"https:\/\/www.europesays.com\/fi\/86492\/","title":{"rendered":"t\u00e4 miljardin dollarin oikeuskanteella \u2013 yleisradioyhti\u00f6 pyysi Trump-videota anteeksi"},"content":{"rendered":"<p>Trump kutsui BBC:st\u00e4 eronneita johtajia korruptoituneiksi ja ep\u00e4rehellisiksi.<\/p>\n<p class=\"article-body mb-nof-24 px-nof-16\">STT<\/p>\n<p class=\"article-body mb-nof-24 px-nof-16\">Britanniassa keskustelu maan yleisradioyhti\u00f6 BBC:n toiminnasta jatkui maanantaina kiivaana.<\/p>\n<p class=\"article-body mb-nof-24 px-nof-16\">Yhdysvaltain presidentti <a class=\"article-personlink\" href=\"https:\/\/www.aamulehti.fi\/haku\/?query=Donald%20Trump\" rel=\"nofollow noopener\" target=\"_blank\">Donald Trump<\/a> uhkasi BBC:t\u00e4 miljardin dollarin oikeuskanteella. Asiasta uutisoivat muun muassa Trumpin asianajajan kirjeen n\u00e4hnyt <a class=\"article-genericlink\" href=\"https:\/\/www.nytimes.com\/2025\/11\/10\/world\/europe\/trump-bbc-lawsuit-documentary.html\" rel=\"nofollow noopener\" target=\"_blank\">New York Times<\/a> sek\u00e4 uutistoimisto AFP.<\/p>\n<p class=\"article-body mb-nof-24 px-nof-16\">BBC <a class=\"article-genericlink\" href=\"https:\/\/www.bbc.com\/news\/live\/cd9kqz1yyxkt?post=asset%3Ab9aa9ec5-33ee-4411-9cc8-a566c46bf324#post\" rel=\"nofollow noopener\" target=\"_blank\">kertoi<\/a> aiemmin saaneensa Trumpilta kirjeen, jossa t\u00e4m\u00e4 uhkaa yhti\u00f6t\u00e4 oikeustoimilla. BBC sanoi vastaavansa kirjeeseen.<\/p>\n<p class=\"article-body mb-nof-24 px-nof-16\">AFP:lle nimett\u00f6m\u00e4n\u00e4 puhunut l\u00e4hde Trumpin lakitiimist\u00e4 puolestaan vahvistaa, ett\u00e4 BBC:lle annettiin kirjeess\u00e4 perjantaihin asti aikaa pyyt\u00e4\u00e4 anteeksi sek\u00e4 vet\u00e4\u00e4 takaisin ohjelma, jossa editoitu Trump-video oli.<\/p>\n<p class=\"article-body mb-nof-24 px-nof-16\">\u201dBBC h\u00e4p\u00e4isi presidentti Trumpia muokkaamalla dokumenttiaan tarkoituksellisesti ja petollisesti, yritt\u00e4\u00e4kseen sekaantua presidentinvaaleihin\u201d, Trumpin lakitiimin edustaja sanoi.<\/p>\n<p>\u201dBBC pyyt\u00e4\u00e4 anteeksi arviointivirhett\u00e4\u201d<\/p>\n<p class=\"article-body mb-nof-24 px-nof-16\">Yhti\u00f6n hallituksen puheenjohtaja <a class=\"article-personlink\" href=\"https:\/\/www.aamulehti.fi\/haku\/?query=Samir%20Shah\" rel=\"nofollow noopener\" target=\"_blank\">Samir Shah<\/a> pyysi jo aiemmin anteeksi arviointivirhett\u00e4, joka liittyi yhti\u00f6n julkaisemaan videoon Trumpista.<\/p>\n<p class=\"article-body mb-nof-24 px-nof-16\">\u201dYmm\u00e4rr\u00e4mme, ett\u00e4 tapa jolla puhetta oli leikattu, antoi vaikutelman yllytyksest\u00e4 v\u00e4kivaltaiseen toimintaan. BBC pyyt\u00e4\u00e4 anteeksi t\u00e4t\u00e4 arviointivirhett\u00e4\u201d, Shah sanoi kirjallisessa lausunnossa Britannian parlamentin komitealle.<\/p>\n<p class=\"article-body mb-nof-24 px-nof-16\">H\u00e4n vakuutti yhti\u00f6n tekev\u00e4n tarvittavat toimet s\u00e4ilytt\u00e4\u00e4kseen yleis\u00f6n luottamuksen jatkossakin. Shah <a class=\"article-genericlink\" href=\"https:\/\/www.bbc.com\/news\/live\/cd9kqz1yyxkt?post=asset%3Ae1d0e614-109c-4316-a44b-b79b5f61729c#post\" rel=\"nofollow noopener\" target=\"_blank\">sanoi<\/a>, ett\u00e4 yhti\u00f6n hallitus k\u00e4y uudelleen l\u00e4pi jokaisen kohdan julkisuuteen vuotaneesta muistiosta ja toimii tarpeen mukaan.<\/p>\n<p class=\"article-body mb-nof-24 px-nof-16\">\u201dTulemme olemaan l\u00e4pin\u00e4kyvi\u00e4 johtop\u00e4\u00e4t\u00f6ksist\u00e4 ja toimista, joihin ryhdymme\u201d, Shah sanoi.<\/p>\n<p>Video johti p\u00e4\u00e4johtajan eroon<\/p>\n<p class=\"article-body mb-nof-24 px-nof-16\">Trump kutsui aiemmin BBC:st\u00e4 eronneita johtajia korruptoituneiksi ja ep\u00e4rehellisiksi. H\u00e4n viittasi <a class=\"article-genericlink\" href=\"https:\/\/truthsocial.com\/@realDonaldTrump\/posts\/115521695808009888\" rel=\"nofollow noopener\" target=\"_blank\">Truth Socialissa<\/a> BBC:n Panorama-ohjelman jaksoon, josta nousseen kohun vuoksi BBC:n p\u00e4\u00e4johtaja <a class=\"article-personlink\" href=\"https:\/\/www.aamulehti.fi\/haku\/?query=Tim%20Davie\" rel=\"nofollow noopener\" target=\"_blank\">Tim Davie<\/a> ja uutistoiminnasta vastaava johtaja <a class=\"article-personlink\" href=\"https:\/\/www.aamulehti.fi\/haku\/?query=Deborah%20Turness\" rel=\"nofollow noopener\" target=\"_blank\">Deborah Turness<\/a> ilmoittivat my\u00f6h\u00e4\u00e4n sunnuntaina j\u00e4tt\u00e4v\u00e4ns\u00e4 teht\u00e4v\u00e4ns\u00e4.<\/p>\n<p class=\"article-body mb-nof-24 px-nof-16\">Telegraph-lehti <a class=\"article-genericlink\" href=\"https:\/\/www.telegraph.co.uk\/news\/2025\/11\/03\/bbc-report-reveals-bias-donald-trump\/\" rel=\"nofollow noopener\" target=\"_blank\">kertoi<\/a> noin viikko sitten BBC:n viimekes\u00e4isest\u00e4 sis\u00e4isest\u00e4 muistiosta, jonka mukaan kahdesta eri videosta koostettu p\u00e4tk\u00e4 Trumpin puheesta olisi tarkoitushakuisesti editoitu ohjelmassa niin, ett\u00e4 Trump n\u00e4ytt\u00e4\u00e4 yllytt\u00e4v\u00e4n kongressimellakoihin loppiaisena 2021.<\/p>\n<p class=\"article-body mb-nof-24 px-nof-16\">\u201dKiitos Telegraphille n\u00e4iden korruptoituneiden \u201djournalistien\u201d paljastamisesta\u201d, Trump sanoi p\u00e4ivityksess\u00e4\u00e4n.<\/p>\n<p class=\"article-body mb-nof-24 px-nof-16\">Ohjelma l\u00e4hetettiin ennen Yhdysvaltain presidentinvaaleja viime vuonna. Muistion oli laatinut BBC:n toimituksellista sis\u00e4lt\u00f6\u00e4 ja standardeja valvonut ulkopuolinen neuvonantaja <a class=\"article-personlink\" href=\"https:\/\/www.aamulehti.fi\/haku\/?query=Michael%20Prescott\" rel=\"nofollow noopener\" target=\"_blank\">Michael Prescott<\/a>. H\u00e4n kirjoitti muistiossa j\u00e4tt\u00e4v\u00e4ns\u00e4 pestins\u00e4 syv\u00e4n huolen vallassa. Samalla esimerkiksi <a class=\"article-genericlink\" href=\"https:\/\/www.theguardian.com\/commentisfree\/2025\/nov\/09\/bbc-attack-trump-telegraph-tories-tim-davie-resignation\" rel=\"nofollow noopener\" target=\"_blank\">Guardianissa<\/a> on esitetty kritiikki\u00e4 Prescottin puolueettomuutta kohtaan ja sanottu, ett\u00e4 BBC on poliittisen hy\u00f6kk\u00e4yksen kohteena.<\/p>\n<p class=\"article-body mb-nof-24 px-nof-16\">Britannian kulttuurista, mediasta ja urheilusta vastaava ministeri <a class=\"article-personlink\" href=\"https:\/\/www.aamulehti.fi\/haku\/?query=Lisa%20Nandy\" rel=\"nofollow noopener\" target=\"_blank\">Lisa Nandy<\/a> kuvaili yleisradioyhti\u00f6\u00f6n kohdistuvia syyt\u00f6ksi\u00e4 eritt\u00e4in vakaviksi aiemmin sunnuntaina.<\/p>\n<p>Starmer ei pid\u00e4 BBC:t\u00e4 puolueellisena<\/p>\n<p class=\"article-body mb-nof-24 px-nof-16\">Britannian p\u00e4\u00e4ministeri <a class=\"article-personlink\" href=\"https:\/\/www.aamulehti.fi\/haku\/?query=Keir%20Starmerin\" rel=\"nofollow noopener\" target=\"_blank\">Keir Starmerin<\/a> tiedottajan mukaan p\u00e4\u00e4ministeri ei pid\u00e4 BBC:t\u00e4 puolueellisena. Starmerin tiedottaja kertoi asiasta toimittajille p\u00e4ivitt\u00e4isess\u00e4 tiedotustilaisuudessa.<\/p>\n<p class=\"article-body mb-nof-24 px-nof-16\">P\u00e4\u00e4ministerin kanslia kiisti v\u00e4itteet siit\u00e4, ett\u00e4 BBC olisi korruptoitunut.<\/p>\n<p class=\"article-body mb-nof-24 px-nof-16\">\u201dMisinformaation aikakaudella vankan ja puolueettoman britannialaisen uutispalvelun puolustaminen on t\u00e4rke\u00e4mp\u00e4\u00e4 kuin koskaan\u201d, tiedottaja sanoi.<\/p>\n<p class=\"article-body mb-nof-24 px-nof-16\">Kanslian mukaan on t\u00e4rke\u00e4\u00e4, ett\u00e4 BBC s\u00e4ilytt\u00e4\u00e4 luottamuksen ja korjaa virheens\u00e4 nopeasti silloin, kun niit\u00e4 tapahtuu.<\/p>\n<p>Editointi v\u00e4\u00e4rist\u00e4\u00e4 puhetta<\/p>\n<p class=\"article-body mb-nof-24 px-nof-16\">Prescottin muistion mukaan BBC:n uutisointi Yhdysvaltain presidentinvaaleista oli v\u00e4\u00e4ristynytt\u00e4 eik\u00e4 Trumpin vastaehdokasta <a class=\"article-personlink\" href=\"https:\/\/www.aamulehti.fi\/haku\/?query=Kamala%20Harrisia\" rel=\"nofollow noopener\" target=\"_blank\">Kamala Harrisia<\/a> k\u00e4sitelty yht\u00e4 kriittisesti.<\/p>\n<p class=\"article-body mb-nof-24 px-nof-16\">Esimerkkin\u00e4 t\u00e4st\u00e4 on Panoraman jakso, jossa on yhdistetty kaksi p\u00e4tk\u00e4\u00e4 Trumpin tammikuun 6. p\u00e4iv\u00e4n\u00e4 2021 pit\u00e4m\u00e4st\u00e4 puheesta. Trumpin on syytetty lietsoneen tuolloin hy\u00f6kk\u00e4yst\u00e4 Capitoliin, jotta h\u00e4n voisi pysy\u00e4 vallassa vaalitappiosta huolimatta.<\/p>\n<p class=\"article-body mb-nof-24 px-nof-16\">Tuolloin Trump haastoi <a class=\"article-personlink\" href=\"https:\/\/www.aamulehti.fi\/haku\/?query=Joe%20Bidenin\" rel=\"nofollow noopener\" target=\"_blank\">Joe Bidenin<\/a> vaalivoittoa ja sanoi useaan otteeseen, ett\u00e4 h\u00e4n oli itse vaalien todellinen voittaja.<\/p>\n<p class=\"article-body mb-nof-24 px-nof-16\">Editoitu versio n\u00e4ytt\u00e4\u00e4 silt\u00e4, ett\u00e4 Trump kannustaa tukijoitaan l\u00e4htem\u00e4\u00e4n kanssaan Capitolille ja taistelemaan vimmaisesti. Editoimattomassa versiossa Trump pyysi yleis\u00f6\u00e4 mukaan kannustamaan rohkeita senaattoreita ja kongressiedustajia.<\/p>\n<p class=\"article-body mb-nof-24 px-nof-16\">Trumpin mukaan toimittajat peukaloivat puhetta, joka h\u00e4nen omasta mielest\u00e4\u00e4n on eritt\u00e4in hyv\u00e4 ja t\u00e4ydellinen.<\/p>\n<p>\u201dLopullinen vastuu on minun\u201d<\/p>\n<p class=\"article-body mb-nof-24 px-nof-16\">Uutistoiminnasta vastaava johtaja Turness sanoi sunnuntaina, ett\u00e4 Panorama-kohu on saavuttanut vaiheen, jossa se aiheuttaa vahinkoa BBC:lle.<\/p>\n<p class=\"article-body mb-nof-24 px-nof-16\">\u201dVaikka virheit\u00e4 on tehty, haluan tehd\u00e4 t\u00e4ysin selv\u00e4ksi sen, ett\u00e4 viimeaikaiset syyt\u00f6kset BBC:n puolueellisuudesta ovat per\u00e4tt\u00f6mi\u00e4\u201d, Turness <a class=\"article-genericlink\" href=\"https:\/\/www.bbc.com\/news\/articles\/c3vn25d5dq7o\" rel=\"nofollow noopener\" target=\"_blank\">sanoi<\/a>.<\/p>\n<p class=\"article-body mb-nof-24 px-nof-16\">Davie perusteli eroaan toteamalla, ett\u00e4 lopullinen vastuu toiminnasta on h\u00e4nell\u00e4. H\u00e4n huomautti, ett\u00e4 muiden julkisten organisaatioiden tavoin my\u00f6sk\u00e4\u00e4n BBC ei ole t\u00e4ydellinen, mutta sen on aina oltava avoin ja l\u00e4pin\u00e4kyv\u00e4 sek\u00e4 kannettava vastuunsa.<\/p>\n<p class=\"article-body mb-nof-24 px-nof-16\">\u201dVaikkakaan se ei ollut ainoa syy, nykyinen BBC:n uutisten ymp\u00e4rill\u00e4 k\u00e4yt\u00e4v\u00e4 debatti on luonnollisesti vaikuttanut p\u00e4\u00e4t\u00f6kseeni. Lopullinen vastuu on minun.\u201d<\/p>\n","protected":false},"excerpt":{"rendered":"Trump kutsui BBC:st\u00e4 eronneita johtajia korruptoituneiksi ja ep\u00e4rehellisiksi. STT Britanniassa keskustelu maan yleisradioyhti\u00f6 BBC:n toiminnasta jatkui maanantaina kiivaana.&hellip;\n","protected":false},"author":2,"featured_media":86493,"comment_status":"","ping_status":"","sticky":false,"template":"","format":"standard","meta":{"footnotes":""},"categories":[14],"tags":[157,22,23,26,27,33,31,30,17,24,25,28,29,15,18,21,32,19,20,56,16,59,60,61],"class_list":{"0":"post-86492","1":"post","2":"type-post","3":"status-publish","4":"format-standard","5":"has-post-thumbnail","7":"category-ulkomaat","8":"tag-aamulehti","9":"tag-breaking-news","10":"tag-breakingnews","11":"tag-featured-news","12":"tag-featurednews","13":"tag-fi","14":"tag-finland","15":"tag-finnish","16":"tag-headlines","17":"tag-latest-news","18":"tag-latestnews","19":"tag-main-news","20":"tag-mainnews","21":"tag-news","22":"tag-otsikot","23":"tag-paauutiset","24":"tag-suomi","25":"tag-top-stories","26":"tag-topstories","27":"tag-ulkomaat","28":"tag-uutiset","29":"tag-world","30":"tag-world-news","31":"tag-worldnews"},"share_on_mastodon":{"url":"https:\/\/pubeurope.com\/@fi\/115526554458770672","error":""},"_links":{"self":[{"href":"https:\/\/www.europesays.com\/fi\/wp-json\/wp\/v2\/posts\/86492","targetHints":{"allow":["GET"]}}],"collection":[{"href":"https:\/\/www.europesays.com\/fi\/wp-json\/wp\/v2\/posts"}],"about":[{"href":"https:\/\/www.europesays.com\/fi\/wp-json\/wp\/v2\/types\/post"}],"author":[{"embeddable":true,"href":"https:\/\/www.europesays.com\/fi\/wp-json\/wp\/v2\/users\/2"}],"replies":[{"embeddable":true,"href":"https:\/\/www.europesays.com\/fi\/wp-json\/wp\/v2\/comments?post=86492"}],"version-history":[{"count":0,"href":"https:\/\/www.europesays.com\/fi\/wp-json\/wp\/v2\/posts\/86492\/revisions"}],"wp:featuredmedia":[{"embeddable":true,"href":"https:\/\/www.europesays.com\/fi\/wp-json\/wp\/v2\/media\/86493"}],"wp:attachment":[{"href":"https:\/\/www.europesays.com\/fi\/wp-json\/wp\/v2\/media?parent=86492"}],"wp:term":[{"taxonomy":"category","embeddable":true,"href":"https:\/\/www.europesays.com\/fi\/wp-json\/wp\/v2\/categories?post=86492"},{"taxonomy":"post_tag","embeddable":true,"href":"https:\/\/www.europesays.com\/fi\/wp-json\/wp\/v2\/tags?post=86492"}],"curies":[{"name":"wp","href":"https:\/\/api.w.org\/{rel}","templated":true}]}}