{"id":86498,"date":"2025-11-10T17:34:11","date_gmt":"2025-11-10T17:34:11","guid":{"rendered":"https:\/\/www.europesays.com\/fi\/86498\/"},"modified":"2025-11-10T17:34:11","modified_gmt":"2025-11-10T17:34:11","slug":"pippa-laukka-vaihtoi-kaupunkia-taalla-on-ihan-mahtavaa","status":"publish","type":"post","link":"https:\/\/www.europesays.com\/fi\/86498\/","title":{"rendered":"Pippa Laukka vaihtoi kaupunkia \u2013 \u201dT\u00e4\u00e4ll\u00e4 on ihan mahtavaa!\u201d"},"content":{"rendered":"<p>Tanssii T\u00e4htien Kanssa -ohjelmasta pudonnut l\u00e4\u00e4k\u00e4ri <strong>Pippa Laukka<\/strong> on tehnyt ty\u00f6el\u00e4m\u00e4\u00e4ns\u00e4 liittyv\u00e4n muutoksen. Se on saanut h\u00e4net huomaamaan, kuinka mukava kaupunki Kouvola on. H\u00e4n on viett\u00e4nyt siell\u00e4 viime aikoina paljon aikaa, vaikka h\u00e4n kotinsa on edelleen Helsingiss\u00e4.<\/p>\n<p>Lue my\u00f6s: <a href=\"https:\/\/www.como.fi\/uutiset\/pippa-laukalta-ttk-paljastus-en-olisi-voinut-uskoa\/\" title=\"Pippa Laukalta TTK-paljastus \u2013 \u201dEn olisi voinut uskoa\u201d\" class=\"underline-custom !font-montserrat !font-bold !underline-offset-4 !decoration-4 !decoration-red-600 !text-md\" rel=\"nofollow noopener\" target=\"_blank\">Pippa Laukalta TTK-paljastus \u2013 \u201dEn olisi voinut uskoa\u201d<\/a><\/p>\n<p>\u2013 Hassua kun kaikki aina puhuvat kuinka ik\u00e4v\u00e4 paikka Kouvola on. M\u00e4 olen niin eri mielt\u00e4! Olen nyt ollut t\u00e4\u00e4ll\u00e4 muutaman viikon t\u00f6iss\u00e4 ja t\u00e4\u00e4ll\u00e4 on ihan mahtavaa! kertoo Pippa.<\/p>\n<p>Pippa kehuu julkaisussaan Kouvolassa sijaitsevaa ty\u00f6paikkaansa sek\u00e4 ty\u00f6kavereitaan. H\u00e4n on ehtinyt tutustumaan kaupungissa v\u00e4h\u00e4n jo muuhunkin.<\/p>\n<p>\u2013 V\u00e4h\u00e4n olen jo p\u00e4\u00e4ssyt tutustumaan kaupunkiin ja hyv\u00e4lt\u00e4 vaikuttaa. Ihmiset ovat mukavia, avuliaita ja avoimia, kehuu Pippa.<\/p>\n<p>Pipan el\u00e4m\u00e4ss\u00e4 on t\u00e4ll\u00e4 hetkell\u00e4 sellainen vaihe, joka mahdollistaa t\u00e4llaisen ty\u00f6j\u00e4rjestelyn.<\/p>\n<p>\u2013 Tulen olemaan t\u00e4\u00e4ll\u00e4 pari p\u00e4iv\u00e4\u00e4 viikossa ja toki perhe ja koti edelleen on Helsingiss\u00e4. El\u00e4m\u00e4nvaihe on nyt sellainen joka sallii v\u00e4h\u00e4n enemm\u00e4n liikkumavaraa kun lapset ovat kaikki aikuisia ja kalenterissa on enemm\u00e4n vapaata, kertoo Pippa.<\/p>\n<p>Pippa kertoo julkaisunsa lopussa olevansa t\u00e4ll\u00e4 hetkell\u00e4 todella onnellinen, joka saattaa n\u00e4ky\u00e4 my\u00f6s ulosp\u00e4in. H\u00e4n saa seuraajiltaan paljon kehuja. Joku haluaisi p\u00e4\u00e4st\u00e4 h\u00e4nen vastaanotolleen.<\/p>\n<p>Jos upotus ei n\u00e4y, avaa se auki <a href=\"https:\/\/www.instagram.com\/p\/DQ3-k9vjLyr\/?utm_source=ig_web_copy_link&amp;igsh=MzRlODBiNWFlZA==\" target=\"_blank\" rel=\"noreferrer noopener nofollow\">t\u00e4st\u00e4<\/a>.<\/p>\n<p>Lue my\u00f6s: <a href=\"https:\/\/www.como.fi\/tilaa-comon-uutiskirje\/\" title=\"Tilaa Comon uutiskirje ja tied\u00e4t mist\u00e4 kahvitauolla puhutaan! Nappaa kotimaan tv-vinkit ja puheenaiheet suoraan s\u00e4hk\u00f6postiin t\u00e4st\u00e4.\" class=\"underline-custom !font-montserrat !font-bold !underline-offset-4 !decoration-4 !decoration-red-600 !text-md\" rel=\"nofollow noopener\" target=\"_blank\">Tilaa Comon uutiskirje ja tied\u00e4t mist\u00e4 kahvitauolla puhutaan! Nappaa kotimaan tv-vinkit ja puheenaiheet suoraan s\u00e4hk\u00f6postiin t\u00e4st\u00e4.<\/a><\/p>\n<p>\t\t\t<script async src=\"\/\/www.instagram.com\/embed.js\"><\/script><\/p>\n","protected":false},"excerpt":{"rendered":"Tanssii T\u00e4htien Kanssa -ohjelmasta pudonnut l\u00e4\u00e4k\u00e4ri Pippa Laukka on tehnyt ty\u00f6el\u00e4m\u00e4\u00e4ns\u00e4 liittyv\u00e4n muutoksen. Se on saanut h\u00e4net huomaamaan,&hellip;\n","protected":false},"author":2,"featured_media":86499,"comment_status":"","ping_status":"","sticky":false,"template":"","format":"standard","meta":{"footnotes":""},"categories":[136],"tags":[407,137,33,31,30,408,3446,32,109],"class_list":{"0":"post-86498","1":"post","2":"type-post","3":"status-publish","4":"format-standard","5":"has-post-thumbnail","7":"category-julkkikset","8":"tag-celebrities","9":"tag-entertainment","10":"tag-fi","11":"tag-finland","12":"tag-finnish","13":"tag-julkkikset","14":"tag-pippa-laukka","15":"tag-suomi","16":"tag-viihde"},"share_on_mastodon":{"url":"https:\/\/pubeurope.com\/@fi\/115526609345900482","error":""},"_links":{"self":[{"href":"https:\/\/www.europesays.com\/fi\/wp-json\/wp\/v2\/posts\/86498","targetHints":{"allow":["GET"]}}],"collection":[{"href":"https:\/\/www.europesays.com\/fi\/wp-json\/wp\/v2\/posts"}],"about":[{"href":"https:\/\/www.europesays.com\/fi\/wp-json\/wp\/v2\/types\/post"}],"author":[{"embeddable":true,"href":"https:\/\/www.europesays.com\/fi\/wp-json\/wp\/v2\/users\/2"}],"replies":[{"embeddable":true,"href":"https:\/\/www.europesays.com\/fi\/wp-json\/wp\/v2\/comments?post=86498"}],"version-history":[{"count":0,"href":"https:\/\/www.europesays.com\/fi\/wp-json\/wp\/v2\/posts\/86498\/revisions"}],"wp:featuredmedia":[{"embeddable":true,"href":"https:\/\/www.europesays.com\/fi\/wp-json\/wp\/v2\/media\/86499"}],"wp:attachment":[{"href":"https:\/\/www.europesays.com\/fi\/wp-json\/wp\/v2\/media?parent=86498"}],"wp:term":[{"taxonomy":"category","embeddable":true,"href":"https:\/\/www.europesays.com\/fi\/wp-json\/wp\/v2\/categories?post=86498"},{"taxonomy":"post_tag","embeddable":true,"href":"https:\/\/www.europesays.com\/fi\/wp-json\/wp\/v2\/tags?post=86498"}],"curies":[{"name":"wp","href":"https:\/\/api.w.org\/{rel}","templated":true}]}}