{"id":86500,"date":"2025-11-10T17:37:08","date_gmt":"2025-11-10T17:37:08","guid":{"rendered":"https:\/\/www.europesays.com\/fi\/86500\/"},"modified":"2025-11-10T17:37:08","modified_gmt":"2025-11-10T17:37:08","slug":"johannes-holopainen-ja-katri-riihilahti-hammastyttivat-onnistumisellaan-haastavan-kommahdyksen-jalkeen","status":"publish","type":"post","link":"https:\/\/www.europesays.com\/fi\/86500\/","title":{"rendered":"Johannes Holopainen ja Katri Riihilahti h\u00e4mm\u00e4styttiv\u00e4t onnistumisellaan haastavan k\u00f6mm\u00e4hdyksen j\u00e4lkeen"},"content":{"rendered":"<p><strong class=\"typography-bold\">Johannes Holopainen ja Katri Riihilahti onnistuivat vaikuttavalla tavalla freestyletanssillaan.<\/strong><\/p>\n<p><a class=\"underline\" data-testid=\"internal-link\" role=\"link\" data-sentry-element=\"Link\" data-sentry-component=\"InternalLink\" data-sentry-source-file=\"InternalLink.tsx\" href=\"https:\/\/www.mtvuutiset.fi\/aihe\/tanssii-tahtien-kanssa\/2839810\" rel=\"nofollow noopener\" target=\"_blank\">Tanssii T\u00e4htien Kanssa<\/a> -ohjelman l\u00e4hetyksess\u00e4 is\u00e4np\u00e4iv\u00e4sunnuntaina 9. marraskuuta tanssittiin Suomi-teemalla.<\/p>\n<p>Jaksossa n\u00e4htiin t\u00e4htiparien ekstrateht\u00e4v\u00e4, kun kunkin t\u00e4htiparin tuli esitt\u00e4\u00e4 toisena tanssinaan freestyletanssi. Jokaisen t\u00e4htiparin freestyle-esityst\u00e4 s\u00e4esti nouseva suomalainen artisti.\u00a0<\/p>\n<p>N\u00e4yttelij\u00e4 <strong class=\"typography-bold\">Johannes Holopaisen <\/strong>ja t\u00e4htiopettaja <strong class=\"typography-bold\">Katri Riihilahden <\/strong>freestylessa kuultiin Pellava-kappale <strong class=\"typography-bold\">Jaakko Kullan <\/strong>esitt\u00e4m\u00e4n\u00e4.<\/p>\n","protected":false},"excerpt":{"rendered":"Johannes Holopainen ja Katri Riihilahti onnistuivat vaikuttavalla tavalla freestyletanssillaan. Tanssii T\u00e4htien Kanssa -ohjelman l\u00e4hetyksess\u00e4 is\u00e4np\u00e4iv\u00e4sunnuntaina 9. marraskuuta tanssittiin&hellip;\n","protected":false},"author":2,"featured_media":86501,"comment_status":"","ping_status":"","sticky":false,"template":"","format":"standard","meta":{"footnotes":""},"categories":[133],"tags":[137,33,31,30,32,206,156,109],"class_list":{"0":"post-86500","1":"post","2":"type-post","3":"status-publish","4":"format-standard","5":"has-post-thumbnail","7":"category-televisiot","8":"tag-entertainment","9":"tag-fi","10":"tag-finland","11":"tag-finnish","12":"tag-suomi","13":"tag-televisiot","14":"tag-tv","15":"tag-viihde"},"share_on_mastodon":{"url":"https:\/\/pubeurope.com\/@fi\/115526621136183356","error":""},"_links":{"self":[{"href":"https:\/\/www.europesays.com\/fi\/wp-json\/wp\/v2\/posts\/86500","targetHints":{"allow":["GET"]}}],"collection":[{"href":"https:\/\/www.europesays.com\/fi\/wp-json\/wp\/v2\/posts"}],"about":[{"href":"https:\/\/www.europesays.com\/fi\/wp-json\/wp\/v2\/types\/post"}],"author":[{"embeddable":true,"href":"https:\/\/www.europesays.com\/fi\/wp-json\/wp\/v2\/users\/2"}],"replies":[{"embeddable":true,"href":"https:\/\/www.europesays.com\/fi\/wp-json\/wp\/v2\/comments?post=86500"}],"version-history":[{"count":0,"href":"https:\/\/www.europesays.com\/fi\/wp-json\/wp\/v2\/posts\/86500\/revisions"}],"wp:featuredmedia":[{"embeddable":true,"href":"https:\/\/www.europesays.com\/fi\/wp-json\/wp\/v2\/media\/86501"}],"wp:attachment":[{"href":"https:\/\/www.europesays.com\/fi\/wp-json\/wp\/v2\/media?parent=86500"}],"wp:term":[{"taxonomy":"category","embeddable":true,"href":"https:\/\/www.europesays.com\/fi\/wp-json\/wp\/v2\/categories?post=86500"},{"taxonomy":"post_tag","embeddable":true,"href":"https:\/\/www.europesays.com\/fi\/wp-json\/wp\/v2\/tags?post=86500"}],"curies":[{"name":"wp","href":"https:\/\/api.w.org\/{rel}","templated":true}]}}