{"id":86506,"date":"2025-11-10T17:42:07","date_gmt":"2025-11-10T17:42:07","guid":{"rendered":"https:\/\/www.europesays.com\/fi\/86506\/"},"modified":"2025-11-10T17:42:07","modified_gmt":"2025-11-10T17:42:07","slug":"vesala-palaa-keikkalavoille-mtv-uutiset","status":"publish","type":"post","link":"https:\/\/www.europesays.com\/fi\/86506\/","title":{"rendered":"Vesala palaa keikkalavoille | MTV Uutiset"},"content":{"rendered":"<p><strong class=\"typography-bold\">Vesala on ollut keikkatauolla soolouraltaan kes\u00e4st\u00e4 2023 l\u00e4htien.<\/strong><\/p>\n<p>Vesala-taiteilijanimell\u00e4 esiintyv\u00e4 <strong class=\"typography-bold\">Paula Vesala<\/strong> kertoo Instagramissa palaavansa keikkalavoille ensi kes\u00e4n\u00e4.<\/p>\n<p>Asiasta uutisoi ensin Ilta-Sanomat.\u00a0<\/p>\n<p>Vesala keikkaili <strong class=\"typography-bold\">Mira Luodin<\/strong> kanssa yhdess\u00e4 PMMP-yhtyeen paluukeikoilla kes\u00e4ll\u00e4 vuonna 2024. Yhtye teki keikkoja muun muassa kahdella Olympiastadion-keikalla ja j\u00e4\u00e4halleilla.\u00a0<\/p>\n<p>Yhtyeest\u00e4 tehtiin dokumentti PMMP keikalla: Ei en\u00e4\u00e4 ikin\u00e4.<\/p>\n<p><a class=\"underline\" data-testid=\"external-link\" href=\"https:\/\/www.mtvuutiset.fi\/artikkeli\/paula-vesala-avaa-tuntojaan-ongelma-ei-ole-han-joka-kertoo-kokemastaan\/9212904\" rel=\"noopener noreferrer nofollow\" data-sentry-component=\"ExternalLink\" data-sentry-source-file=\"ExternalLink.tsx\" target=\"_blank\">Vesalan mukaan<\/a> syksyll\u00e4 julkaistu dokumentti PMMP-yhtyeest\u00e4 n\u00e4ytt\u00e4\u00e4 hyvin rehellisesti sen, mink\u00e4laista oli nousta artistikent\u00e4lle 2000-luvulla. Dokumentissa kuvataan muun muassa sit\u00e4, mink\u00e4laista oli olla nainen, muusikko ja taiteilija 2000-luvun asenneilmapiiriss\u00e4.<\/p>\n<p>Vesala kertoi syyskuussa Instagram-julkaisussaan olevansa raskaana.<\/p>\n","protected":false},"excerpt":{"rendered":"Vesala on ollut keikkatauolla soolouraltaan kes\u00e4st\u00e4 2023 l\u00e4htien. Vesala-taiteilijanimell\u00e4 esiintyv\u00e4 Paula Vesala kertoo Instagramissa palaavansa keikkalavoille ensi kes\u00e4n\u00e4.&hellip;\n","protected":false},"author":2,"featured_media":86507,"comment_status":"","ping_status":"","sticky":false,"template":"","format":"standard","meta":{"footnotes":""},"categories":[130],"tags":[137,33,31,30,32,109],"class_list":{"0":"post-86506","1":"post","2":"type-post","3":"status-publish","4":"format-standard","5":"has-post-thumbnail","7":"category-viihde","8":"tag-entertainment","9":"tag-fi","10":"tag-finland","11":"tag-finnish","12":"tag-suomi","13":"tag-viihde"},"share_on_mastodon":{"url":"https:\/\/pubeurope.com\/@fi\/115526640761099549","error":""},"_links":{"self":[{"href":"https:\/\/www.europesays.com\/fi\/wp-json\/wp\/v2\/posts\/86506","targetHints":{"allow":["GET"]}}],"collection":[{"href":"https:\/\/www.europesays.com\/fi\/wp-json\/wp\/v2\/posts"}],"about":[{"href":"https:\/\/www.europesays.com\/fi\/wp-json\/wp\/v2\/types\/post"}],"author":[{"embeddable":true,"href":"https:\/\/www.europesays.com\/fi\/wp-json\/wp\/v2\/users\/2"}],"replies":[{"embeddable":true,"href":"https:\/\/www.europesays.com\/fi\/wp-json\/wp\/v2\/comments?post=86506"}],"version-history":[{"count":0,"href":"https:\/\/www.europesays.com\/fi\/wp-json\/wp\/v2\/posts\/86506\/revisions"}],"wp:featuredmedia":[{"embeddable":true,"href":"https:\/\/www.europesays.com\/fi\/wp-json\/wp\/v2\/media\/86507"}],"wp:attachment":[{"href":"https:\/\/www.europesays.com\/fi\/wp-json\/wp\/v2\/media?parent=86506"}],"wp:term":[{"taxonomy":"category","embeddable":true,"href":"https:\/\/www.europesays.com\/fi\/wp-json\/wp\/v2\/categories?post=86506"},{"taxonomy":"post_tag","embeddable":true,"href":"https:\/\/www.europesays.com\/fi\/wp-json\/wp\/v2\/tags?post=86506"}],"curies":[{"name":"wp","href":"https:\/\/api.w.org\/{rel}","templated":true}]}}