{"id":86510,"date":"2025-11-10T17:46:07","date_gmt":"2025-11-10T17:46:07","guid":{"rendered":"https:\/\/www.europesays.com\/fi\/86510\/"},"modified":"2025-11-10T17:46:07","modified_gmt":"2025-11-10T17:46:07","slug":"trump-uhkaa-vaatia-bbclta-miljardin-dollarin-vahingonkorvauksia","status":"publish","type":"post","link":"https:\/\/www.europesays.com\/fi\/86510\/","title":{"rendered":"Trump uhkaa vaatia BBC:lt\u00e4 miljardin dollarin vahingonkorvauksia"},"content":{"rendered":"<p>Media|Trumpin lakitiimin l\u00e4hett\u00e4m\u00e4ss\u00e4 kirjeess\u00e4 vaaditaan BBC:lt\u00e4 \u201dt\u00e4ydellist\u00e4\u201d oikaisua, anteeksipyynt\u00f6\u00e4 ja vahingonkorvauksia Trump-dokumentin takia.<\/p>\n<p>Lue tiivistelm\u00e4<\/p>\n<p>Tiivistelm\u00e4 on teko\u00e4lyn tekem\u00e4 ja ihmisen tarkistama.<\/p>\n<p class=\"article-body mb-nof-24 px-nof-16 sndp-summary-bullet-point-font\">Yhdysvaltain presidentti Donald Trump uhkaa vaatia BBC:lt\u00e4 miljardin dollarin vahingonkorvauksia kiistanalaisesta dokumentista.<\/p>\n<p class=\"article-body mb-nof-24 px-nof-16 sndp-summary-bullet-point-font\">Dokumentissa Trump: A Second Chance? esitettiin Trumpin puheen osia tavalla, joka antoi harhaanjohtavan kuvan h\u00e4nen sanomisistaan.<\/p>\n<p class=\"article-body mb-nof-24 px-nof-16 sndp-summary-bullet-point-font\">Trumpin lakitiimi vaatii BBC:lt\u00e4 oikaisua, anteeksipyynt\u00f6\u00e4 ja korvauksia. Muuten he uhkaavat nostaa kanteen.<\/p>\n<p class=\"article-body mb-nof-24 px-nof-16 sndp-summary-bullet-point-font\">BBC:n toimittaja Dominic Casciani arvioi, ett\u00e4 oikeudenk\u00e4ynti Britanniassa olisi haastavaa kunnianloukkauslain monimutkaisuuden vuoksi.<\/p>\n<p class=\"article-body mb-nof-24 px-nof-16\">Yhdysvaltojen presidentti <a class=\"article-personlink\" href=\"https:\/\/www.hs.fi\/haku\/?query=Donald%20Trump\" rel=\"nofollow noopener\" target=\"_blank\">Donald Trump<\/a> uhkaa vaatia Britannian yleisradioyhti\u00f6lt\u00e4 BBC:lt\u00e4 miljardin dollarin eli noin 870 miljoonan euron vahingonkorvauksia. Vaatimus liittyy BBC:n julkaisemaan Trump-aiheiseen dokumenttiin.<\/p>\n<p class=\"article-body mb-nof-24 px-nof-16\">Asiasta kertovat useat yhdysvaltalaiset ja brittil\u00e4iset tiedotusv\u00e4lineet, mukaan lukien <a class=\"article-genericlink\" href=\"https:\/\/www.bbc.com\/news\/live\/cd9kqz1yyxkt\" rel=\"nofollow noopener\" target=\"_blank\">BBC:n uutistoimitus<\/a>.<\/p>\n<p class=\"article-body mb-nof-24 px-nof-16\">Dokumentti Trump: A Second Chance? esitettiin 28. lokakuuta 2024 eli noin viikkoa ennen Yhdysvaltojen presidentinvaalia.<\/p>\n<p class=\"article-body mb-nof-24 px-nof-16\">Dokumentin kiistanalainen kohta liittyy Trumpin puheeseen 6. tammikuuta 2021, jolloin v\u00e4kijoukot tunkeutuivat Washington D.\u00a0C:ss\u00e4 kongressitalo Capitoliin est\u00e4\u00e4kseen vuoden 2020 presidentinvaalin tuloksen vahvistamisen. Republikaanien ehdokas Trump h\u00e4visi vaalin tuolloin demokraattien <a class=\"article-personlink\" href=\"https:\/\/www.hs.fi\/haku\/?query=Joe%20Bidenille\" rel=\"nofollow noopener\" target=\"_blank\">Joe Bidenille<\/a>.<\/p>\n<p class=\"article-body mb-nof-24 px-nof-16\">BBC:n dokumentissa oli liitetty per\u00e4kk\u00e4in Trumpin puheen osia, jotka Trump tosiasiassa lausui <a class=\"article-genericlink\" href=\"https:\/\/www.hs.fi\/maailma\/art-2000011615329.html\" rel=\"nofollow noopener\" target=\"_blank\">eri osissa puhettaan<\/a>. N\u00e4in syntyi vaikutelma siit\u00e4, ett\u00e4 h\u00e4n olisi suoraan lietsonut kannattajiaan hy\u00f6kk\u00e4\u00e4m\u00e4\u00e4n Capitoliin.<\/p>\n<p class=\"article-body mb-nof-24 px-nof-16\">Trumpin asianajajien BBC:lle l\u00e4hett\u00e4m\u00e4ss\u00e4 kirjeess\u00e4 vaaditaan dokumentin \u201dt\u00e4ydellist\u00e4 ja oikeudenmukaista oikaisua\u201d eli oletettavasti dokumentin poistamista ja virheellisten tietojen korjaamista erillisen\u00e4 julkaisuna, anteeksipyynt\u00f6\u00e4 sek\u00e4 \u201dpresidentti Trumpille aiheutuneiden vahinkojen asianmukaista korvaamista\u201d, The New York Times <a class=\"article-genericlink\" href=\"https:\/\/www.nytimes.com\/2025\/11\/10\/world\/europe\/trump-bbc-lawsuit-documentary.html\" rel=\"nofollow noopener\" target=\"_blank\">kertoo<\/a>. Muuten BBC:t\u00e4 vastaan nostetaan miljardin dollarin vahingonkorvauskanne.<\/p>\n<p class=\"article-body mb-nof-24 px-nof-16\">BBC:n toimittaja <a class=\"article-personlink\" href=\"https:\/\/www.hs.fi\/haku\/?query=Dominic%20Casciani\" rel=\"nofollow noopener\" target=\"_blank\">Dominic Casciani<\/a> <a class=\"article-genericlink\" href=\"https:\/\/www.bbc.com\/news\/live\/cd9kqz1yyxkt?post=asset%3Af47a2af6-0fed-45a1-90b8-33c9e6968ff7#post\" rel=\"nofollow noopener\" target=\"_blank\">arvelee<\/a>, ettei Britannian lakien mukainen oikeudenk\u00e4ynti ole l\u00e4pihuutojuttu kunnianloukkauslain monimutkaisuuden vuoksi.<\/p>\n<p class=\"article-body mb-nof-24 px-nof-16\">Ensimm\u00e4inen este oikeudenk\u00e4ynnille on siin\u00e4, ett\u00e4 kanne pit\u00e4isi nostaa vuoden kuluessa artikkelin julkaisusta. Aika on umpeutunut noin kaksi viikkoa sitten.<\/p>\n<p class=\"article-body mb-nof-24 px-nof-16\">Toinen mahdollisuus olisi oikeudenk\u00e4ynti Yhdysvalloissa.<\/p>\n","protected":false},"excerpt":{"rendered":"Media|Trumpin lakitiimin l\u00e4hett\u00e4m\u00e4ss\u00e4 kirjeess\u00e4 vaaditaan BBC:lt\u00e4 \u201dt\u00e4ydellist\u00e4\u201d oikaisua, anteeksipyynt\u00f6\u00e4 ja vahingonkorvauksia Trump-dokumentin takia. Lue tiivistelm\u00e4 Tiivistelm\u00e4 on teko\u00e4lyn&hellip;\n","protected":false},"author":2,"featured_media":86511,"comment_status":"","ping_status":"","sticky":false,"template":"","format":"standard","meta":{"footnotes":""},"categories":[14],"tags":[22,23,26,27,33,31,30,17,46,24,25,28,29,15,18,21,32,19,20,56,16,59,60,61],"class_list":{"0":"post-86510","1":"post","2":"type-post","3":"status-publish","4":"format-standard","5":"has-post-thumbnail","7":"category-ulkomaat","8":"tag-breaking-news","9":"tag-breakingnews","10":"tag-featured-news","11":"tag-featurednews","12":"tag-fi","13":"tag-finland","14":"tag-finnish","15":"tag-headlines","16":"tag-helsingin-sanomat","17":"tag-latest-news","18":"tag-latestnews","19":"tag-main-news","20":"tag-mainnews","21":"tag-news","22":"tag-otsikot","23":"tag-paauutiset","24":"tag-suomi","25":"tag-top-stories","26":"tag-topstories","27":"tag-ulkomaat","28":"tag-uutiset","29":"tag-world","30":"tag-world-news","31":"tag-worldnews"},"share_on_mastodon":{"url":"https:\/\/pubeurope.com\/@fi\/115526656590524418","error":""},"_links":{"self":[{"href":"https:\/\/www.europesays.com\/fi\/wp-json\/wp\/v2\/posts\/86510","targetHints":{"allow":["GET"]}}],"collection":[{"href":"https:\/\/www.europesays.com\/fi\/wp-json\/wp\/v2\/posts"}],"about":[{"href":"https:\/\/www.europesays.com\/fi\/wp-json\/wp\/v2\/types\/post"}],"author":[{"embeddable":true,"href":"https:\/\/www.europesays.com\/fi\/wp-json\/wp\/v2\/users\/2"}],"replies":[{"embeddable":true,"href":"https:\/\/www.europesays.com\/fi\/wp-json\/wp\/v2\/comments?post=86510"}],"version-history":[{"count":0,"href":"https:\/\/www.europesays.com\/fi\/wp-json\/wp\/v2\/posts\/86510\/revisions"}],"wp:featuredmedia":[{"embeddable":true,"href":"https:\/\/www.europesays.com\/fi\/wp-json\/wp\/v2\/media\/86511"}],"wp:attachment":[{"href":"https:\/\/www.europesays.com\/fi\/wp-json\/wp\/v2\/media?parent=86510"}],"wp:term":[{"taxonomy":"category","embeddable":true,"href":"https:\/\/www.europesays.com\/fi\/wp-json\/wp\/v2\/categories?post=86510"},{"taxonomy":"post_tag","embeddable":true,"href":"https:\/\/www.europesays.com\/fi\/wp-json\/wp\/v2\/tags?post=86510"}],"curies":[{"name":"wp","href":"https:\/\/api.w.org\/{rel}","templated":true}]}}