{"id":86514,"date":"2025-11-10T17:48:08","date_gmt":"2025-11-10T17:48:08","guid":{"rendered":"https:\/\/www.europesays.com\/fi\/86514\/"},"modified":"2025-11-10T17:48:08","modified_gmt":"2025-11-10T17:48:08","slug":"superilta-vakava-varoitus-ilta-sanomat","status":"publish","type":"post","link":"https:\/\/www.europesays.com\/fi\/86514\/","title":{"rendered":"Superilta vakava varoitus &#8211; Ilta-Sanomat"},"content":{"rendered":"<ol>\n<li><a href=\"https:\/\/news.google.com\/rss\/articles\/CBMiZEFVX3lxTE5nMG9SZHZyc3JOVEVON21VRXdZVFJwclJXbFNtOEFsOE5rRHlkUXBFbmpHTW9sRV9FNmJPXzZvZGdwTWpLTGpZZnNqdVF3Nzc4bV9DZ3EzZ3pqXy0ydDlvQVItOE8?oc=5\" target=\"_blank\" rel=\"nofollow noopener\">Superilta vakava varoitus<\/a>&nbsp;&nbsp;Ilta-Sanomat<\/li>\n<li><a href=\"https:\/\/news.google.com\/rss\/articles\/CBMiQkFVX3lxTE01eGQ3aEZlNEsxU2l3dW1KdEgwUjFXb0ZHYXdRWXRKY0xFTWpPcWlPcG1TNTNVQ2FiZE1TRk5HbE5VUQ?oc=5\" target=\"_blank\" rel=\"nofollow noopener\">Vain noin puolet i\u00e4kk\u00e4ist\u00e4 asiakkaista tyytyv\u00e4isi\u00e4 saamaansa kotihoitoon<\/a>&nbsp;&nbsp;Yle<\/li>\n<li><a href=\"https:\/\/news.google.com\/rss\/articles\/CBMie0FVX3lxTE01b0VubG9pU25wNFprSUhXUUhhWUpHczhqMksya1lkNnlXMDdCWFJIN2xBaTB0eTFjV2FkMWRoclBkYUlGcXR5VWlObkxzcUdLbmNwcGctWER0b2NOMVdWa1V5eGFmbGlBQ0lVZWJhNXVEeHZTVFI3X214Yw?oc=5\" target=\"_blank\" rel=\"nofollow noopener\">Kotihoidon karu tilanne paljastui \u2013 Ay-pomo jyr\u00e4ht\u00e4\u00e4 kriisist\u00e4<\/a>&nbsp;&nbsp;Uusi Suomi<\/li>\n<li><a href=\"https:\/\/news.google.com\/rss\/articles\/CBMiVkFVX3lxTFBDdGFXbmZJX1FuZ2x6VUJHY0VQdDN4cE9NdzFqaE1WbTNvYzBYbWViZkNOdnJEeFZjb1pFaFA4NVhvQ04tNnNQVGJRRFlIcUoySVVQRUdR?oc=5\" target=\"_blank\" rel=\"nofollow noopener\">Y\u00f6n uutiskooste | Vain noin puolet i\u00e4kk\u00e4ist\u00e4 asiakkaista tyytyv\u00e4isi\u00e4 saamaansa kotihoitoon, Trump tapaa Syyriaa johtavan Ahmed al-Sharaan Valkoisessa talossa<\/a>&nbsp;&nbsp;Etel\u00e4-Suomen Sanomat<\/li>\n<li><a href=\"https:\/\/news.google.com\/rss\/articles\/CBMirAFBVV95cUxNNV92U2hoaDl2NjVvUF9KTDZycVZLanhSUFVicThPMjU5b2xqdktEcjNWTC1sVThTVTZGbmNBN2hiQzJWNU1seERBekFLVzFMRmJ2OV91QXVuQ3pQRGtrUG9PSEd4TjBDOXRYUjFRdUNaVEE4WlcxNWNOZ2trTkRtV3I4S0laOFZfSThCSHVqbVlQbG9DLVl0R0ZxRzdzcnJ0azBRdnZRWUJhM004?oc=5\" target=\"_blank\" rel=\"nofollow noopener\">THL:n tuoreet tiedot i\u00e4kk\u00e4iden kotihoidosta surullista luettavaa<\/a>&nbsp;&nbsp;mtvuutiset.fi<\/li>\n<\/ol>\n","protected":false},"excerpt":{"rendered":"Superilta vakava varoitus&nbsp;&nbsp;Ilta-Sanomat Vain noin puolet i\u00e4kk\u00e4ist\u00e4 asiakkaista tyytyv\u00e4isi\u00e4 saamaansa kotihoitoon&nbsp;&nbsp;Yle Kotihoidon karu tilanne paljastui \u2013 Ay-pomo jyr\u00e4ht\u00e4\u00e4&hellip;\n","protected":false},"author":2,"featured_media":86515,"comment_status":"","ping_status":"","sticky":false,"template":"","format":"standard","meta":{"footnotes":""},"categories":[5],"tags":[22,23,26,27,33,31,30,17,34,24,25,28,29,15,18,21,32,19,20,16],"class_list":{"0":"post-86514","1":"post","2":"type-post","3":"status-publish","4":"format-standard","5":"has-post-thumbnail","7":"category-otsikot","8":"tag-breaking-news","9":"tag-breakingnews","10":"tag-featured-news","11":"tag-featurednews","12":"tag-fi","13":"tag-finland","14":"tag-finnish","15":"tag-headlines","16":"tag-ilta-sanomat","17":"tag-latest-news","18":"tag-latestnews","19":"tag-main-news","20":"tag-mainnews","21":"tag-news","22":"tag-otsikot","23":"tag-paauutiset","24":"tag-suomi","25":"tag-top-stories","26":"tag-topstories","27":"tag-uutiset"},"share_on_mastodon":{"url":"https:\/\/pubeurope.com\/@fi\/115526664395331543","error":""},"_links":{"self":[{"href":"https:\/\/www.europesays.com\/fi\/wp-json\/wp\/v2\/posts\/86514","targetHints":{"allow":["GET"]}}],"collection":[{"href":"https:\/\/www.europesays.com\/fi\/wp-json\/wp\/v2\/posts"}],"about":[{"href":"https:\/\/www.europesays.com\/fi\/wp-json\/wp\/v2\/types\/post"}],"author":[{"embeddable":true,"href":"https:\/\/www.europesays.com\/fi\/wp-json\/wp\/v2\/users\/2"}],"replies":[{"embeddable":true,"href":"https:\/\/www.europesays.com\/fi\/wp-json\/wp\/v2\/comments?post=86514"}],"version-history":[{"count":0,"href":"https:\/\/www.europesays.com\/fi\/wp-json\/wp\/v2\/posts\/86514\/revisions"}],"wp:featuredmedia":[{"embeddable":true,"href":"https:\/\/www.europesays.com\/fi\/wp-json\/wp\/v2\/media\/86515"}],"wp:attachment":[{"href":"https:\/\/www.europesays.com\/fi\/wp-json\/wp\/v2\/media?parent=86514"}],"wp:term":[{"taxonomy":"category","embeddable":true,"href":"https:\/\/www.europesays.com\/fi\/wp-json\/wp\/v2\/categories?post=86514"},{"taxonomy":"post_tag","embeddable":true,"href":"https:\/\/www.europesays.com\/fi\/wp-json\/wp\/v2\/tags?post=86514"}],"curies":[{"name":"wp","href":"https:\/\/api.w.org\/{rel}","templated":true}]}}