{"id":86516,"date":"2025-11-10T18:00:10","date_gmt":"2025-11-10T18:00:10","guid":{"rendered":"https:\/\/www.europesays.com\/fi\/86516\/"},"modified":"2025-11-10T18:00:10","modified_gmt":"2025-11-10T18:00:10","slug":"katri-helena-tapasi-ruotsalaislegendat-kuva-puhuu-puolestaan","status":"publish","type":"post","link":"https:\/\/www.europesays.com\/fi\/86516\/","title":{"rendered":"Katri Helena tapasi ruotsalaislegendat \u2013 Kuva puhuu puolestaan"},"content":{"rendered":"<p>Katri Helena ylist\u00e4\u00e4 Roxettea.<\/p>\n<p><img decoding=\"async\" class=\"image image-show image-preview\" src=\"https:\/\/www.europesays.com\/fi\/wp-content\/uploads\/2025\/11\/5c47525fffa4e419fcfdda7903c71da7c9f2c5dfa04b2f858945e1a9965ca8ea.jpg\" alt=\"\"\/><img decoding=\"async\" class=\"image image-show\" src=\"https:\/\/www.europesays.com\/fi\/wp-content\/uploads\/2025\/11\/1762797610_952_5c47525fffa4e419fcfdda7903c71da7c9f2c5dfa04b2f858945e1a9965ca8ea.jpg\" alt=\"\"\/><\/p>\n<p>Katri Helena p\u00e4\u00e4tti pitk\u00e4n ja komean uransa viime kes\u00e4n\u00e4 Helsingin Olympiastadionilla. Timur Yilmaz<\/p>\n<p class=\"paragraph\">Legendaarinen ruotsalaisyhtye Roxette esiintyi eilen sunnuntaina Helsingin Veikkaus-areenalla. Konserttia oli tuhansien muiden lis\u00e4ksi seuraamassa sinivalkoinen legenda <a href=\"https:\/\/www.iltalehti.fi\/henkilot\/Katri Helena\" class=\"article-link-person-page\" rel=\"nofollow noopener\" target=\"_blank\">Katri Helena<\/a>.<\/p>\n<p class=\"paragraph\">Katri Helena my\u00f6s tapasi Roxetten <strong>Per Gesslen<\/strong> ja <strong>Lena Philipssonin<\/strong>. Tapaamisesta otetun kuvan Katri Helena on julkaissut Instagramissa. Kuvassa koko kolmikko hymyilee iloisesti takahuoneessa.<\/p>\n<p class=\"paragraph\">\u2013 Olipa hyv\u00e4 konsertti eilen, Roxette. Tunnistin aika monta kappaletta vaikka aikanaan samaan aikaan oli itsell\u00e4nikin paljon keikkoja ja aika kova meno p\u00e4\u00e4ll\u00e4. Mukavaa viikkoa! Katri Helena <a href=\"https:\/\/www.instagram.com\/p\/DQ4gzAoDOKF\/\" rel=\"noopener nofollow\" target=\"_blank\">kirjoittaa Instagramissa<\/a>.<\/p>\n<p class=\"paragraph\">Roxettessa vaikuttaa nyky\u00e4\u00e4n biisintekij\u00e4-solisti Gesslen lis\u00e4ksi menestyksekk\u00e4\u00e4n uran Ruotsissa tehnyt Philipsson.<\/p>\n<p class=\"paragraph\">Duon alkuper\u00e4inen toinen osapuoli <a href=\"https:\/\/www.iltalehti.fi\/henkilot\/Marie Fredriksson\" class=\"article-link-person-page\" rel=\"nofollow noopener\" target=\"_blank\">Marie Fredriksson<\/a> nukkui pois vuonna 2019.<\/p>\n<p class=\"paragraph\">Nyky-Roxette palasi keikkalavoille kuluneen vuoden alussa, ja sunnuntain keikka Veikkaus-areenalla oli yhtyeen toinen keikka Suomessa lyhyen ajan sis\u00e4\u00e4n. Edellisen kerran Roxette esiintyi Suomessa hein\u00e4kuussa Pori Jazzissa.<\/p>\n<p class=\"paragraph\">Menestyskiertue jatkuu viel\u00e4 ensi vuonnakin.<\/p>\n<p>Roxetten Per Gessle ja Lena Philipsson.  AOP<\/p>\n<p><script async src=\"\/\/www.instagram.com\/embed.js\"><\/script><\/p>\n","protected":false},"excerpt":{"rendered":"Katri Helena ylist\u00e4\u00e4 Roxettea. Katri Helena p\u00e4\u00e4tti pitk\u00e4n ja komean uransa viime kes\u00e4n\u00e4 Helsingin Olympiastadionilla. Timur Yilmaz Legendaarinen&hellip;\n","protected":false},"author":2,"featured_media":86517,"comment_status":"","ping_status":"","sticky":false,"template":"","format":"standard","meta":{"footnotes":""},"categories":[136],"tags":[35,138,407,137,33,31,30,408,763,47,742,32,397,484,109],"class_list":{"0":"post-86516","1":"post","2":"type-post","3":"status-publish","4":"format-standard","5":"has-post-thumbnail","7":"category-julkkikset","8":"tag-24h","9":"tag-audio","10":"tag-celebrities","11":"tag-entertainment","12":"tag-fi","13":"tag-finland","14":"tag-finnish","15":"tag-julkkikset","16":"tag-kulttuuri-ja-viihde","17":"tag-musiikki","18":"tag-suomalainen-musiikki","19":"tag-suomi","20":"tag-taide","21":"tag-taiteellinen-ilmaisu-ja-mediat","22":"tag-viihde"},"share_on_mastodon":{"url":"https:\/\/pubeurope.com\/@fi\/115526711791211939","error":""},"_links":{"self":[{"href":"https:\/\/www.europesays.com\/fi\/wp-json\/wp\/v2\/posts\/86516","targetHints":{"allow":["GET"]}}],"collection":[{"href":"https:\/\/www.europesays.com\/fi\/wp-json\/wp\/v2\/posts"}],"about":[{"href":"https:\/\/www.europesays.com\/fi\/wp-json\/wp\/v2\/types\/post"}],"author":[{"embeddable":true,"href":"https:\/\/www.europesays.com\/fi\/wp-json\/wp\/v2\/users\/2"}],"replies":[{"embeddable":true,"href":"https:\/\/www.europesays.com\/fi\/wp-json\/wp\/v2\/comments?post=86516"}],"version-history":[{"count":0,"href":"https:\/\/www.europesays.com\/fi\/wp-json\/wp\/v2\/posts\/86516\/revisions"}],"wp:featuredmedia":[{"embeddable":true,"href":"https:\/\/www.europesays.com\/fi\/wp-json\/wp\/v2\/media\/86517"}],"wp:attachment":[{"href":"https:\/\/www.europesays.com\/fi\/wp-json\/wp\/v2\/media?parent=86516"}],"wp:term":[{"taxonomy":"category","embeddable":true,"href":"https:\/\/www.europesays.com\/fi\/wp-json\/wp\/v2\/categories?post=86516"},{"taxonomy":"post_tag","embeddable":true,"href":"https:\/\/www.europesays.com\/fi\/wp-json\/wp\/v2\/tags?post=86516"}],"curies":[{"name":"wp","href":"https:\/\/api.w.org\/{rel}","templated":true}]}}