{"id":86518,"date":"2025-11-10T18:03:12","date_gmt":"2025-11-10T18:03:12","guid":{"rendered":"https:\/\/www.europesays.com\/fi\/86518\/"},"modified":"2025-11-10T18:03:12","modified_gmt":"2025-11-10T18:03:12","slug":"selviytyjat-suomi-dramaattinen-hatatilanne-kuumuudesta-anne-mari-plantingille","status":"publish","type":"post","link":"https:\/\/www.europesays.com\/fi\/86518\/","title":{"rendered":"Selviytyj\u00e4t Suomi: Dramaattinen h\u00e4t\u00e4tilanne kuumuudesta Anne-Mari Plantingille"},"content":{"rendered":"<p class=\"article-content article-content-width !bg-background\">Selviytyjien 11. osa oli niin t\u00e4ynn\u00e4 dramatiikkaa,<br \/>\nett\u00e4 osa kohtalokkaista tapahtumista ei edes mahtunut jaksoon mukaan.<\/p>\n<p class=\"font-weight-bold m-font-weight-bold italic m-italic article-content article-content-width !bg-background\">Video: Anne-Mari Planting ja Anna-Kaisa Saarenp\u00e4\u00e4 olivat Selviytyj\u00e4t-kisapari<\/p>\n<p class=\"article-content article-content-width !bg-background\">Jakson toisen kisan eli jousiammunnan voitti<br \/>\n<a alt=\"Haku\" class=\"text-primary-red font-extrabold\" href=\"https:\/\/www.seiska.fi\/haku?q=Saana Boelius\" rel=\"nofollow noopener\" target=\"_blank\">Saana Boelius<\/a>. Lopulta jaksossa pudotettu <a alt=\"Haku\" class=\"text-primary-red font-extrabold\" href=\"https:\/\/www.seiska.fi\/haku?q=Anne-Mari Planting\" rel=\"nofollow noopener\" target=\"_blank\">Anne-Mari Planting<\/a> oli my\u00f6s hyvin<br \/>\nmukana kisassa.<\/p>\n<p class=\"article-content article-content-width !bg-background\">Sitten alkoi tapahtua kummia.<\/p>\n<p class=\"article-content article-content-width !bg-background\">\u2013 Pelikent\u00e4ll\u00e4 oli taas kerran todella kuuma,<br \/>\nl\u00e4mp\u00f6tila siis l\u00e4hes 40 astetta ja pilvet\u00f6nt\u00e4, Selviytyj\u00e4t-tuottaja <a alt=\"Haku\" class=\"text-primary-red font-extrabold\" href=\"https:\/\/www.seiska.fi\/haku?q=Pauliina&#010;Ojala\" rel=\"nofollow noopener\" target=\"_blank\">Pauliina<br \/>\nOjala<\/a> alustaa.<\/p>\n<p>Hoitajat tarkkoina<\/p>\n<p class=\"article-content article-content-width !bg-background\">Ojalan mukaan kisapaikoilla on aina l\u00e4sn\u00e4 l\u00e4\u00e4kint\u00e4henkil\u00f6kuntaa.<\/p>\n<p class=\"article-content article-content-width !bg-background\">\u2013 Anne-Marillahan oli jo aiemmin saarella<br \/>\nl\u00e4mp\u00f6uupumusta, joten my\u00f6s sen takia olimme tarkkana, tuottaja kertoo.<\/p>\n<p class=\"article-content article-content-width !bg-background\">\u2013 Jos hoitajat huomaavat tai jos kilpailija itse<br \/>\nkertoo, ett\u00e4 alkaa tulla l\u00e4mp\u00f6uupumusta tai elimist\u00f6n ylikuumentumista, niin<br \/>\nkehoa j\u00e4\u00e4hdytet\u00e4\u00e4n. <\/p>\n<p>                <img decoding=\"async\" src=\"https:\/\/www.europesays.com\/fi\/wp-content\/uploads\/2025\/11\/1987307.webp\" width=\"576\" height=\"274\" alt=\"Jousiammunta helteess\u00e4 uuvutti Anne-Mari Plantingin.\" loading=\"lazy\" \/>            <\/p>\n<p>\n            Jousiammunta helteess\u00e4 uuvutti Anne-Mari Plantingin.<br \/>\n            Lars Johnson\/Sanoma\n        <\/p>\n<p class=\"article-content article-content-width !bg-background\">N\u00e4in k\u00e4vi nytkin Anne-Marin osalta.<\/p>\n<p class=\"article-content article-content-width !bg-background\">\u2013 Kisapaikalla on siis mukana j\u00e4\u00e4t\u00e4<br \/>\nkylm\u00e4bokseissa ja siit\u00e4 tehdyll\u00e4 j\u00e4\u00e4vedell\u00e4 sek\u00e4 kylm\u00e4pakkauksilla j\u00e4\u00e4hdytet\u00e4\u00e4n<br \/>\nennen kuin alkaa tulla vakavampaa l\u00e4mp\u00f6halvausta, Ojala valaisee.<\/p>\n<p class=\"italic m-italic article-content article-content-width !bg-background\">Selviytyj\u00e4t Suomi Nelosella sunnuntaisin.<\/p>\n","protected":false},"excerpt":{"rendered":"Selviytyjien 11. osa oli niin t\u00e4ynn\u00e4 dramatiikkaa, ett\u00e4 osa kohtalokkaista tapahtumista ei edes mahtunut jaksoon mukaan. Video: Anne-Mari&hellip;\n","protected":false},"author":2,"featured_media":86519,"comment_status":"","ping_status":"","sticky":false,"template":"","format":"standard","meta":{"footnotes":""},"categories":[133],"tags":[3547,137,33,31,30,16204,15262,17606,17607,1758,17608,2158,3176,3132,32,206,156,109],"class_list":{"0":"post-86518","1":"post","2":"type-post","3":"status-publish","4":"format-standard","5":"has-post-thumbnail","7":"category-televisiot","8":"tag-anne-mari-planting","9":"tag-entertainment","10":"tag-fi","11":"tag-finland","12":"tag-finnish","13":"tag-kuumuus","14":"tag-laakintaryhma","15":"tag-lampohalvaus","16":"tag-lampouupumus","17":"tag-nelonen","18":"tag-pauliina-ojala","19":"tag-ruutu","20":"tag-saana-boelius","21":"tag-selviytyjat","22":"tag-suomi","23":"tag-televisiot","24":"tag-tv","25":"tag-viihde"},"share_on_mastodon":{"url":"https:\/\/pubeurope.com\/@fi\/115526723557100644","error":""},"_links":{"self":[{"href":"https:\/\/www.europesays.com\/fi\/wp-json\/wp\/v2\/posts\/86518","targetHints":{"allow":["GET"]}}],"collection":[{"href":"https:\/\/www.europesays.com\/fi\/wp-json\/wp\/v2\/posts"}],"about":[{"href":"https:\/\/www.europesays.com\/fi\/wp-json\/wp\/v2\/types\/post"}],"author":[{"embeddable":true,"href":"https:\/\/www.europesays.com\/fi\/wp-json\/wp\/v2\/users\/2"}],"replies":[{"embeddable":true,"href":"https:\/\/www.europesays.com\/fi\/wp-json\/wp\/v2\/comments?post=86518"}],"version-history":[{"count":0,"href":"https:\/\/www.europesays.com\/fi\/wp-json\/wp\/v2\/posts\/86518\/revisions"}],"wp:featuredmedia":[{"embeddable":true,"href":"https:\/\/www.europesays.com\/fi\/wp-json\/wp\/v2\/media\/86519"}],"wp:attachment":[{"href":"https:\/\/www.europesays.com\/fi\/wp-json\/wp\/v2\/media?parent=86518"}],"wp:term":[{"taxonomy":"category","embeddable":true,"href":"https:\/\/www.europesays.com\/fi\/wp-json\/wp\/v2\/categories?post=86518"},{"taxonomy":"post_tag","embeddable":true,"href":"https:\/\/www.europesays.com\/fi\/wp-json\/wp\/v2\/tags?post=86518"}],"curies":[{"name":"wp","href":"https:\/\/api.w.org\/{rel}","templated":true}]}}