{"id":86525,"date":"2025-11-10T18:12:09","date_gmt":"2025-11-10T18:12:09","guid":{"rendered":"https:\/\/www.europesays.com\/fi\/86525\/"},"modified":"2025-11-10T18:12:09","modified_gmt":"2025-11-10T18:12:09","slug":"trump-armahti-kymmenia-mtv-uutiset","status":"publish","type":"post","link":"https:\/\/www.europesays.com\/fi\/86525\/","title":{"rendered":"Trump armahti kymmeni\u00e4 | MTV Uutiset"},"content":{"rendered":"<p><strong class=\"typography-bold\">Yhdysvaltain presidentti Donald Trump on armahtanut kymmeni\u00e4 ihmisi\u00e4, joita syytettiin vuoden 2020 presidenttivaalien horjuttamisesta. Asiasta kertoi Suomen aikaa maanantaina Trumpin hallinnon armahduksista vastaava asianajaja Ed Martin.<\/strong><\/p>\n<p>Yli 70 armahdetun joukossa on muun muassa Trumpin entiset asianajajat <strong class=\"typography-bold\">Rudy Giuliani<\/strong> ja <strong class=\"typography-bold\">Sidney Powell<\/strong> sek\u00e4 Valkoisen talon entinen kansliap\u00e4\u00e4llikk\u00f6 <strong class=\"typography-bold\">Mark Meadows<\/strong>.<\/p>\n<p>Esimerkiksi Giuliania ja Meadowsia syytettiin Georgian osavaltiossa pyrkimyksest\u00e4 kumota vuoden 2020 vaalien tulos. My\u00f6s Trump oli syytettyn\u00e4 rikosjutussa. Entinen presidentti <strong class=\"typography-bold\">Joe Biden<\/strong> voitti Trumpin t\u00e4p\u00e4r\u00e4sti Georgiassa vuoden 2020 vaaleissa.<\/p>\n<p>Martinin julkaiseman armahduskirjeen mukaan listalla oleville my\u00f6nnet\u00e4\u00e4n t\u00e4ysi ja ehdoton armahdus.<\/p>\n<p>Armahdettuja ei ole syytetty liittovaltion tasolla, mutta asiakirja voi est\u00e4\u00e4 tulevia hallintoja syytt\u00e4m\u00e4st\u00e4 listalla olevia asiassa.<\/p>\n<p>Trump on pitk\u00e4\u00e4n v\u00e4itt\u00e4nyt, ett\u00e4 h\u00e4nell\u00e4 olisi valta armahtaa itsens\u00e4 liittovaltion tasolla. Armahduskirjeess\u00e4 kuitenkin sanotaan, ettei kyseinen armahdus koske presidentti\u00e4.<\/p>\n","protected":false},"excerpt":{"rendered":"Yhdysvaltain presidentti Donald Trump on armahtanut kymmeni\u00e4 ihmisi\u00e4, joita syytettiin vuoden 2020 presidenttivaalien horjuttamisesta. Asiasta kertoi Suomen aikaa&hellip;\n","protected":false},"author":2,"featured_media":86526,"comment_status":"","ping_status":"","sticky":false,"template":"","format":"standard","meta":{"footnotes":""},"categories":[14],"tags":[22,23,26,27,33,31,30,17,24,25,28,29,15,18,21,32,19,20,56,16,59,60,61],"class_list":{"0":"post-86525","1":"post","2":"type-post","3":"status-publish","4":"format-standard","5":"has-post-thumbnail","7":"category-ulkomaat","8":"tag-breaking-news","9":"tag-breakingnews","10":"tag-featured-news","11":"tag-featurednews","12":"tag-fi","13":"tag-finland","14":"tag-finnish","15":"tag-headlines","16":"tag-latest-news","17":"tag-latestnews","18":"tag-main-news","19":"tag-mainnews","20":"tag-news","21":"tag-otsikot","22":"tag-paauutiset","23":"tag-suomi","24":"tag-top-stories","25":"tag-topstories","26":"tag-ulkomaat","27":"tag-uutiset","28":"tag-world","29":"tag-world-news","30":"tag-worldnews"},"share_on_mastodon":{"url":"https:\/\/pubeurope.com\/@fi\/115526758943982401","error":""},"_links":{"self":[{"href":"https:\/\/www.europesays.com\/fi\/wp-json\/wp\/v2\/posts\/86525","targetHints":{"allow":["GET"]}}],"collection":[{"href":"https:\/\/www.europesays.com\/fi\/wp-json\/wp\/v2\/posts"}],"about":[{"href":"https:\/\/www.europesays.com\/fi\/wp-json\/wp\/v2\/types\/post"}],"author":[{"embeddable":true,"href":"https:\/\/www.europesays.com\/fi\/wp-json\/wp\/v2\/users\/2"}],"replies":[{"embeddable":true,"href":"https:\/\/www.europesays.com\/fi\/wp-json\/wp\/v2\/comments?post=86525"}],"version-history":[{"count":0,"href":"https:\/\/www.europesays.com\/fi\/wp-json\/wp\/v2\/posts\/86525\/revisions"}],"wp:featuredmedia":[{"embeddable":true,"href":"https:\/\/www.europesays.com\/fi\/wp-json\/wp\/v2\/media\/86526"}],"wp:attachment":[{"href":"https:\/\/www.europesays.com\/fi\/wp-json\/wp\/v2\/media?parent=86525"}],"wp:term":[{"taxonomy":"category","embeddable":true,"href":"https:\/\/www.europesays.com\/fi\/wp-json\/wp\/v2\/categories?post=86525"},{"taxonomy":"post_tag","embeddable":true,"href":"https:\/\/www.europesays.com\/fi\/wp-json\/wp\/v2\/tags?post=86525"}],"curies":[{"name":"wp","href":"https:\/\/api.w.org\/{rel}","templated":true}]}}