{"id":86527,"date":"2025-11-10T18:13:10","date_gmt":"2025-11-10T18:13:10","guid":{"rendered":"https:\/\/www.europesays.com\/fi\/86527\/"},"modified":"2025-11-10T18:13:10","modified_gmt":"2025-11-10T18:13:10","slug":"perussuomalaiset-vaativat-vihreyden-poistamista-porin-kaupungin-strategiasta-teksti-on-kuin-kummelista-satakunta","status":"publish","type":"post","link":"https:\/\/www.europesays.com\/fi\/86527\/","title":{"rendered":"Perussuomalaiset vaativat vihreyden poistamista Porin kaupungin strategiasta: \u201dTeksti on kuin Kummelista\u201d | Satakunta"},"content":{"rendered":"<p class=\"aw-1gybjub aw-5vja16 kEtdKx kmuxyA yle__article__paragraph\">Pori haluaa strategiansa mukaan olla muun muassa avoin, rakastava ja rohkea \u2013 sek\u00e4 vihre\u00e4. Perussuomalaisia lukuunottamatta strategia ker\u00e4si suuret kiitokset valtuutetuilta.<\/p>\n<p><img decoding=\"async\" alt=\"Mies istuu k\u00e4det yhdess\u00e4 kasvojen edess\u00e4. Miehell\u00e4 on viikset ja parta. H\u00e4n katsoo sivuun. Taustalla kaksi ihmist\u00e4 keskustelee.\" src=\"https:\/\/www.europesays.com\/fi\/wp-content\/uploads\/2025\/11\/39-10102406329723da8a54.jpeg\" class=\"aw-1l9m598 hKVVvP\"\/><\/p>\n<p>Avaa kuvien katselu<\/p>\n<p>Perussuomalaisten valtuustoryhm\u00e4n puheenjohtaja Anssi Salmi Kuva: Jari Pelkonen \/ Yle<\/p>\n<p class=\"aw-1gybjub aw-1p7kakr kEtdKx cEmitX yle__article__paragraph\">Kuntastrategian laadinta ei yleens\u00e4 her\u00e4t\u00e4 erityisi\u00e4 intohimoja. Porissa oli maanantaina toisin, kun perussuomalaisten valtuustoryhm\u00e4 kyseenalaisti Satakunnan p\u00e4\u00e4kaupungin uuden strategiapaperin.<\/p>\n<p class=\"aw-1gybjub aw-1p7kakr kEtdKx cEmitX yle__article__paragraph\">Jokaisella kunnalla on<a class=\"aw-iao6s4 iHOxEa yle__article__link\" href=\"https:\/\/www.finlex.fi\/fi\/lainsaadanto\/2015\/410#part_3__chp_6__sec_35\" role=\"link\" rel=\"nofollow noopener\" target=\"_blank\"> kuntalain <\/a>mukaan oltava strategia. Porin uuden strategian mukaan kaupunki on avoin, rakastava ja rohkea. Esimerkiksi n\u00e4in:<\/p>\n<p class=\"aw-1gybjub aw-1p7kakr kEtdKx cEmitX yle__article__paragraph\">\u2013 Porilaisuus on vahvaa yhteis\u00f6llisyytt\u00e4. Kaupungin monipuolisuus on ylpeyden aihe. Olemme kotiseuturakkaita.<\/p>\n<p>Perussuomalaiset \u00e4rtyi kahdesta teemasta<\/p>\n<p class=\"aw-1gybjub aw-1p7kakr kEtdKx cEmitX yle__article__paragraph\">Visionsa mukaan Pori on \u201dkasvun metropori\u201d, jossa lentokentt\u00e4alue kehittyy, teko\u00e4ly\u00e4 hy\u00f6dynnet\u00e4\u00e4n ja jonne nuoret saapuvat opiskelemaan ja v\u00e4h\u00e4n vanhemmat t\u00f6ihin.<\/p>\n<p class=\"aw-1gybjub aw-1p7kakr kEtdKx cEmitX yle__article__paragraph\">Valtuustoryhm\u00e4t laidasta laitaan suhtautuivat strategiaan p\u00e4\u00e4osin kehuen. Perussuomalaisten ryhm\u00e4n puheenjohtaja <strong class=\"aw-ak79eh KyCXm yle__article__strong\">Anssi Salmi<\/strong> rikkoi muutoin samanmielisen ilmapiirin ja vaati muutoksia. Puolue halusi poistaa strategiasta vieraskielisten osallisuutta ja vihre\u00e4\u00e4 br\u00e4ndi\u00e4 koskevat maininnat.<\/p>\n<p class=\"aw-1gybjub aw-1p7kakr kEtdKx cEmitX yle__article__paragraph\">\u2013 Meill\u00e4 on Pori-br\u00e4ndi, joka on selke\u00e4. Miten Poriin tuleva TNT-tehdas ja telakan j\u00e4\u00e4nmurtajiin keskittyv\u00e4 teollisuus ovat vihre\u00e4\u00e4 br\u00e4ndi\u00e4? Tulee olo, ett\u00e4 olemme Kummelin sketsiss\u00e4. Emmeh\u00e4n me voi kirjoittaa strategiaan t\u00e4mm\u00f6ist\u00e4, Salmi sanoi.<\/p>\n<p class=\"aw-1gybjub aw-1p7kakr kEtdKx cEmitX yle__article__paragraph\">Forcitin r\u00e4j\u00e4hdetehtaan tuotannon Porin Noormarkussa on tarkoitus alkaa 2028. Paikalla on jo aloitettu <a class=\"aw-iao6s4 iHOxEa yle__article__link\" href=\"https:\/\/yle.fi\/a\/74-20186658\" role=\"link\" rel=\"nofollow noopener\" target=\"_blank\">rakentamisty\u00f6t<\/a>. Yhdysvaltojen j\u00e4\u00e4nmurtajatilausten <a class=\"aw-iao6s4 iHOxEa yle__article__link\" href=\"https:\/\/yle.fi\/a\/74-20187695\" role=\"link\" rel=\"nofollow noopener\" target=\"_blank\">odotetaan ty\u00f6llist\u00e4v\u00e4n<\/a> Porin M\u00e4ntyluodon telakkaa merkitt\u00e4v\u00e4sti.<\/p>\n<p>Muut strategian kannalla<\/p>\n<p class=\"aw-1gybjub aw-1p7kakr kEtdKx cEmitX yle__article__paragraph\">Muissa valtuustoryhmiss\u00e4 perussuomalaisten n\u00e4k\u00f6kulma ei sytytt\u00e4nyt. Esimerkiksi vihreiden ryhm\u00e4njohtaja <strong class=\"aw-ak79eh KyCXm yle__article__strong\">Anna Kyh\u00e4-Mantere<\/strong> totesi, ett\u00e4 strategia on selke\u00e4 ja sen soveltaminen k\u00e4yt\u00e4nt\u00f6\u00f6n on mahdollista.<\/p>\n<p class=\"aw-1gybjub aw-1p7kakr kEtdKx cEmitX yle__article__paragraph\">SDP:t\u00e4 edustava <strong class=\"aw-ak79eh KyCXm yle__article__strong\">Joonas Ryyn\u00e4nen<\/strong> h\u00e4mm\u00e4steli, miksi perussuomalaiset tuo identiteettipolitiikan Poriin.<\/p>\n<p class=\"aw-1gybjub aw-1p7kakr kEtdKx cEmitX yle__article__paragraph\">\u2013 Teollisuuden investoinnit perustuvat vihre\u00e4n siirtym\u00e4n periaatteille eiv\u00e4tk\u00e4 menneisyyden haikailuun.<\/p>\n<p class=\"aw-1gybjub aw-1p7kakr kEtdKx cEmitX yle__article__paragraph\">Perussuomalaisten poistoehdotukset h\u00e4visiv\u00e4t \u00e4\u00e4nestyksiss\u00e4 luvuin 54\u20135 (vieraskielisten osallisuus) ja 53\u20136 (vihreys).<\/p>\n<p class=\"aw-1gybjub aw-1p7kakr kEtdKx cEmitX yle__article__paragraph\">Aivan yksin perussuomalaiset eiv\u00e4t olleet kriittisi\u00e4. Keskustan riveist\u00e4 arvosteltiin strategiaa siit\u00e4, ett\u00e4 maaseutua ei papereissa mainita. T\u00e4m\u00e4 ei kuitenkaan johtanut \u00e4\u00e4nestyksiin.<\/p>\n<p><img decoding=\"async\" alt=\"\" src=\"https:\/\/www.europesays.com\/fi\/wp-content\/uploads\/2025\/11\/13-1-1853467-1601536694101.jpeg\" class=\"aw-1l9m598 hKVVvP\"\/><\/p>\n","protected":false},"excerpt":{"rendered":"Pori haluaa strategiansa mukaan olla muun muassa avoin, rakastava ja rohkea \u2013 sek\u00e4 vihre\u00e4. Perussuomalaisia lukuunottamatta strategia ker\u00e4si&hellip;\n","protected":false},"author":2,"featured_media":86528,"comment_status":"","ping_status":"","sticky":false,"template":"","format":"standard","meta":{"footnotes":""},"categories":[12],"tags":[22,23,26,27,33,31,30,17,17611,71,1833,2052,24,25,8115,28,29,15,18,21,49,2787,968,17609,32,19,20,16,17610,15368],"class_list":{"0":"post-86527","1":"post","2":"type-post","3":"status-publish","4":"format-standard","5":"has-post-thumbnail","7":"category-suomi","8":"tag-breaking-news","9":"tag-breakingnews","10":"tag-featured-news","11":"tag-featurednews","12":"tag-fi","13":"tag-finland","14":"tag-finnish","15":"tag-headlines","16":"tag-integraatio","17":"tag-kotimaa","18":"tag-kunnat","19":"tag-kuntapolitiikka","20":"tag-latest-news","21":"tag-latestnews","22":"tag-maahanmuuttajat","23":"tag-main-news","24":"tag-mainnews","25":"tag-news","26":"tag-otsikot","27":"tag-paauutiset","28":"tag-perussuomalaiset","29":"tag-pori","30":"tag-satakunta","31":"tag-strategiat","32":"tag-suomi","33":"tag-top-stories","34":"tag-topstories","35":"tag-uutiset","36":"tag-vihrea-politiikka","37":"tag-vihrea-siirtyma"},"share_on_mastodon":{"url":"https:\/\/pubeurope.com\/@fi\/115526763019291177","error":""},"_links":{"self":[{"href":"https:\/\/www.europesays.com\/fi\/wp-json\/wp\/v2\/posts\/86527","targetHints":{"allow":["GET"]}}],"collection":[{"href":"https:\/\/www.europesays.com\/fi\/wp-json\/wp\/v2\/posts"}],"about":[{"href":"https:\/\/www.europesays.com\/fi\/wp-json\/wp\/v2\/types\/post"}],"author":[{"embeddable":true,"href":"https:\/\/www.europesays.com\/fi\/wp-json\/wp\/v2\/users\/2"}],"replies":[{"embeddable":true,"href":"https:\/\/www.europesays.com\/fi\/wp-json\/wp\/v2\/comments?post=86527"}],"version-history":[{"count":0,"href":"https:\/\/www.europesays.com\/fi\/wp-json\/wp\/v2\/posts\/86527\/revisions"}],"wp:featuredmedia":[{"embeddable":true,"href":"https:\/\/www.europesays.com\/fi\/wp-json\/wp\/v2\/media\/86528"}],"wp:attachment":[{"href":"https:\/\/www.europesays.com\/fi\/wp-json\/wp\/v2\/media?parent=86527"}],"wp:term":[{"taxonomy":"category","embeddable":true,"href":"https:\/\/www.europesays.com\/fi\/wp-json\/wp\/v2\/categories?post=86527"},{"taxonomy":"post_tag","embeddable":true,"href":"https:\/\/www.europesays.com\/fi\/wp-json\/wp\/v2\/tags?post=86527"}],"curies":[{"name":"wp","href":"https:\/\/api.w.org\/{rel}","templated":true}]}}