{"id":86529,"date":"2025-11-10T18:14:06","date_gmt":"2025-11-10T18:14:06","guid":{"rendered":"https:\/\/www.europesays.com\/fi\/86529\/"},"modified":"2025-11-10T18:14:06","modified_gmt":"2025-11-10T18:14:06","slug":"presidentti-niinisto-ylelle-euroopan-olisi-syyta-keskustella-suoraan-venajan-kanssa-kuten-trump-tekee-politiikka","status":"publish","type":"post","link":"https:\/\/www.europesays.com\/fi\/86529\/","title":{"rendered":"Presidentti Niinist\u00f6 Ylelle: Euroopan olisi syyt\u00e4 keskustella suoraan Ven\u00e4j\u00e4n kanssa, kuten Trump tekee | Politiikka"},"content":{"rendered":"<p class=\"aw-1gybjub aw-5vja16 kEtdKx kmuxyA yle__article__paragraph\">Presidentti Sauli Niinist\u00f6 kaipasi Ylen haastattelussa my\u00f6s lis\u00e4\u00e4 maan turvallisuuteen liittyv\u00e4\u00e4 opetusta kouluihin.<\/p>\n<p>Presidentti Niinist\u00f6 kommentoi Euroopan Ven\u00e4j\u00e4-suhdetta Ylen haastattelussa Finlandia-talolla.<\/p>\n<p class=\"aw-1gybjub aw-1p7kakr kEtdKx cEmitX yle__article__paragraph\">Presidentti <strong class=\"aw-ak79eh KyCXm yle__article__strong\">Sauli Niinist\u00f6<\/strong> katsoo, ett\u00e4 Euroopan pit\u00e4isi k\u00e4yd\u00e4 my\u00f6s suoria keskusteluja Ven\u00e4j\u00e4n kanssa, kun hy\u00f6kk\u00e4yssotaa Ukrainaan pyrit\u00e4\u00e4n lopettamaan.<\/p>\n<p class=\"aw-1gybjub aw-1p7kakr kEtdKx cEmitX yle__article__paragraph\">Yle haastatteli Niinist\u00f6n, kun t\u00e4m\u00e4 oli pit\u00e4nyt puheen Suomen Atlantti-seuran tilaisuudessa Helsingin Finlandia-talolla.<\/p>\n<p class=\"aw-1gybjub aw-1p7kakr kEtdKx cEmitX yle__article__paragraph\">Yle kysyi Niinist\u00f6lt\u00e4, onko se terve tilanne, ettei Euroopan mailla tunnu olevan suoraa kontaktia Ven\u00e4j\u00e4\u00e4n, joka kuitenkin neuvottelee Ukrainan kohtaloista suoraan Yhdysvaltain presidentin <strong class=\"aw-ak79eh KyCXm yle__article__strong\">Donald Trumpin<\/strong> kanssa.<\/p>\n<p class=\"aw-1gybjub aw-1p7kakr kEtdKx cEmitX yle__article__paragraph\">\u2013 (Ranskan presidentti) <strong class=\"aw-ak79eh KyCXm yle__article__strong\">Macron<\/strong> lienee viimeinen, joka on soittanut ja sit\u00e4 ennen (Saksan) liittokansleri <strong class=\"aw-ak79eh KyCXm yle__article__strong\">Scholtz<\/strong> noin vuosi sitten. Ja sai suuret haukut. Min\u00e4 h\u00e4nt\u00e4 puolustin ja n\u00e4en edelleenkin tietynlaisen hassunkurisen tilanteen siin\u00e4, ett\u00e4 eurooppalaiset ilmoittavat etteiv\u00e4t keskustele sotarikollinen Putinin kanssa. Mutta Trump keskustelee ja sitten me menemme kuuntelemaan, ett\u00e4 mit\u00e4s puhuitte. Ja pel\u00e4t\u00e4\u00e4n samalla v\u00e4h\u00e4n, ett\u00e4 etteiv\u00e4t vaan puhu Euroopasta yli Euroopan.<\/p>\n<p class=\"aw-1gybjub aw-1p7kakr kEtdKx cEmitX yle__article__paragraph\">Niinist\u00f6n mielest\u00e4 my\u00f6s Euroopan voisi olla syyt\u00e4 puhua Moskovan kanssa suoraan.<\/p>\n<p class=\"aw-1gybjub aw-1p7kakr kEtdKx cEmitX yle__article__paragraph\">\u2013 Kun t\u00e4llaisessa tilanteessa ollaan, niin voisi olla viisasta kyll\u00e4 itsekin k\u00e4yd\u00e4 niit\u00e4 keskusteluja. Siin\u00e4 miss\u00e4 Trumpkin.<\/p>\n<p>Niinist\u00f6: J\u00e4rjestelm\u00e4llist\u00e4 turvallisuuskasvatusta kouluihin<\/p>\n<p class=\"aw-1gybjub aw-1p7kakr kEtdKx cEmitX yle__article__paragraph\">Presidentti Niinist\u00f6 katsoo, ett\u00e4 turvallisuus on \u201dkaiken meid\u00e4n olemisemme perusta\u201d. Sellaisena se j\u00e4\u00e4 helposti my\u00f6s havaitsematta.<\/p>\n<p class=\"aw-1gybjub aw-1p7kakr kEtdKx cEmitX yle__article__paragraph\">Niinist\u00f6n mielest\u00e4 olisi hyv\u00e4, ett\u00e4 jo nuoresta alkaen opittaisiin ymm\u00e4rt\u00e4m\u00e4\u00e4n, ett\u00e4 turvallisuus on kokonaisvaltainen asia, joka ei muodostu pelk\u00e4st\u00e4\u00e4n armeijasta ja poliisista. Siihen kuuluvat esimerkiksi my\u00f6s terveydenhuolto ja pelastustoimi.<\/p>\n<p class=\"aw-1gybjub aw-1p7kakr kEtdKx cEmitX yle__article__paragraph\">H\u00e4nest\u00e4 t\u00e4m\u00e4 voisi n\u00e4ky\u00e4 nykyist\u00e4 selvemmin my\u00f6s suomalaisessa kouluopetuksessa.<\/p>\n<p class=\"aw-1gybjub aw-1p7kakr kEtdKx cEmitX yle__article__paragraph\">\u2013 Minusta olisi aika hienoa, jos kouluissa kiinnitett\u00e4isiin j\u00e4rjestelm\u00e4llisesti enemm\u00e4n huomiota siihen, ett\u00e4 oppilaat oppivat ymm\u00e4rt\u00e4m\u00e4\u00e4n, ett\u00e4 turvallisuus on perusrakenne. Ja oppivat my\u00f6s arvostamaan niit\u00e4 teht\u00e4vi\u00e4, joita siell\u00e4 tehd\u00e4\u00e4n.<\/p>\n<p>Eurooppa heikentyi, mutta jaettaviksi ei pid\u00e4 suostua<\/p>\n<p class=\"aw-1gybjub aw-1p7kakr kEtdKx cEmitX yle__article__paragraph\">Niinist\u00f6 sanoo Euroopan painoarvon v\u00e4hentyneen t\u00e4ll\u00e4 vuosituhannella, kun maapallon kohtaloista p\u00e4\u00e4tet\u00e4\u00e4n Yhdysvaltain, Kiinan ja Ven\u00e4j\u00e4n v\u00e4lill\u00e4.<\/p>\n<p class=\"aw-1gybjub aw-1p7kakr kEtdKx cEmitX yle__article__paragraph\">Niinist\u00f6n mukaan Suomen liittyess\u00e4 Euroopan unioniin 90-luvulla ja viel\u00e4 vuosituhannen vaihteen j\u00e4lkeenkin Euroopan unionia kuunneltiin. Nyt Eurooppa on h\u00e4nen mukaansa kadonnut vallan nelikosta.<\/p>\n<p class=\"aw-1gybjub aw-1p7kakr kEtdKx cEmitX yle__article__paragraph\">\u2013 Min\u00e4 olen joskus n\u00e4it\u00e4 valtarakenteita piirrellyt neli\u00f6n muotoon, jossa EU oli yksi. Nyt se ik\u00e4v\u00e4 kyll\u00e4 on pudonnut kolmioon. Minusta n\u00e4ytt\u00e4\u00e4 silt\u00e4, ett\u00e4 Eurooppa alkaa olla nyt valinkauhassa: on ryhdist\u00e4ydytt\u00e4v\u00e4, jotta se oma s\u00e4ilyy.<\/p>\n<p class=\"aw-1gybjub aw-1p7kakr kEtdKx cEmitX yle__article__paragraph\">Erityisesti Yhdysvallat ja Kiina jakavat maailmaa taloudellisen kilpailun kautta. Kansakuntien sieluista k\u00e4yd\u00e4\u00e4n taistelua.<\/p>\n<p class=\"aw-1gybjub aw-1p7kakr kEtdKx cEmitX yle__article__paragraph\">\u2013 Euroopan on pidett\u00e4v\u00e4 Eurooppa Eurooppana, eik\u00e4 suinkaan alistuttava jakokohteeksi, jolloinka joku kuuluu johonkin leiriin ja joku toinen johonkin toiseen.<\/p>\n<p class=\"aw-1gybjub aw-1p7kakr kEtdKx cEmitX yle__article__paragraph\">Niinist\u00f6n mukaan Eurooppa kyll\u00e4 kykenee s\u00e4ilytt\u00e4m\u00e4\u00e4n itsens\u00e4, kunhan tilanteeseen havahdutaan. T\u00e4rke\u00e4 osa t\u00e4t\u00e4 on riitt\u00e4v\u00e4 sotilaallinen valmius, mutta Niinist\u00f6 puhuu my\u00f6s kokonaisturvallisuudesta, johon kuuluu esimerkiksi ilmastosta huolehtiminen.<\/p>\n<p class=\"aw-1gybjub aw-1p7kakr kEtdKx cEmitX yle__article__paragraph\">\u2013 Eurooppalaisia me olemme ja meill\u00e4 pit\u00e4\u00e4 olla eurooppalainen tahto.<\/p>\n","protected":false},"excerpt":{"rendered":"Presidentti Sauli Niinist\u00f6 kaipasi Ylen haastattelussa my\u00f6s lis\u00e4\u00e4 maan turvallisuuteen liittyv\u00e4\u00e4 opetusta kouluihin. Presidentti Niinist\u00f6 kommentoi Euroopan Ven\u00e4j\u00e4-suhdetta&hellip;\n","protected":false},"author":2,"featured_media":86530,"comment_status":"","ping_status":"","sticky":false,"template":"","format":"standard","meta":{"footnotes":""},"categories":[5],"tags":[22,23,26,27,33,31,30,17,24,25,28,29,15,18,21,637,1553,32,19,20,16,547],"class_list":{"0":"post-86529","1":"post","2":"type-post","3":"status-publish","4":"format-standard","5":"has-post-thumbnail","7":"category-otsikot","8":"tag-breaking-news","9":"tag-breakingnews","10":"tag-featured-news","11":"tag-featurednews","12":"tag-fi","13":"tag-finland","14":"tag-finnish","15":"tag-headlines","16":"tag-latest-news","17":"tag-latestnews","18":"tag-main-news","19":"tag-mainnews","20":"tag-news","21":"tag-otsikot","22":"tag-paauutiset","23":"tag-politiikka","24":"tag-sauli-niinisto","25":"tag-suomi","26":"tag-top-stories","27":"tag-topstories","28":"tag-uutiset","29":"tag-venaja"},"share_on_mastodon":{"url":"https:\/\/pubeurope.com\/@fi\/115526766632813240","error":""},"_links":{"self":[{"href":"https:\/\/www.europesays.com\/fi\/wp-json\/wp\/v2\/posts\/86529","targetHints":{"allow":["GET"]}}],"collection":[{"href":"https:\/\/www.europesays.com\/fi\/wp-json\/wp\/v2\/posts"}],"about":[{"href":"https:\/\/www.europesays.com\/fi\/wp-json\/wp\/v2\/types\/post"}],"author":[{"embeddable":true,"href":"https:\/\/www.europesays.com\/fi\/wp-json\/wp\/v2\/users\/2"}],"replies":[{"embeddable":true,"href":"https:\/\/www.europesays.com\/fi\/wp-json\/wp\/v2\/comments?post=86529"}],"version-history":[{"count":0,"href":"https:\/\/www.europesays.com\/fi\/wp-json\/wp\/v2\/posts\/86529\/revisions"}],"wp:featuredmedia":[{"embeddable":true,"href":"https:\/\/www.europesays.com\/fi\/wp-json\/wp\/v2\/media\/86530"}],"wp:attachment":[{"href":"https:\/\/www.europesays.com\/fi\/wp-json\/wp\/v2\/media?parent=86529"}],"wp:term":[{"taxonomy":"category","embeddable":true,"href":"https:\/\/www.europesays.com\/fi\/wp-json\/wp\/v2\/categories?post=86529"},{"taxonomy":"post_tag","embeddable":true,"href":"https:\/\/www.europesays.com\/fi\/wp-json\/wp\/v2\/tags?post=86529"}],"curies":[{"name":"wp","href":"https:\/\/api.w.org\/{rel}","templated":true}]}}