{"id":86539,"date":"2025-11-10T18:34:09","date_gmt":"2025-11-10T18:34:09","guid":{"rendered":"https:\/\/www.europesays.com\/fi\/86539\/"},"modified":"2025-11-10T18:34:09","modified_gmt":"2025-11-10T18:34:09","slug":"vain-yksi-suomalainen-on-paassyt-tanne","status":"publish","type":"post","link":"https:\/\/www.europesays.com\/fi\/86539\/","title":{"rendered":"Vain yksi suomalainen on p\u00e4\u00e4ssyt t\u00e4nne"},"content":{"rendered":"<p>Tamperelaisl\u00e4ht\u00f6isen tekstiilitaiteilijan matto on p\u00e4\u00e4ssyt arvokkaaseen seuraan Ranskassa.<\/p>\n<p><img decoding=\"async\" class=\"image image-show image-preview\" src=\"https:\/\/www.europesays.com\/fi\/wp-content\/uploads\/2025\/11\/1e550aeaab667827494d80b894ba2ce80bcf80026f138607b51b07617b581363.jpg\" alt=\"\"\/><img decoding=\"async\" class=\"image image-show\" src=\"https:\/\/www.europesays.com\/fi\/wp-content\/uploads\/2025\/11\/1762799649_3_1e550aeaab667827494d80b894ba2ce80bcf80026f138607b51b07617b581363.jpg\" alt=\"\"\/><\/p>\n<p>Tr\u00e9sor eli \u201dAarre\u201d valmistui vuonna 2021 ja se on ollut k\u00e4yt\u00f6ss\u00e4 muun muassa \u00c9lys\u00e9e-palatsissa, Ranskan presidentin ty\u00f6huoneessa. Philippe Servent\/Photo Pr\u00e9sidence de la R\u00e9publique<\/p>\n<p class=\"paragraph\">Mobilier Nationalin eli Ranskan valtion arvokalustekokoelman perustivat aurinkokuningas <strong>Ludvig XIV<\/strong> ja h\u00e4nen valtiosihteerins\u00e4 <strong>Jean-Baptiste Colbert<\/strong> vuonna 1663. Nyky\u00e4\u00e4n Mobilier National toimii Ranskan kulttuuriministeri\u00f6n alaisuudessa, ja se toimittaa edelleen alkuper\u00e4isen ajatuksen mukaisesti kalusteita Ranskan valtion palatsien, ministeri\u00f6iden ja suurl\u00e4hetyst\u00f6jen k\u00e4ytt\u00f6\u00f6n. Lis\u00e4ksi sen kutomoissa ja ty\u00f6pajoissa koulutetaan valtion k\u00e4sity\u00f6l\u00e4isi\u00e4 ja n\u00e4in heille siirret\u00e4\u00e4n vuosisatoja vanhoja k\u00e4dentaitoja.<\/p>\n<p class=\"paragraph\"><strong>Jaana Reinikainen<\/strong> on\u00a0tamperelaisl\u00e4ht\u00f6inen tekstiilitaiteilija\u00a0ja\u00a0ensimm\u00e4inen suomalainen suunnittelija, jonka malli on toteutettu\u00a0Mobilier\u00a0National -kokoelmaan. H\u00e4nen suunnittelemansa 29-neli\u00f6isen\u00a0Tr\u00e9sor-nukkamaton valmistivat Pariisin\u00a0Gobelins-korttelissa\u00a0Manufacture\u00a0de la\u00a0Savonnerie\u00a0-kutomon taidek\u00e4sity\u00f6l\u00e4iset 2014\u20132021.<\/p>\n<p class=\"paragraph\">Manufacture\u00a0de la\u00a0Savonnerie\u00a0-kutomo on viel\u00e4kin vanhempi kuin Mobilier National. Sen perusti Ranskan kuningas <strong>Ludvig XIII<\/strong> vuonna 1627 elvytt\u00e4\u00e4kseen ranskalaisia k\u00e4sity\u00f6taitoja. Siell\u00e4 valmistetut kuuluisien taiteilijoiden suunnittelemat matot kiert\u00e4v\u00e4t maailmaa Ranskan valtion tiloissa sek\u00e4 kansainv\u00e4lisiss\u00e4 n\u00e4yttelyiss\u00e4 edustaen ranskalaista huippuosaamista ja valtion tukemia k\u00e4dentaitoja.<\/p>\n<p>Arvovieraiden jalkojen alla<\/p>\n<p class=\"paragraph\">Valmis Tr\u00e9sor-matto esiteltiin yleis\u00f6lle Pariisissa syyskuussa 2021. Sen j\u00e4lkeen se sijoitettiin \u00c9lys\u00e9e-palatsin Kultaiseen saliin\u202f(Salon dor\u00e9) Ranskan presidentin ty\u00f6huoneeseen, jossa h\u00e4n ottaa vastaan kansainv\u00e4lisi\u00e4 arvovieraita. My\u00f6hemmin matto on n\u00e4hty muun muassa Marseillessa Palais du Pharo -palatsissa paavi <strong>Franciscuksen<\/strong> ja presidentti <strong>Emmanuel Macronin<\/strong> tavatessa siell\u00e4 syyskuussa 2023.<\/p>\n<p class=\"paragraph\">\u2013 T\u00e4m\u00e4n p\u00e4iv\u00e4n muotoilijalle on todellinen etuoikeus tehd\u00e4 yhteisty\u00f6t\u00e4 valtion Mobilier National -arvokalustekokoelman ja Manufacture de la Savonnerie -kutomon kanssa, kertoo Reinikainen Museo Milavidan tiedotteessa.<\/p>\n<p class=\"paragraph\">\u2013 Se tarjoaa ainutlaatuisen tilaisuuden ty\u00f6skennell\u00e4 lahjakkaiden taidek\u00e4sity\u00f6l\u00e4isten kanssa ja osallistua perinteiseen mattojen valmistusprosessiin k\u00e4ytt\u00e4en luonnonmateriaaleja ja 400 vuotta vanhoja tekniikoita ja ty\u00f6kaluja. N\u00e4in syntyy korkealaatuisia tekstiilej\u00e4, jotka kest\u00e4v\u00e4t satoja vuosia.<\/p>\n<p class=\"paragraph\">Tr\u00e9sor-nukkamatto valmistettiin perinteisell\u00e4 solmiamistekniikalla pystyloimeen nelj\u00e4n kutojan istuessa vierekk\u00e4in kangaspuiden edess\u00e4. Tr\u00e9sor-matossa on yhteens\u00e4 2.881.000 solmua, noin 11 miljoonaa langanp\u00e4tk\u00e4\u00e4, ja se painaa 300 kiloa!<\/p>\n<p class=\"paragraph\">Pian mattoa voi ihailla poikkeuksellisesti Suomessa, sill\u00e4 se on esill\u00e4 Museo Milavidassa 12.11.-4.12. Museo Milavida kuuluu Tampereen historiallisiin museoihin, joita ovat my\u00f6s museokeskus Vapriikki ja Amurin museokortteli.<\/p>\n","protected":false},"excerpt":{"rendered":"Tamperelaisl\u00e4ht\u00f6isen tekstiilitaiteilijan matto on p\u00e4\u00e4ssyt arvokkaaseen seuraan Ranskassa. Tr\u00e9sor eli \u201dAarre\u201d valmistui vuonna 2021 ja se on ollut&hellip;\n","protected":false},"author":2,"featured_media":86540,"comment_status":"","ping_status":"","sticky":false,"template":"","format":"standard","meta":{"footnotes":""},"categories":[130],"tags":[2110,137,33,31,30,6103,1390,32,485,2347,5509,109],"class_list":{"0":"post-86539","1":"post","2":"type-post","3":"status-publish","4":"format-standard","5":"has-post-thumbnail","7":"category-viihde","8":"tag-elamantapa-ja-vapaa-aika","9":"tag-entertainment","10":"tag-fi","11":"tag-finland","12":"tag-finnish","13":"tag-kasityot","14":"tag-kuukausi","15":"tag-suomi","16":"tag-taide-yleista","17":"tag-tekstiilit","18":"tag-teollinen-muotoilu","19":"tag-viihde"},"share_on_mastodon":{"url":"https:\/\/pubeurope.com\/@fi\/115526845422234791","error":""},"_links":{"self":[{"href":"https:\/\/www.europesays.com\/fi\/wp-json\/wp\/v2\/posts\/86539","targetHints":{"allow":["GET"]}}],"collection":[{"href":"https:\/\/www.europesays.com\/fi\/wp-json\/wp\/v2\/posts"}],"about":[{"href":"https:\/\/www.europesays.com\/fi\/wp-json\/wp\/v2\/types\/post"}],"author":[{"embeddable":true,"href":"https:\/\/www.europesays.com\/fi\/wp-json\/wp\/v2\/users\/2"}],"replies":[{"embeddable":true,"href":"https:\/\/www.europesays.com\/fi\/wp-json\/wp\/v2\/comments?post=86539"}],"version-history":[{"count":0,"href":"https:\/\/www.europesays.com\/fi\/wp-json\/wp\/v2\/posts\/86539\/revisions"}],"wp:featuredmedia":[{"embeddable":true,"href":"https:\/\/www.europesays.com\/fi\/wp-json\/wp\/v2\/media\/86540"}],"wp:attachment":[{"href":"https:\/\/www.europesays.com\/fi\/wp-json\/wp\/v2\/media?parent=86539"}],"wp:term":[{"taxonomy":"category","embeddable":true,"href":"https:\/\/www.europesays.com\/fi\/wp-json\/wp\/v2\/categories?post=86539"},{"taxonomy":"post_tag","embeddable":true,"href":"https:\/\/www.europesays.com\/fi\/wp-json\/wp\/v2\/tags?post=86539"}],"curies":[{"name":"wp","href":"https:\/\/api.w.org\/{rel}","templated":true}]}}