{"id":86542,"date":"2025-11-10T18:38:08","date_gmt":"2025-11-10T18:38:08","guid":{"rendered":"https:\/\/www.europesays.com\/fi\/86542\/"},"modified":"2025-11-10T18:38:08","modified_gmt":"2025-11-10T18:38:08","slug":"kadonnut-rappiostriimaaja-kari-on-loytynyt","status":"publish","type":"post","link":"https:\/\/www.europesays.com\/fi\/86542\/","title":{"rendered":"Kadonnut rappiostriimaaja Kari on l\u00f6ytynyt"},"content":{"rendered":"<p>Rappiostriimaaja Kari Liimatta on kunnossa, yst\u00e4v\u00e4 Olli Sampela kertoo.<\/p>\n<p><img decoding=\"async\" class=\"image image-show image-preview\" src=\"https:\/\/www.europesays.com\/fi\/wp-content\/uploads\/2025\/11\/142c3133027801482d85adc9fe2f5407950329b07f96f095e2a0b7654aca485f.jpg\" alt=\"\"\/><img decoding=\"async\" class=\"image image-show\" src=\"https:\/\/www.europesays.com\/fi\/wp-content\/uploads\/2025\/11\/1762799888_621_142c3133027801482d85adc9fe2f5407950329b07f96f095e2a0b7654aca485f.jpg\" alt=\"\"\/><\/p>\n<p>Yst\u00e4v\u00e4 sai tiedon Liimatasta poliisiasemalta. Haastateltavan kotialbumi<\/p>\n<p class=\"paragraph\">Kreikassa kadonneeksi ilmoitettu rappiostriimaaja <strong>Kari Liimatta<\/strong> on l\u00f6ytynyt. Asian vahvistaa Iltalehdelle Liimatan yst\u00e4v\u00e4 ja t\u00e4t\u00e4 Kreikassa etsinyt <strong>Olli Sampela<\/strong>.<\/p>\n<p class=\"paragraph\">\u2013 Tuntuu aivan mahtavalta, hirve\u00e4 helpotus, Sampela kertoo.<\/p>\n<p class=\"paragraph\">Sampelan mukaan Liimatta on poliisin hallussa. Sampela ei halua avata tarkemmin, miksi poliisi on ottanut t\u00e4m\u00e4n kiinni ja vienyt putkaan.<\/p>\n<p class=\"paragraph\">\u2013 Kari saa sen itse kertoa.<\/p>\n<p class=\"paragraph\">Juttu jatkuu kuvan j\u00e4lkeen.<\/p>\n<p>Liimatta katosi l\u00e4heisilt\u00e4\u00e4n Ateenassa. EPA \/ AOP<\/p>\n<p class=\"paragraph\">Sampelan k\u00e4sityksen mukaan Liimatta on ollut kiinniotettuna lauantaiaamusta asti. Ennen Liimatan l\u00f6ytymist\u00e4 l\u00e4hipiirin viimeinen havainto rappiostriimaajasta oli ollut lauantailta aamukahdeksalta. Sampela sai tiedon Liimatan olinpaikasta poliisiasemalta.<\/p>\n<p class=\"paragraph\">L\u00e4heisille ja yst\u00e4ville on kerrottu Liimatan l\u00f6ytymisest\u00e4. Sampela aikoo juhlistaa tilanteen ratkeamista. Sen j\u00e4lkeen kaksikko palannee Suomeen.<\/p>\n<p class=\"paragraph\">\u2013 Eik\u00f6h\u00e4n me Karin kanssa l\u00e4hdet\u00e4 kotiin.<\/p>\n","protected":false},"excerpt":{"rendered":"Rappiostriimaaja Kari Liimatta on kunnossa, yst\u00e4v\u00e4 Olli Sampela kertoo. Yst\u00e4v\u00e4 sai tiedon Liimatasta poliisiasemalta. Haastateltavan kotialbumi Kreikassa kadonneeksi&hellip;\n","protected":false},"author":2,"featured_media":86543,"comment_status":"","ping_status":"","sticky":false,"template":"","format":"standard","meta":{"footnotes":""},"categories":[14],"tags":[35,22,23,26,27,33,31,30,17,55,53,24,25,28,29,15,18,21,122,54,52,32,19,20,56,16,59,60,61],"class_list":{"0":"post-86542","1":"post","2":"type-post","3":"status-publish","4":"format-standard","5":"has-post-thumbnail","7":"category-ulkomaat","8":"tag-24h","9":"tag-breaking-news","10":"tag-breakingnews","11":"tag-featured-news","12":"tag-featurednews","13":"tag-fi","14":"tag-finland","15":"tag-finnish","16":"tag-headlines","17":"tag-lainvalvonta","18":"tag-laki-oikeus-ja-rikos","19":"tag-latest-news","20":"tag-latestnews","21":"tag-main-news","22":"tag-mainnews","23":"tag-news","24":"tag-otsikot","25":"tag-paauutiset","26":"tag-pelastaminen","27":"tag-pelastuspalvelut","28":"tag-poliisi","29":"tag-suomi","30":"tag-top-stories","31":"tag-topstories","32":"tag-ulkomaat","33":"tag-uutiset","34":"tag-world","35":"tag-world-news","36":"tag-worldnews"},"share_on_mastodon":{"url":"https:\/\/pubeurope.com\/@fi\/115526861262170503","error":""},"_links":{"self":[{"href":"https:\/\/www.europesays.com\/fi\/wp-json\/wp\/v2\/posts\/86542","targetHints":{"allow":["GET"]}}],"collection":[{"href":"https:\/\/www.europesays.com\/fi\/wp-json\/wp\/v2\/posts"}],"about":[{"href":"https:\/\/www.europesays.com\/fi\/wp-json\/wp\/v2\/types\/post"}],"author":[{"embeddable":true,"href":"https:\/\/www.europesays.com\/fi\/wp-json\/wp\/v2\/users\/2"}],"replies":[{"embeddable":true,"href":"https:\/\/www.europesays.com\/fi\/wp-json\/wp\/v2\/comments?post=86542"}],"version-history":[{"count":0,"href":"https:\/\/www.europesays.com\/fi\/wp-json\/wp\/v2\/posts\/86542\/revisions"}],"wp:featuredmedia":[{"embeddable":true,"href":"https:\/\/www.europesays.com\/fi\/wp-json\/wp\/v2\/media\/86543"}],"wp:attachment":[{"href":"https:\/\/www.europesays.com\/fi\/wp-json\/wp\/v2\/media?parent=86542"}],"wp:term":[{"taxonomy":"category","embeddable":true,"href":"https:\/\/www.europesays.com\/fi\/wp-json\/wp\/v2\/categories?post=86542"},{"taxonomy":"post_tag","embeddable":true,"href":"https:\/\/www.europesays.com\/fi\/wp-json\/wp\/v2\/tags?post=86542"}],"curies":[{"name":"wp","href":"https:\/\/api.w.org\/{rel}","templated":true}]}}