{"id":86571,"date":"2025-11-10T19:21:13","date_gmt":"2025-11-10T19:21:13","guid":{"rendered":"https:\/\/www.europesays.com\/fi\/86571\/"},"modified":"2025-11-10T19:21:13","modified_gmt":"2025-11-10T19:21:13","slug":"krista-kosonen-nayttelijan-arjestaan-paljolti-torjuntaa-ja-epaonnistumista","status":"publish","type":"post","link":"https:\/\/www.europesays.com\/fi\/86571\/","title":{"rendered":"Krista Kosonen n\u00e4yttelij\u00e4n arjestaan: &#8221;Paljolti torjuntaa ja ep\u00e4onnistumista&#8221;"},"content":{"rendered":"<p>\n            20251105, Helsinki. Munkkivuori ja Pasilan Myrkky pressip\u00e4iv\u00e4. Kuvassa Krista Kosonen.<br \/>\n            Timo Korhonen\n        <\/p>\n<p class=\"subtitle \">Munkkivuori-t\u00e4hti on kiitollinen hyv\u00e4st\u00e4 ty\u00f6llisyystilanteestaan.<\/p>\n<p class=\"article-content article-content-width !bg-background\"> luoma mystinen draamasarja Munkkivuori saa pian jatkoa. Elisa Viihteen alkuper\u00e4issarjan toinen tuotantokausi alkaa 1. joulukuuta Ruutu+:lla.<\/p>\n<p class=\"font-weight-bold m-font-weight-bold article-content article-content-width !bg-background\">Videolla Munkkivuori 2:n ja Pasilan myrkyn tekij\u00e4t kertovat kauniin lapsuusmuistonsa.\u00a0<\/p>\n<p class=\"article-content article-content-width !bg-background\">Kakkoskauden alkuper\u00e4inen k\u00e4sikirjoitus on Janin k\u00e4sialaa, mutta sit\u00e4 on karsittu rajulla k\u00e4dell\u00e4 ja sarjan tuotantobudjettia leikattu v\u00e4hint\u00e4\u00e4n yht\u00e4 reippaasti.<\/p>\n<p>        <a itemprop=\"url\" href=\"https:\/\/www.seiska.fi\/katso\/nuori-tytto-katoaa-munkkivuoren-toisella-kaudella-traileri-ensiesityksessa\/1971075\" rel=\"nofollow noopener\" target=\"_blank\"><\/p>\n<p>\nTraileri ensiesityksess\u00e4\n<\/p>\n<p class=\"section-date\">\n        <strong class=\"article-section\" data-section=\"katso\"><br \/>\n            katso<br \/>\n        <\/strong><br \/>\n        24.10. 08:45\n    <\/p>\n<p>Nuori tytt\u00f6 katoaa Munkkivuoren toisella kaudella \u2013 traileri ensiesityksess\u00e4\n    <\/p>\n<p itemprop=\"description\" class=\"subtitle \">\n    Nelj\u00e4ll\u00e4 Kultaisella Venlalla palkittu Munkkivuori saa jatkoa. Sarjan traileri on nyt ensiesityksess\u00e4 Katso.fiss\u00e4.\n<\/p>\n<p>        <\/a><\/p>\n<p class=\"article-content article-content-width !bg-background\">Munkkivuori 2:n ohjaa .<\/p>\n<p class=\"article-content article-content-width !bg-background\">Yksi kakkoskauden uusista n\u00e4yttelij\u00f6ist\u00e4 on , joka esitt\u00e4\u00e4 teini-ik\u00e4isen Ninan () l\u00e4\u00e4k\u00e4ri\u00e4iti\u00e4. H\u00e4nen arkkitehti-puolisoaan n\u00e4yttelee\u00a0 ja muistih\u00e4iri\u00f6st\u00e4 k\u00e4rsiv\u00e4\u00e4 appea .\u00a0<\/p>\n<p class=\"article-content article-content-width !bg-background\">Tarina alkaa, kun Nina yst\u00e4vystyy Munkkivuoreen saapuvan ja kotoaan karanneen salaper\u00e4isen 16-vuotiaan\u00a0Lolan () kanssa.<\/p>\n<p>                <img decoding=\"async\" src=\"https:\/\/www.europesays.com\/fi\/wp-content\/uploads\/2025\/11\/1987476.webp\" width=\"576\" height=\"322\" alt=\"Munkkivuori 2:n tapahtumat sijoittuvat 1980-luvun lopulle.\" loading=\"lazy\" \/>            <\/p>\n<p>\n            Munkkivuori 2:n tapahtumat sijoittuvat 1980-luvun lopulle.<br \/>\n            .\n        <\/p>\n<p class=\"article-content article-content-width !bg-background\">Unelmien kes\u00e4 saa yll\u00e4tt\u00e4v\u00e4n k\u00e4\u00e4nteen, kun Lola katoaa.\u00a0<\/p>\n<p>        <a itemprop=\"url\" href=\"https:\/\/www.seiska.fi\/katso\/arvio-herra-ylppo-teki-komean-taide-elokuvan\/1956633\" rel=\"nofollow noopener\" target=\"_blank\"><\/p>\n<p>\nKronos Kairos\n<\/p>\n<p class=\"section-date\">\n        <strong class=\"article-section\" data-section=\"katso\"><br \/>\n            katso<br \/>\n        <\/strong><br \/>\n        7.11. 09:15\n    <\/p>\n<p>Arvio: Herra Ylpp\u00f6 teki komean taide-elokuvan\n    <\/p>\n<p itemprop=\"description\" class=\"subtitle \">\n    Herra Ylp\u00f6n esikoiselokuva Kronos Kairos saa ensi-iltansa perjantaina 7.11.\n<\/p>\n<p>        <\/a><\/p>\n<p class=\"article-content article-content-width !bg-background\">Nuoret olettavat bile-Lolan hyp\u00e4nneen b\u00e4ndin matkaan, mutta syksyll\u00e4 synkk\u00e4 todellisuus alkaa paljastua.<\/p>\n<p class=\"article-content article-content-width !bg-background\">\u2013\tIhailin paljon Munkkivuori-sarjaa ja Jani Volasta, mill\u00e4 pieteetill\u00e4 h\u00e4n tekee, rakentaa maailman kaikkine yksityiskohtineen, Krista kehuu.<\/p>\n<p>Yksin\u00e4isest\u00e4 Ruotsista kotoisaan Munkkivuoreen<\/p>\n<p class=\"article-content article-content-width !bg-background\">Ennen Munkkivuori 2:n kuvauksia Krista oli juuri tehnyt Ruotsissa Netflix-rikossarjan Synden, jossa h\u00e4nell\u00e4 on p\u00e4\u00e4rooli rikostutkija Danina.<\/p>\n<p class=\"article-content article-content-width !bg-background\">\u2013\tSe oli yksi isoimmista ja haastavimmista t\u00f6ist\u00e4ni. Olin aika yksin Ruotsissa, ja kun sitten istuin Munkkivuoren 80-luvun settiin, tuli kotoinen olo.<\/p>\n<p class=\"article-content article-content-width !bg-background\">\u2013\tSiin\u00e4 olivat Eero, jonka kanssa olemme tunteneet 16-vuotiaista l\u00e4htien, sek\u00e4 H-P, jonka kanssa olen tehnyt vaikka mit\u00e4. Se oli ihanaa, Krista huokaa.<\/p>\n<p>                <img decoding=\"async\" src=\"https:\/\/www.europesays.com\/fi\/wp-content\/uploads\/2025\/11\/1987475.webp\" width=\"576\" height=\"260\" title=\"Krista Kosonen ja Eero Ritala esitt\u00e4v\u00e4t avioparia Munkkivuoren toisella kaudella. N\u00e4yttelij\u00e4t tutustuivat toisiinsa jo teini-i\u00e4ss\u00e4 Kallion lukiossa Helsingiss\u00e4.\" alt=\"Munkkivuori, 2. kausi, 2025, Krista Kosonen, Eero Ritala.\" loading=\"lazy\" \/>            <\/p>\n<p>\n            Krista Kosonen ja Eero Ritala esitt\u00e4v\u00e4t avioparia Munkkivuoren toisella kaudella. N\u00e4yttelij\u00e4t tutustuivat toisiinsa jo teini-i\u00e4ss\u00e4 Kallion lukiossa Helsingiss\u00e4.<br \/>\n            Hans Barck\/Sanoma\n        <\/p>\n<p class=\"article-content article-content-width !bg-background\">Kaiken kukkuraksi sarjan nuoret olivat upeita ja lahjakkaita n\u00e4yttelij\u00e4n alkuja, joiden kanssa oli ilo ty\u00f6skennell\u00e4.<\/p>\n<p>        <a itemprop=\"url\" href=\"https:\/\/www.seiska.fi\/katso\/vesa-vierikko-tiputtaa-uutispommin-loppusuoralla\/1984124\" rel=\"nofollow noopener\" target=\"_blank\"><\/p>\n<p>\nVesa Vierikon avoin tilitys\n<\/p>\n<p class=\"section-date\">\n        <strong class=\"article-section\" data-section=\"katso\"><br \/>\n            katso<br \/>\n        <\/strong><br \/>\n        5.11. 16:15\n    <\/p>\n<p>Vesa Vierikko tiputtaa uutispommin: \u201cLoppusuoralla\u201d\n    <\/p>\n<p itemprop=\"description\" class=\"subtitle \">\n    Vesa Vierikko paljastaa yksityiskohtia uransa jatkosta.\n<\/p>\n<p>        <\/a><\/p>\n<p class=\"article-content article-content-width !bg-background\">Krista on aiemminkin esitt\u00e4nyt \u00e4itirooleja, mutta nyt h\u00e4n on tullut siihen pisteeseen, ett\u00e4 esitt\u00e4\u00e4 teinien \u00e4iti\u00e4.<\/p>\n<p class=\"article-content article-content-width !bg-background\">\u2013\tT\u00f6rm\u00e4sin jossakin bileiss\u00e4  ja siin\u00e4 puhuimme, ett\u00e4 me olemme Brotherusten \u00e4itej\u00e4. Maria oli n\u00e4ytellyt   \u00e4iti\u00e4, min\u00e4 taas . N\u00e4in se vaan menee, Krista sanoo.\u00a0<\/p>\n<p>Ep\u00e4varmuutta ja pettymyksi\u00e4\u00a0<\/p>\n<p class=\"article-content article-content-width !bg-background\">Teatterikorkeakoulusta vuonna 2009 valmistunut Krista ei ole koskaan ollut vakituisessa ty\u00f6suhteessa.<\/p>\n<p class=\"article-content article-content-width !bg-background\">\u2013\tEn pysty suunnittelemaan uraani. Se rakentuu minusta riippumattomista syist\u00e4.<\/p>\n<p class=\"article-content article-content-width !bg-background\">\u2013 Totta kai voin sanoa joillekin t\u00f6ille ei, mutta paljolti freelancen\u00e4yttelij\u00e4n el\u00e4m\u00e4 on torjuntaa ja ep\u00e4onnistumista. Mit\u00e4 enemm\u00e4n tulee mahdollisuuksia, sit\u00e4 enemm\u00e4n tulee my\u00f6s pettymyksi\u00e4, Krista toteaa kaunistelematta.\u00a0<\/p>\n<p class=\"article-content article-content-width !bg-background\">H\u00e4n korostaa, ett\u00e4 jokainen ty\u00f6 on teht\u00e4v\u00e4 hyvin, jotta siit\u00e4 koituisi seuraava ty\u00f6.\u00a0<\/p>\n<p class=\"article-content article-content-width !bg-background\">Ep\u00e4varmuuden voi kokea my\u00f6s vapauttavana. Itse\u00e4\u00e4n on jatkuvasti kehitett\u00e4v\u00e4, kun pysyv\u00e4n ty\u00f6n luomaa turvaa ei ole.\u00a0<\/p>\n<p class=\"article-content article-content-width !bg-background\">T\u00e4ll\u00e4 hetkell\u00e4 Jussi-palkittua Kristaa ty\u00f6llist\u00e4v\u00e4t eniten televisio ja elokuvat.<\/p>\n<p>        <a itemprop=\"url\" href=\"https:\/\/www.seiska.fi\/katso\/podcast-tiina-lymin-herkka-kohtaus-meni-pilalle-lehma-halusi-osallistua\/1982789\" rel=\"nofollow noopener\" target=\"_blank\"><\/p>\n<p>\nTiina Lymi podcastissa:\n<\/p>\n<p class=\"section-date\">\n        <strong class=\"article-section\" data-section=\"katso\"><br \/>\n            katso<br \/>\n        <\/strong><br \/>\n        4.11. 16:15\n    <\/p>\n<p>Podcast: Tiina Lymin herkk\u00e4 kohtaus meni pilalle &#8211; lehm\u00e4 halusi osallistua\n    <\/p>\n<p itemprop=\"description\" class=\"subtitle \">\n    \u2013 Joka kerta, kun n\u00e4yttelij\u00e4t puhuivat, lehm\u00e4 vastasi vierest\u00e4 isolla \u00e4\u00e4nell\u00e4 &#8221;m\u00f6\u00f6&#8221;, Tiina Lymi kertoo elokuvansa kuvauksista.\n<\/p>\n<p>        <\/a><\/p>\n<p class=\"article-content article-content-width !bg-background\">Lis\u00e4ksi h\u00e4n tekee \u00e4\u00e4nikirjoja, toimii puhujana, pit\u00e4\u00e4 omaa lukupiiri\u00e4 ja vierailevana opettajana kameran\u00e4yttelemisen kursseja Teatterikorkeakoulussa maisteriohjelmaa k\u00e4yville opiskelijoille.\u00a0<\/p>\n<p class=\"article-content article-content-width !bg-background\">Puhujana Kristaa on viime aikoina tilattu yritysten sis\u00e4isiin tilaisuuksiin. Toivottuja teemoja ovat erityisesti intuitiivinen ajattelu, luovuus, rohkeus ja ep\u00e4onnistuminen.<\/p>\n<p>Oscar-kirouksen \u00e4\u00e4rell\u00e4<\/p>\n<p class=\"article-content article-content-width !bg-background\">Krista on ansainnut palkintoja niin kotimaassa kuin ulkomailla.<\/p>\n<p class=\"article-content article-content-width !bg-background\">H\u00e4nell\u00e4 on kaksi elokuva-alan Jussi-palkintoa sek\u00e4 saman verran televisioalan Kultaisia Venloja.\u00a0<\/p>\n<p class=\"article-content article-content-width !bg-background\">Kansainv\u00e4lisist\u00e4 palkinnoista Kristalle on my\u00f6nnetty Angela Award Kilkennyn Subtitle-elokuvafestivaaleilla Irlannissa ja parhaan naisp\u00e4\u00e4osan palkinto sek\u00e4 Shanghain elokuvajuhlilla ett\u00e4 Historical Film Festival -tapahtumassa Waterloossa Belgiassa.<\/p>\n<p class=\"article-content article-content-width !bg-background\">Usein oletetaan, ett\u00e4 n\u00e4yttelij\u00e4 alkaisi saada palkintojen my\u00f6t\u00e4 enemm\u00e4n ty\u00f6tarjouksia. T\u00e4h\u00e4n Krista ei usko.\u00a0<\/p>\n<p>                <img decoding=\"async\" src=\"https:\/\/www.europesays.com\/fi\/wp-content\/uploads\/2025\/11\/1987479.webp\" width=\"576\" height=\"317\" alt=\"Kes\u00e4ll\u00e4 2015 Krista palkittiin Shanghaissa Kiinan merkitt\u00e4vimm\u00e4ll\u00e4 elokuva-alan palkinnolla naisp\u00e4\u00e4osaroolistaan elokuvassa K\u00e4til\u00f6.\" loading=\"lazy\" \/>            <\/p>\n<p>\n            Kes\u00e4ll\u00e4 2015 Krista palkittiin Shanghaissa Kiinan merkitt\u00e4vimm\u00e4ll\u00e4 elokuva-alan palkinnolla naisp\u00e4\u00e4osaroolistaan elokuvassa K\u00e4til\u00f6.<br \/>\n            All Over Press\n        <\/p>\n<p class=\"article-content article-content-width !bg-background\">Jopa palkittu Hollywood-t\u00e4hti\u00a0 on puhunut ilmi\u00f6st\u00e4 Oscar-kirous, jonka mukaan palkinnoista saattaa olla n\u00e4yttelij\u00e4n uralle haittaa eli ty\u00f6markkinoilla alkaa hiljaisuus voiton j\u00e4lkeen.<\/p>\n<p class=\"article-content article-content-width !bg-background\">\u2013\tOlen kyll\u00e4 ollut tosi ty\u00f6llistetty, mist\u00e4 saan olla iloinen. Ovatko palkinnot vaikuttaneet vai eiv\u00e4t, en oikein tied\u00e4. En usko. En n\u00e4e, ett\u00e4 kukaan tuottaja ajattelisi, ett\u00e4 tuo voitti Venlan, ett\u00e4 siit\u00e4 olisi nyt hy\u00f6ty\u00e4, Krista pohtii.<\/p>\n<p class=\"article-content article-content-width !bg-background\">Krista muistuttaa my\u00f6s toisesta alaansa liittyv\u00e4st\u00e4 harhaanjohtavasta mielikuvasta.<\/p>\n<p class=\"article-content article-content-width !bg-background\">\u2013\tMinulta tulee nyt nelj\u00e4n kuukauden sis\u00e4ll\u00e4 nelj\u00e4 isoa juttua ulos. N\u00e4ist\u00e4 jotkut on tehty jo pari vuotta sitten.<\/p>\n<p class=\"article-content article-content-width !bg-background\">\u2013\tIhmisille tulee helposti illuusio, ett\u00e4 paljon esill\u00e4 olevalla n\u00e4yttelij\u00e4ll\u00e4 on koko ajan t\u00f6it\u00e4, vaikka oikeasti h\u00e4nell\u00e4 ei ole sill\u00e4 hetkell\u00e4 mit\u00e4\u00e4n, Krista sanoo.\u00a0<\/p>\n<p class=\"italic m-italic article-content article-content-width !bg-background\">Munkkivuori alkaa 1. joulukuuta Ruutu+:lla. Sarja on my\u00f6hemmin katsottavissa my\u00f6s Elisa Viihde -palvelussa.\u00a0<\/p>\n<p>        <a itemprop=\"url\" href=\"https:\/\/www.seiska.fi\/katso\/hittisarja-munkkivuori-saa-toisen-kauden-mukana-krista-kosonen\/1436959\" rel=\"nofollow noopener\" target=\"_blank\"><\/p>\n<p class=\"section-date\">\n        <strong class=\"article-section\" data-section=\"katso\"><br \/>\n            katso<br \/>\n        <\/strong><br \/>\n        21.8.2024 11:57\n    <\/p>\n<p>Hittisarja Munkkivuori saa toisen kauden \u2013 mukana Krista Kosonen\n    <\/p>\n<p itemprop=\"description\" class=\"subtitle \">\n    Palkittu sarja jatkuu uudella, itsen\u00e4isell\u00e4 tarinalla.\n<\/p>\n<p>        <\/a><\/p>\n","protected":false},"excerpt":{"rendered":"20251105, Helsinki. Munkkivuori ja Pasilan Myrkky pressip\u00e4iv\u00e4. Kuvassa Krista Kosonen. Timo Korhonen Munkkivuori-t\u00e4hti on kiitollinen hyv\u00e4st\u00e4 ty\u00f6llisyystilanteestaan. luoma&hellip;\n","protected":false},"author":2,"featured_media":86572,"comment_status":"","ping_status":"","sticky":false,"template":"","format":"standard","meta":{"footnotes":""},"categories":[133],"tags":[17629,17628,3787,137,33,31,30,17627,2382,10650,7871,4963,7387,17626,15581,1342,17625,12674,32,206,156,109],"class_list":{"0":"post-86571","1":"post","2":"type-post","3":"status-publish","4":"format-standard","5":"has-post-thumbnail","7":"category-televisiot","8":"tag-amos-brotherus","9":"tag-eero-ritala","10":"tag-elisa-viihde-alkuperaissarjat","11":"tag-entertainment","12":"tag-fi","13":"tag-finland","14":"tag-finnish","15":"tag-freelancer","16":"tag-haastattelu","17":"tag-hannu-pekka-bjorkman","18":"tag-jani-volanen","19":"tag-johannes-brotherus","20":"tag-krista-kosonen","21":"tag-maria-ylipaa","22":"tag-munkkivuori-2","23":"tag-nayttelija","24":"tag-oscar-kirous","25":"tag-palkinto","26":"tag-suomi","27":"tag-televisiot","28":"tag-tv","29":"tag-viihde"},"share_on_mastodon":{"url":"https:\/\/pubeurope.com\/@fi\/115527030197216660","error":""},"_links":{"self":[{"href":"https:\/\/www.europesays.com\/fi\/wp-json\/wp\/v2\/posts\/86571","targetHints":{"allow":["GET"]}}],"collection":[{"href":"https:\/\/www.europesays.com\/fi\/wp-json\/wp\/v2\/posts"}],"about":[{"href":"https:\/\/www.europesays.com\/fi\/wp-json\/wp\/v2\/types\/post"}],"author":[{"embeddable":true,"href":"https:\/\/www.europesays.com\/fi\/wp-json\/wp\/v2\/users\/2"}],"replies":[{"embeddable":true,"href":"https:\/\/www.europesays.com\/fi\/wp-json\/wp\/v2\/comments?post=86571"}],"version-history":[{"count":0,"href":"https:\/\/www.europesays.com\/fi\/wp-json\/wp\/v2\/posts\/86571\/revisions"}],"wp:featuredmedia":[{"embeddable":true,"href":"https:\/\/www.europesays.com\/fi\/wp-json\/wp\/v2\/media\/86572"}],"wp:attachment":[{"href":"https:\/\/www.europesays.com\/fi\/wp-json\/wp\/v2\/media?parent=86571"}],"wp:term":[{"taxonomy":"category","embeddable":true,"href":"https:\/\/www.europesays.com\/fi\/wp-json\/wp\/v2\/categories?post=86571"},{"taxonomy":"post_tag","embeddable":true,"href":"https:\/\/www.europesays.com\/fi\/wp-json\/wp\/v2\/tags?post=86571"}],"curies":[{"name":"wp","href":"https:\/\/api.w.org\/{rel}","templated":true}]}}