{"id":86581,"date":"2025-11-10T19:31:11","date_gmt":"2025-11-10T19:31:11","guid":{"rendered":"https:\/\/www.europesays.com\/fi\/86581\/"},"modified":"2025-11-10T19:31:11","modified_gmt":"2025-11-10T19:31:11","slug":"aavemainen-naky-109-asunnon-kerrostalossa-helsingissa-laura-30-ja-hanen-puolisonsa-ainoat-asukkaat-paikalliset","status":"publish","type":"post","link":"https:\/\/www.europesays.com\/fi\/86581\/","title":{"rendered":"Aavemainen n\u00e4ky 109 asunnon kerrostalossa Helsingiss\u00e4 \u2013 Laura, 30, ja h\u00e4nen puolisonsa ainoat asukkaat | Paikalliset"},"content":{"rendered":"<p>Tapanilan h\u00e4m\u00e4rtyv\u00e4ss\u00e4 illassa, uusien kerrostalojen rypp\u00e4\u00e4ss\u00e4, loistaa yksi valopilkku.<strong> <\/strong><\/p>\n<p><strong>Laura Kankaanp\u00e4\u00e4<\/strong>, 30, on laittanut kotinsa parvekkeelle jouluvalot. Kaikkien muiden asuntojen parvekkeet ja ikkunat ovat pime\u00e4t.<\/p>\n<p>Kankaanp\u00e4\u00e4 ja puolisonsa sek\u00e4 villakoirat Dino ja Dori ovat kerrostalon ainoat asukkaat.<\/p>\n<p>My\u00f6s saman pihapiirin kaksi muuta taloa ovat ilman asukkaita.<\/p>\n<p>\u2013 Onhan t\u00e4m\u00e4 outoa, toteaa Kankaanp\u00e4\u00e4 L\u00e4nsiv\u00e4yl\u00e4n sisarlehti Helsingin Uutisille.<\/p>\n<p><strong class=\"diks-storyline__impact\">Helsingin<\/strong> Uutiset kertoi kev\u00e4\u00e4ll\u00e4 Tapanilan juna-aseman l\u00e4heisyyteen rakennetusta kolmesta puolihitas-kohteesta, joista yht\u00e4k\u00e4\u00e4n ei ollut saatu kaupaksi.<\/p>\n<p>Rakennukset valmistuivat viime vuoden lopussa. Niit\u00e4 yritettiin kaupata jo rakennusvaiheessa alkuvuodesta 2023.<\/p>\n<p>Toistaiseksi 109 asunnon kohteesta yksi on myyty.<\/p>\n<p><strong class=\"diks-storyline__impact\">Kankaanp\u00e4\u00e4<\/strong> kertoo vanhempiensa olevan toistaiseksi ainoat asunnon omistajat kaupungin asuntotuotannon rakennuttamassa kohteessa.<\/p>\n<p>H\u00e4n ja puoliso ovat olleet reilun 54 neli\u00f6n kaksiossa vuokralla kes\u00e4kuusta alkaen.<\/p>\n<p>\u2013 Vanhempani etsiv\u00e4t sijoitusasuntoa uudiskohteesta juna-aseman l\u00e4heisyydest\u00e4. T\u00e4m\u00e4 sopi heid\u00e4n kriteereihins\u00e4, koska he halusivat uuden, hyv\u00e4ll\u00e4 sijainnilla olevan asunnon, jossa on sauna ja lasitettu iso parveke, Kankaanp\u00e4\u00e4 kertoo.<\/p>\n<p>H\u00e4n ja puolisonsa p\u00e4\u00e4tyiv\u00e4t ensimm\u00e4isiksi vuokralaisiksi palattuaan Suomeen ulkomailla vietetyn vuoden j\u00e4lkeen.<\/p>\n<p><strong class=\"diks-storyline__impact\">Kankaanp\u00e4\u00e4 <\/strong>sanoo pariskunnan tienneen olevansa ensimm\u00e4iset asukkaat taloon muuttaessaan.<\/p>\n<p>Nyt he ovat olleet 5-kerroksisen talon ainoat asukkaat melkein puoli vuotta.<\/p>\n<p><strong class=\"diks-storyline__impact\">Hyvi\u00e4 puolia<\/strong> tilanteessa on se, ett\u00e4 talon yhteisess\u00e4 pyykkituvassa on aina tarjolla vapaita vuoroja.<\/p>\n<p>Koiria voi v\u00e4lill\u00e4 juoksuttaa kolmen talon yhteisell\u00e4 sis\u00e4pihalla vapaana. Se ei h\u00e4iritse ket\u00e4\u00e4n.<\/p>\n<p>\u2013 Eteist\u00e4 tulee v\u00e4lill\u00e4 laajennettua rapun puolelle, Kankaanp\u00e4\u00e4 naurahtaa viedess\u00e4\u00e4n villakoirat sis\u00e4\u00e4n lenkin j\u00e4lkeen ja koirien kirmatessa rapussa.<\/p>\n<p>Toisen kerroksen kotiovelta voi my\u00f6s hyvin huudella alimpaan kerrokseen j\u00e4\u00e4neelle toimittajalle \u2013 sek\u00e4\u00e4n ei h\u00e4iritse ket\u00e4\u00e4n.<\/p>\n<p>\t\t<a class=\"diks-gallery__link\" href=\"https:\/\/i.media.fi\/incoming\/vrmw72\/11135887.jpg\/alternates\/FREE_1440\/11135887.jpg\" data-thumbnail=\"\" data-sub-html=\"Tapanilan puolihitas-kohteessa on kaikkiaan kolme viisikerroksista rakennusta. Marjo J. R\u00e4m\u00f6\" aria-label=\"Katso isompi kuva\" rel=\"nofollow noopener\" target=\"_blank\"><br \/>\n\t\t\t\t<img class=\"diks-figure__image\" src=\"https:\/\/www.europesays.com\/fi\/wp-content\/uploads\/2025\/11\/11135887.jpg\" loading=\"lazy\" decoding=\"sync\" alt=\"\"\/><\/p>\n<p>\t\t\t<\/a><br \/>\n\t\t\t\t\tTapanilan puolihitas-kohteessa on kaikkiaan kolme viisikerroksista rakennusta. Marjo J. R\u00e4m\u00f6<\/p>\n<p><strong class=\"diks-storyline__impact\">Kankaanp\u00e4\u00e4n <\/strong>mukaan pariskunta on kuitenkin el\u00e4nyt arkeaan hulppeassa kerrostalossaan hyvinkin samalla tavalla kuin jos muissa asunnoissa asuttaisiin.<\/p>\n<p>Musiikkia ei ole tullut luukutettua eik\u00e4 rappuk\u00e4yt\u00e4v\u00e4\u00e4 ole otettu henkil\u00f6kohtaiseksi porrastreenipaikaksi.<\/p>\n<p>Talon ylimm\u00e4n kerroksen yhteistiloissa pariskunta on k\u00e4ynyt vain kerran.<\/p>\n<p>\u2013\u2009Kattoterassi osoittautui hyv\u00e4ksi paikaksi katsella syyskuista kuunpimennyst\u00e4.<\/p>\n<p><strong class=\"diks-storyline__impact\">Turvattomuutta<\/strong> Kankaanp\u00e4\u00e4 ei ole talossa kokenut, etenk\u00e4\u00e4n sen j\u00e4lkeen, kun pihaan tuli kameravalvonta.<\/p>\n<p>\u2013 Ja eih\u00e4n t\u00e4\u00e4ll\u00e4 toisaalta ole mit\u00e4\u00e4n viet\u00e4v\u00e4\u00e4 kun asunnot ja varastot ovat tyhji\u00e4.<\/p>\n<p>Ymp\u00e4rill\u00e4 oleva, Falkullan kiilan tiiviisti rakennettu uudisalue, tuo tunteen, ett\u00e4 ihmisi\u00e4 on ymp\u00e4rill\u00e4.<\/p>\n<p>L\u00e4hialueen asukkaita pime\u00e4t talot ja sen ainoat asukkaat toisinaan kiinnostavat.<\/p>\n<p>\u2013\u2009V\u00e4lill\u00e4 huomaa, ett\u00e4 ohikulkijat pys\u00e4htyv\u00e4t katsomaan meid\u00e4n parveketta.<\/p>\n<p>\t\t<a class=\"diks-gallery__link\" href=\"https:\/\/i.media.fi\/incoming\/3l23tw\/11135884.jpg\/alternates\/FREE_1440\/11135884.jpg\" data-thumbnail=\"\" data-sub-html=\"Asuntojen velattomat hinnat ovat 192 929\u2013446 900 euroa velattoman keskineli\u00f6hinnan ollessa 4 513 euroa. Marjo J. R\u00e4m\u00f6\" aria-label=\"Katso isompi kuva\" rel=\"nofollow noopener\" target=\"_blank\"><br \/>\n\t\t\t\t<img class=\"diks-figure__image\" src=\"https:\/\/www.europesays.com\/fi\/wp-content\/uploads\/2025\/11\/11135884.jpg\" loading=\"lazy\" decoding=\"sync\" alt=\"\"\/><\/p>\n<p>\t\t\t<\/a><br \/>\n\t\t\t\t\tAsuntojen velattomat hinnat ovat 192 929\u2013446 900 euroa velattoman keskineli\u00f6hinnan ollessa 4 513 euroa. Marjo J. R\u00e4m\u00f6<\/p>\n<p><strong class=\"diks-storyline__impact\">Muutamista <\/strong>hyvist\u00e4 puolista huolimatta Kankaanp\u00e4\u00e4 toivoisi taloon muitakin asukkaita.<\/p>\n<p>Kaupungin rakennuttamien talojen tyhj\u00e4n\u00e4 seisominen on h\u00e4nest\u00e4 suoranaista verorahojen haaskausta.<\/p>\n<p>\u2013\u2009En tied\u00e4, mit\u00e4 t\u00e4m\u00e4 maksaa kaupungille esimeriksi kuukaudessa, h\u00e4n toteaa 109 asunnon yhteisell\u00e4 sis\u00e4pihalla, jossa lasten leikkiv\u00e4lineet odottavat pieni\u00e4 asukkaita.<\/p>\n<p>H\u00e4n<strong class=\"diks-storyline__impact\"> <\/strong>sanoo ihmetelleens\u00e4 miehens\u00e4 kanssa sit\u00e4, miksi kohdetta ei ole markkinoitu paremmin.<\/p>\n<p>\u2013\u2009Me emme ole n\u00e4hneet yht\u00e4\u00e4n asuntoesittely\u00e4 t\u00e4\u00e4ll\u00e4.<\/p>\n<p>Kankaanp\u00e4\u00e4 miettii, olisiko tilanne mahdollinen jos rakennuttajana olisi ollut yksityinen taho.<\/p>\n<p>\u2013 T\u00e4m\u00e4n kohteen markkinointia pit\u00e4isi nyt vauhdittaa kunnolla. Markkinoinnissa kannattaisi tuoda esille loistava sijainti hienoine ymp\u00e4rist\u00f6ineen, varsin kohtuullinen hinta t\u00e4ysin uudelle asunnolle ja vaikkapa se, ett\u00e4 putkiremontteihin ei tarvitse varautua vuosikymmeniin.<\/p>\n<p><strong class=\"diks-storyline__impact\">Miten<\/strong> Kankaanp\u00e4\u00e4 itse markkinoisi kohdetta?<\/p>\n<p>\u2013\u2009Sijainti on ihan superhyv\u00e4! Juna-asemalle on viiden minuutin k\u00e4velymatka. Keskustaan p\u00e4\u00e4see junalla 20 minuutissa, Triplaan vartissa.<\/p>\n<p>Juna-aseman vieress\u00e4 on aina avoinna oleva kauppa.<\/p>\n<p>Falkullan kotiel\u00e4intila, mets\u00e4t ja pellot ovat muutaman minuutin k\u00e4velymatkan p\u00e4\u00e4ss\u00e4.<\/p>\n<p>\u2013\u2009Luontoa n\u00e4kyy my\u00f6s omalta parvekkeelta etenkin, kun talon edess\u00e4 oleva puistoalue valmistuu. Harvassa asuinpaikassa voi ihailla viereisess\u00e4 purossa uiskentelevia haukia.<\/p>\n<p><strong class=\"diks-storyline__impact\">Asuntoonkin <\/strong>Kankaap\u00e4\u00e4 on ollut eritt\u00e4in tyytyv\u00e4inen. Uusi asunto on siisti, moderni ja kaikin puolin toimiva. Huoltofirma on palvellut pikaisesti ja moitteetta \u2013 talon ainoita asukkaita.<\/p>\n<p>T\u00e4m\u00e4 juttu on julkaistu aiemmin Helsingin Uutisissa.<\/p>\n<p><strong class=\"diks-storyline__impact\">Mik\u00e4 puoli-hitas?<\/strong><\/p>\n<p>Puolihitas-asunnoissa kaupunki m\u00e4\u00e4rittelee asunnon ensimm\u00e4isen myyntihinnan.<\/p>\n<p>Asukkaat valitaan arvonnalla hakijoiden joukosta, silloin kun useampi hakee samaa kohdetta.<\/p>\n<p>Asukas saa myyd\u00e4 asunnon vapaasti ilman hintas\u00e4\u00e4tely\u00e4.<\/p>\n<p>Perinteisiss\u00e4 hitas-asunnoissa hinta on s\u00e4\u00e4delty 30 vuodeksi.<\/p>\n<p>Kaupunki on luopumassa hitas-asuntojen rakentamisesta kokonaan. Uusia kohteita ei en\u00e4\u00e4 aloiteta.<\/p>\n<p>\t\t<a class=\"diks-gallery__link\" href=\"https:\/\/i.media.fi\/incoming\/p6a43j\/11135886.jpg\/alternates\/FREE_1440\/11135886.jpg\" data-thumbnail=\"\" data-sub-html=\"Asunnot ovat kuudessa eri rapussa ja ne ovat kooltaan 39,5\u201398,5 neli\u00f6t\u00e4. Marjo J. R\u00e4m\u00f6\" aria-label=\"Katso isompi kuva\" rel=\"nofollow noopener\" target=\"_blank\"><br \/>\n\t\t\t\t<img class=\"diks-figure__image\" src=\"https:\/\/www.europesays.com\/fi\/wp-content\/uploads\/2025\/11\/11135886.jpg\" loading=\"lazy\" decoding=\"sync\" alt=\"\"\/><\/p>\n<p>\t\t\t<\/a><br \/>\n\t\t\t\t\tAsunnot ovat kuudessa eri rapussa ja ne ovat kooltaan 39,5\u201398,5 neli\u00f6t\u00e4. Marjo J. R\u00e4m\u00f6<\/p>\n","protected":false},"excerpt":{"rendered":"Tapanilan h\u00e4m\u00e4rtyv\u00e4ss\u00e4 illassa, uusien kerrostalojen rypp\u00e4\u00e4ss\u00e4, loistaa yksi valopilkku. Laura Kankaanp\u00e4\u00e4, 30, on laittanut kotinsa parvekkeelle jouluvalot. Kaikkien&hellip;\n","protected":false},"author":2,"featured_media":86582,"comment_status":"","ping_status":"","sticky":false,"template":"","format":"standard","meta":{"footnotes":""},"categories":[12],"tags":[36,542,22,23,26,27,33,31,30,17,104,17630,543,24,25,28,29,15,18,21,402,32,5539,19,20,16],"class_list":{"0":"post-86581","1":"post","2":"type-post","3":"status-publish","4":"format-standard","5":"has-post-thumbnail","7":"category-suomi","8":"tag-asuintalot-ja-asunnot","9":"tag-asuminen","10":"tag-breaking-news","11":"tag-breakingnews","12":"tag-featured-news","13":"tag-featurednews","14":"tag-fi","15":"tag-finland","16":"tag-finnish","17":"tag-headlines","18":"tag-helsinki","19":"tag-joulukoristeet","20":"tag-koti-ja-asuminen","21":"tag-latest-news","22":"tag-latestnews","23":"tag-main-news","24":"tag-mainnews","25":"tag-news","26":"tag-otsikot","27":"tag-paauutiset","28":"tag-rakentaminen-kiinteistot","29":"tag-suomi","30":"tag-tapanila","31":"tag-top-stories","32":"tag-topstories","33":"tag-uutiset"},"share_on_mastodon":{"url":"https:\/\/pubeurope.com\/@fi\/115527069660558607","error":""},"_links":{"self":[{"href":"https:\/\/www.europesays.com\/fi\/wp-json\/wp\/v2\/posts\/86581","targetHints":{"allow":["GET"]}}],"collection":[{"href":"https:\/\/www.europesays.com\/fi\/wp-json\/wp\/v2\/posts"}],"about":[{"href":"https:\/\/www.europesays.com\/fi\/wp-json\/wp\/v2\/types\/post"}],"author":[{"embeddable":true,"href":"https:\/\/www.europesays.com\/fi\/wp-json\/wp\/v2\/users\/2"}],"replies":[{"embeddable":true,"href":"https:\/\/www.europesays.com\/fi\/wp-json\/wp\/v2\/comments?post=86581"}],"version-history":[{"count":0,"href":"https:\/\/www.europesays.com\/fi\/wp-json\/wp\/v2\/posts\/86581\/revisions"}],"wp:featuredmedia":[{"embeddable":true,"href":"https:\/\/www.europesays.com\/fi\/wp-json\/wp\/v2\/media\/86582"}],"wp:attachment":[{"href":"https:\/\/www.europesays.com\/fi\/wp-json\/wp\/v2\/media?parent=86581"}],"wp:term":[{"taxonomy":"category","embeddable":true,"href":"https:\/\/www.europesays.com\/fi\/wp-json\/wp\/v2\/categories?post=86581"},{"taxonomy":"post_tag","embeddable":true,"href":"https:\/\/www.europesays.com\/fi\/wp-json\/wp\/v2\/tags?post=86581"}],"curies":[{"name":"wp","href":"https:\/\/api.w.org\/{rel}","templated":true}]}}