{"id":86614,"date":"2025-11-10T20:22:08","date_gmt":"2025-11-10T20:22:08","guid":{"rendered":"https:\/\/www.europesays.com\/fi\/86614\/"},"modified":"2025-11-10T20:22:08","modified_gmt":"2025-11-10T20:22:08","slug":"trump-tapasi-syyriaa-johtavan-ahmed-al-sharaan-valkoisessa-talossa-uutissuomalainen","status":"publish","type":"post","link":"https:\/\/www.europesays.com\/fi\/86614\/","title":{"rendered":"Trump tapasi Syyriaa johtavan Ahmed al-Sharaan Valkoisessa talossa | Uutissuomalainen"},"content":{"rendered":"<p>Syyrian presidentist\u00e4 Ahmed al-Sharaasta tuli t\u00e4n\u00e4\u00e4n ensimm\u00e4inen Yhdysvaltain Valkoisessa talossa vieraillut syyrialaisjohtaja Syyrian itsen\u00e4istymisen j\u00e4lkeen. Presidentti Donald Trump ja al-Sharaa tapasivat suljettujen ovien takana ilman median l\u00e4sn\u00e4oloa.<\/p>\n<p>Qatarilaismedia al-Jazeeran <a href=\"https:\/\/aje.io\/yqsjj0?update=4097644\" rel=\"nofollow noopener\" target=\"_blank\">julkaisemissa<\/a> kuvissa n\u00e4kyy, kuinka al-Sharaa poistuessaan vilkuttaa kannattajilleen Valkosen talon ulkopuolella.<\/p>\n<p>Valta vaihtui Syyriassa vajaa vuosi sitten, kun al-Sharaan johtama jihadistiryhm\u00e4 Hayat Tahrir al-Sham liittolaisineen kaatoi Bashar al-Assadin hallinnon.<\/p>\n","protected":false},"excerpt":{"rendered":"Syyrian presidentist\u00e4 Ahmed al-Sharaasta tuli t\u00e4n\u00e4\u00e4n ensimm\u00e4inen Yhdysvaltain Valkoisessa talossa vieraillut syyrialaisjohtaja Syyrian itsen\u00e4istymisen j\u00e4lkeen. Presidentti Donald Trump&hellip;\n","protected":false},"author":2,"featured_media":86615,"comment_status":"","ping_status":"","sticky":false,"template":"","format":"standard","meta":{"footnotes":""},"categories":[14],"tags":[22,23,585,26,27,33,31,30,17,24,25,28,29,15,18,21,142,637,144,32,19,20,56,16,638,59,60,61,143,146],"class_list":{"0":"post-86614","1":"post","2":"type-post","3":"status-publish","4":"format-standard","5":"has-post-thumbnail","7":"category-ulkomaat","8":"tag-breaking-news","9":"tag-breakingnews","10":"tag-donald-trump","11":"tag-featured-news","12":"tag-featurednews","13":"tag-fi","14":"tag-finland","15":"tag-finnish","16":"tag-headlines","17":"tag-latest-news","18":"tag-latestnews","19":"tag-main-news","20":"tag-mainnews","21":"tag-news","22":"tag-otsikot","23":"tag-paauutiset","24":"tag-poliitikot","25":"tag-politiikka","26":"tag-presidentti","27":"tag-suomi","28":"tag-top-stories","29":"tag-topstories","30":"tag-ulkomaat","31":"tag-uutiset","32":"tag-valtiovalta","33":"tag-world","34":"tag-world-news","35":"tag-worldnews","36":"tag-yhdysvaltain-politiikka","37":"tag-yhdysvaltain-presidentti"},"share_on_mastodon":{"url":"https:\/\/pubeurope.com\/@fi\/115527270003889894","error":""},"_links":{"self":[{"href":"https:\/\/www.europesays.com\/fi\/wp-json\/wp\/v2\/posts\/86614","targetHints":{"allow":["GET"]}}],"collection":[{"href":"https:\/\/www.europesays.com\/fi\/wp-json\/wp\/v2\/posts"}],"about":[{"href":"https:\/\/www.europesays.com\/fi\/wp-json\/wp\/v2\/types\/post"}],"author":[{"embeddable":true,"href":"https:\/\/www.europesays.com\/fi\/wp-json\/wp\/v2\/users\/2"}],"replies":[{"embeddable":true,"href":"https:\/\/www.europesays.com\/fi\/wp-json\/wp\/v2\/comments?post=86614"}],"version-history":[{"count":0,"href":"https:\/\/www.europesays.com\/fi\/wp-json\/wp\/v2\/posts\/86614\/revisions"}],"wp:featuredmedia":[{"embeddable":true,"href":"https:\/\/www.europesays.com\/fi\/wp-json\/wp\/v2\/media\/86615"}],"wp:attachment":[{"href":"https:\/\/www.europesays.com\/fi\/wp-json\/wp\/v2\/media?parent=86614"}],"wp:term":[{"taxonomy":"category","embeddable":true,"href":"https:\/\/www.europesays.com\/fi\/wp-json\/wp\/v2\/categories?post=86614"},{"taxonomy":"post_tag","embeddable":true,"href":"https:\/\/www.europesays.com\/fi\/wp-json\/wp\/v2\/tags?post=86614"}],"curies":[{"name":"wp","href":"https:\/\/api.w.org\/{rel}","templated":true}]}}