{"id":86626,"date":"2025-11-10T20:45:09","date_gmt":"2025-11-10T20:45:09","guid":{"rendered":"https:\/\/www.europesays.com\/fi\/86626\/"},"modified":"2025-11-10T20:45:09","modified_gmt":"2025-11-10T20:45:09","slug":"erikoisjoukot-kouluttajan-isanpaivajulkaisu-paljasti-uutisen","status":"publish","type":"post","link":"https:\/\/www.europesays.com\/fi\/86626\/","title":{"rendered":"Erikoisjoukot-kouluttajan is\u00e4np\u00e4iv\u00e4julkaisu paljasti uutisen"},"content":{"rendered":"<p>Robin Hendryn Saara-puoliso kertoo uutisen Instagram-julkaisussaan.<\/p>\n<p><img decoding=\"async\" class=\"image image-show image-preview\" src=\"https:\/\/www.europesays.com\/fi\/wp-content\/uploads\/2025\/11\/0c79fa7eba1eb5755b0ac4dbac4c9deb70e061ccae19f759142e4465d98b5ad5.jpg\" alt=\"\"\/><img decoding=\"async\" class=\"image image-show\" src=\"https:\/\/www.europesays.com\/fi\/wp-content\/uploads\/2025\/11\/1762807509_886_0c79fa7eba1eb5755b0ac4dbac4c9deb70e061ccae19f759142e4465d98b5ad5.jpg\" alt=\"\"\/><\/p>\n<p>Robin Hendry on yksi Erikoisjoukot-ohjelman kouluttajista. Jenni G\u00e4stgivar<\/p>\n<p class=\"paragraph\">Erikoisjoukot-kouluttaja <a href=\"https:\/\/www.iltalehti.fi\/henkilot\/Robin Hendry\" class=\"article-link-person-page\" rel=\"nofollow noopener\" target=\"_blank\">Robin Hendry<\/a>n perheess\u00e4 odotetaan lasta.<\/p>\n<p class=\"paragraph\">Hendryn <strong>Saara<\/strong>-puoliso kertoo asiasta Instagram-julkaisussaan, joka on jaettu is\u00e4np\u00e4iv\u00e4n\u00e4.<\/p>\n<p class=\"paragraph\">\u2013 Onnellista is\u00e4np\u00e4iv\u00e4\u00e4 meid\u00e4n rakas Robin, julkaisu alkaa.<\/p>\n<p class=\"paragraph\">\u2013 Ihmeiden aika ei ole ohitse ja t\u00e4m\u00e4n vuoden lahja onkin sitten v\u00e4h\u00e4n spesiaalimpi. Kaiken menness\u00e4 hyvin ensi vuonna saat juhlia is\u00e4np\u00e4iv\u00e4\u00e4 kolmen pienen rakkaan is\u00e4n\u00e4, Saara kirjoittaa.<\/p>\n<p class=\"paragraph\">Jos julkaisu ei n\u00e4y, voit katsoa sen <a href=\"https:\/\/www.instagram.com\/p\/DQ1Lq1xCPiE\/\" rel=\"noopener nofollow\" target=\"_blank\">t\u00e4st\u00e4 linkist\u00e4<\/a>.<\/p>\n<p class=\"paragraph\">Julkaisusta selvi\u00e4\u00e4, ett\u00e4 Saaralla on ollut k\u00e4ynniss\u00e4 16. raskausviikko.<\/p>\n<p class=\"paragraph\">Pariskunta saa paljon onnitteluja julkaisun kommenttikent\u00e4ss\u00e4. Onnittelijoiden joukossa ovat muun muassa juontaja-toimittaja <a href=\"https:\/\/www.iltalehti.fi\/henkilot\/Joanna Kuvaja\" class=\"article-link-person-page\" rel=\"nofollow noopener\" target=\"_blank\">Joanna Kuvaja<\/a> sek\u00e4 niin ik\u00e4\u00e4n Erikoisjoukot-kouluttajana toimiva <a href=\"https:\/\/www.iltalehti.fi\/henkilot\/Janne Lehtonen\" class=\"article-link-person-page\" rel=\"nofollow noopener\" target=\"_blank\">Janne Lehtonen<\/a>.<\/p>\n<p class=\"paragraph\">Hendryll\u00e4 on ennest\u00e4\u00e4n kaksi lasta, joista toinen syntyi syksyll\u00e4 2024.<\/p>\n<p><script async src=\"\/\/www.instagram.com\/embed.js\"><\/script><\/p>\n","protected":false},"excerpt":{"rendered":"Robin Hendryn Saara-puoliso kertoo uutisen Instagram-julkaisussaan. Robin Hendry on yksi Erikoisjoukot-ohjelman kouluttajista. Jenni G\u00e4stgivar Erikoisjoukot-kouluttaja Robin Hendryn perheess\u00e4&hellip;\n","protected":false},"author":2,"featured_media":86627,"comment_status":"","ping_status":"","sticky":false,"template":"","format":"standard","meta":{"footnotes":""},"categories":[130],"tags":[35,137,33,31,30,101,100,98,103,32,109,796],"class_list":{"0":"post-86626","1":"post","2":"type-post","3":"status-publish","4":"format-standard","5":"has-post-thumbnail","7":"category-viihde","8":"tag-24h","9":"tag-entertainment","10":"tag-fi","11":"tag-finland","12":"tag-finnish","13":"tag-ihmissuhteet","14":"tag-lapset-ja-nuoret","15":"tag-perhe","16":"tag-sosiaalikysymykset","17":"tag-suomi","18":"tag-viihde","19":"tag-yhteiskunta"},"share_on_mastodon":{"url":"https:\/\/pubeurope.com\/@fi\/115527360454502610","error":""},"_links":{"self":[{"href":"https:\/\/www.europesays.com\/fi\/wp-json\/wp\/v2\/posts\/86626","targetHints":{"allow":["GET"]}}],"collection":[{"href":"https:\/\/www.europesays.com\/fi\/wp-json\/wp\/v2\/posts"}],"about":[{"href":"https:\/\/www.europesays.com\/fi\/wp-json\/wp\/v2\/types\/post"}],"author":[{"embeddable":true,"href":"https:\/\/www.europesays.com\/fi\/wp-json\/wp\/v2\/users\/2"}],"replies":[{"embeddable":true,"href":"https:\/\/www.europesays.com\/fi\/wp-json\/wp\/v2\/comments?post=86626"}],"version-history":[{"count":0,"href":"https:\/\/www.europesays.com\/fi\/wp-json\/wp\/v2\/posts\/86626\/revisions"}],"wp:featuredmedia":[{"embeddable":true,"href":"https:\/\/www.europesays.com\/fi\/wp-json\/wp\/v2\/media\/86627"}],"wp:attachment":[{"href":"https:\/\/www.europesays.com\/fi\/wp-json\/wp\/v2\/media?parent=86626"}],"wp:term":[{"taxonomy":"category","embeddable":true,"href":"https:\/\/www.europesays.com\/fi\/wp-json\/wp\/v2\/categories?post=86626"},{"taxonomy":"post_tag","embeddable":true,"href":"https:\/\/www.europesays.com\/fi\/wp-json\/wp\/v2\/tags?post=86626"}],"curies":[{"name":"wp","href":"https:\/\/api.w.org\/{rel}","templated":true}]}}