{"id":86731,"date":"2025-11-10T23:50:24","date_gmt":"2025-11-10T23:50:24","guid":{"rendered":"https:\/\/www.europesays.com\/fi\/86731\/"},"modified":"2025-11-10T23:50:24","modified_gmt":"2025-11-10T23:50:24","slug":"veikon-koneella-nyt-kaynnissa-singles-day-tarjoukset-tassa-muutama-poiminta-alennuksista","status":"publish","type":"post","link":"https:\/\/www.europesays.com\/fi\/86731\/","title":{"rendered":"Veikon Koneella nyt k\u00e4ynniss\u00e4 Singles Day -tarjoukset \u2013 t\u00e4ss\u00e4 muutama poiminta alennuksista"},"content":{"rendered":"<p><a href=\"https:\/\/www.europesays.com\/fi\/wp-content\/uploads\/2025\/11\/veikon_kone_singles_days.jpg\" data-lightbox=\"image\"><img fetchpriority=\"high\" decoding=\"async\" aria-describedby=\"caption-attachment-268407\" class=\"size-full wp-image-268407\" src=\"data:image\/svg+xml,%3Csvg%20xmlns=\" http:=\"\" alt=\"Veikon Kone juhlistaa 11. marraskuuta eli 11.11. vietett\u00e4v\u00e4\u00e4 Singles' Dayta.\" width=\"1080\" height=\"1080\" data-lazy- data-lazy- data-lazy-src=\"https:\/\/www.europesays.com\/fi\/wp-content\/uploads\/2025\/11\/veikon_kone_singles_days.jpg\"\/><\/a><\/p>\n<p id=\"caption-attachment-268407\" class=\"wp-caption-text\">Veikon Kone juhlistaa 11. marraskuuta eli 11.11. vietett\u00e4v\u00e4\u00e4 Singles\u2019 Dayta.<\/p>\n<p>Veikon Kone on ilmoittanut Singles Days -kampanjatarjouksista.<\/p>\n<p>Varsinaista Singles\u2019 Dayta, joka on vakiinnuttanut asemansa yhten\u00e4 marraskuun tarjousp\u00e4ivist\u00e4, vietet\u00e4\u00e4n tiistaina 11.11. mutta Veikon Kone on ottanut omalta osaltaan varasl\u00e4hd\u00f6n.<\/p>\n<p>Veikon Kone on t\u00e4n\u00e4 vuonna merkitt\u00e4vist\u00e4 elektroniikkakauppiaista venytt\u00e4nyt tarjousp\u00e4ivi\u00e4\u00e4n rajuimmalla tavalla, sill\u00e4 se aloitti jo 20. lokakuuta Black Fridayn etkot. Kalenterin k\u00e4\u00e4nnytty\u00e4m marraskuuhun tarjoukset nimettiin Black Month -otsikon alle ja on siis siirrytty Singles Days -otsikointiin parin p\u00e4iv\u00e4n ajaksi.<\/p>\n<p style=\"width: 98%; text-align: center; font-size:13px; border-bottom: 1px solid #C8C8C8; line-height: 0.1em; margin: 8px 1% 16px 1%;\">MAINOS (ARTIKKELI JATKUU ALLA)<\/p>\n<p><a href=\"https:\/\/www.veikonkone.fi\/tarjoukset\" rel=\"nofollow noopener\" target=\"_blank\">Veikon Koneen ajankohtaiset tarjoukset l\u00f6ytyv\u00e4t t\u00e4st\u00e4<\/a><\/p>\n<p>Varsinaista Black Fridayta vietet\u00e4\u00e4n t\u00e4n\u00e4 vuonna perjantaina 28. marraskuuta, ja selv\u00e4\u00e4 on, ett\u00e4 Veikon Koneeltakin parhaimmat tarjoukset ovat vasta tulossa.<\/p>\n<p>Singles Days -uutiskirjeess\u00e4\u00e4n Veikon Kone on nostanut esille muutamia mobiililaitetarjouksia.<\/p>\n<p style=\"width: 98%; text-align: center; font-size:13px; border-bottom: 1px solid #C8C8C8; line-height: 0.1em; margin: 8px 1% 16px 1%;\">MAINOS (ARTIKKELI JATKUU ALLA)<\/p>\n<p>Tarjouksessa ovat muun muassa 12+512 gigatavun muistiversio OnePlus Nord 5:st\u00e4 399 eurolla (normaalisti 449 \u20ac), 4+128 gigatavun muistiversio Honor 400 Smartista 149 eurolla (normaalisti 199 \u20ac), 4+64 gigatavun muistiversio Honor X5c Plussasta 99 eurolla (normaalisti 129 \u20ac), Acer Aspire Go 17 AG17-31P-C3E4 -l\u00e4pp\u00e4ri 399 eurolla (normaalisti 549 \u20ac) ja Acer Iconia Tab A10-31M 10,1\u2033 -tabletti 99 eurolla (normaalisti 129 \u20ac).<\/p>\n<p>Mit\u00e4\u00e4n veret seisauttavia diilej\u00e4 ei siis n\u00e4yt\u00e4 olevan tarjolla, ja vaikka hinnat nyt ihan hyvi\u00e4 aiempaan n\u00e4hden ovatkin, parempia tarjouksia my\u00f6s yll\u00e4 luetelluista tuotteista saatetaan n\u00e4hd\u00e4 viel\u00e4 varsinaisen Black Fridayn l\u00e4hestyess\u00e4. Luonnollisesti edell\u00e4 mainittujen ohella tarjouksia l\u00f6ytyy laajasti Veikon Koneen myymist\u00e4 muistakin tuoteryhmist\u00e4.<\/p>\n<p>Muista elektroniikkakauppiaista <a style=\"font-size: 1rem;\" href=\"https:\/\/mobiili.fi\/2025\/11\/07\/telia-julkaisi-singles-day-tarjouksensa-mukana-kelpo-diileja\/\" rel=\"nofollow noopener\" target=\"_blank\">Telia toi jo perjantaina 7. marraskuuta tarjolle Singles\u2019 Day -kampanjatarjouksensa<\/a>.<\/p>\n<p>Lis\u00e4ksi <a href=\"https:\/\/mobiili.fi\/2025\/11\/07\/verkkokauppa-com-aloitti-musta-perjantai-kampanjansa-tassa-ensimmaiset-etuilutarjoukset\/\" rel=\"nofollow noopener\" target=\"_blank\">Verkkokauppa.com aloitti oman Musta Perjantai -kampanjansa jo perjantaina 7. marraskuuta<\/a>. Verkkokauppa.com suuntasi tarjouksensa aluksi uutiskirjeen tilaajilleen, jotka p\u00e4\u00e4siv\u00e4t ensimm\u00e4isiin tarjouksiin kiinni etuilukoodilla.<\/p>\n<p style=\"width: 98%; text-align: center; font-size:13px; border-bottom: 1px solid #C8C8C8; line-height: 0.1em; margin: 8px 1% 16px 1%;\">MAINOS (ARTIKKELI JATKUU ALLA)<\/p>\n<p><a href=\"https:\/\/mobiili.fi\/2025\/11\/10\/gigantti-vahvisti-black-friday-tarjoustensa-paljastamisen-ajankohdan-tulossa-saataville-ensimmaisena-klubilaisille\/\" rel=\"nofollow noopener\" target=\"_blank\">Gigantti puolestaan kertoi paljastavansa Black Friday -kampanjatarjouksensa 12. marraskuuta kello 10<\/a> ja tuovansa ne aluksi klubilaisten saataville.<\/p>\n<p>Mainos: <a href=\"https:\/\/hinta.fi\/?src=gPp6fX03\" target=\"_blank\" rel=\"nofollow noopener\">Noin 1 600 000 tuotteen hintavertailu ja hintaseuranta &#8211; katso Hinta.fist\u00e4 mist\u00e4 saat halvimmalla<\/a><\/p>\n","protected":false},"excerpt":{"rendered":"Veikon Kone juhlistaa 11. marraskuuta eli 11.11. vietett\u00e4v\u00e4\u00e4 Singles\u2019 Dayta. Veikon Kone on ilmoittanut Singles Days -kampanjatarjouksista. Varsinaista&hellip;\n","protected":false},"author":2,"featured_media":86732,"comment_status":"","ping_status":"","sticky":false,"template":"","format":"standard","meta":{"footnotes":""},"categories":[76],"tags":[79,77,33,31,30,32,78],"class_list":{"0":"post-86731","1":"post","2":"type-post","3":"status-publish","4":"format-standard","5":"has-post-thumbnail","7":"category-talous","8":"tag-business","9":"tag-economy","10":"tag-fi","11":"tag-finland","12":"tag-finnish","13":"tag-suomi","14":"tag-talous"},"share_on_mastodon":{"url":"https:\/\/pubeurope.com\/@fi\/115528087972455882","error":""},"_links":{"self":[{"href":"https:\/\/www.europesays.com\/fi\/wp-json\/wp\/v2\/posts\/86731","targetHints":{"allow":["GET"]}}],"collection":[{"href":"https:\/\/www.europesays.com\/fi\/wp-json\/wp\/v2\/posts"}],"about":[{"href":"https:\/\/www.europesays.com\/fi\/wp-json\/wp\/v2\/types\/post"}],"author":[{"embeddable":true,"href":"https:\/\/www.europesays.com\/fi\/wp-json\/wp\/v2\/users\/2"}],"replies":[{"embeddable":true,"href":"https:\/\/www.europesays.com\/fi\/wp-json\/wp\/v2\/comments?post=86731"}],"version-history":[{"count":0,"href":"https:\/\/www.europesays.com\/fi\/wp-json\/wp\/v2\/posts\/86731\/revisions"}],"wp:featuredmedia":[{"embeddable":true,"href":"https:\/\/www.europesays.com\/fi\/wp-json\/wp\/v2\/media\/86732"}],"wp:attachment":[{"href":"https:\/\/www.europesays.com\/fi\/wp-json\/wp\/v2\/media?parent=86731"}],"wp:term":[{"taxonomy":"category","embeddable":true,"href":"https:\/\/www.europesays.com\/fi\/wp-json\/wp\/v2\/categories?post=86731"},{"taxonomy":"post_tag","embeddable":true,"href":"https:\/\/www.europesays.com\/fi\/wp-json\/wp\/v2\/tags?post=86731"}],"curies":[{"name":"wp","href":"https:\/\/api.w.org\/{rel}","templated":true}]}}