{"id":86810,"date":"2025-11-11T02:23:12","date_gmt":"2025-11-11T02:23:12","guid":{"rendered":"https:\/\/www.europesays.com\/fi\/86810\/"},"modified":"2025-11-11T02:23:12","modified_gmt":"2025-11-11T02:23:12","slug":"julkkisisien-isanpaivapostaukset-kavin-laulamassa-itselleni","status":"publish","type":"post","link":"https:\/\/www.europesays.com\/fi\/86810\/","title":{"rendered":"Julkkisisien is\u00e4np\u00e4iv\u00e4postaukset: &#8221;K\u00e4vin laulamassa itselleni&#8221;"},"content":{"rendered":"<p class=\"ingress\">Is\u00e4np\u00e4iv\u00e4n\u00e4 monet tunnetut suomalaisis\u00e4t pys\u00e4htyiv\u00e4t pohtimaan isyytt\u00e4, perhett\u00e4 ja rakkautta. Huumorin kukkakin kukki is\u00e4np\u00e4iv\u00e4p\u00e4ivityksiss\u00e4.<\/p>\n<p>T\u00e4ss\u00e4 katsaus siihen, millaisin tunnelmin julkkisis\u00e4t juhlivat is\u00e4np\u00e4iv\u00e4\u00e4 t\u00e4n\u00e4 vuonna.<\/p>\n<p>Aki Linnanahde nauratti p\u00e4ivityksell\u00e4\u00e4n somekansaa<\/p>\n<p>Juontaja, toimittaja ja tuottaja <strong>Aki Linnanahde<\/strong> julkaisi videon, joka saa suupielet k\u00e4\u00e4ntym\u00e4\u00e4n yl\u00f6sp\u00e4in. Kuvatekstiss\u00e4 h\u00e4n avaa, mit\u00e4 videolla tapahtuu:<\/p>\n<p>\u201cEi n\u00e4\u00e4 is\u00e4np\u00e4iv\u00e4t silleen oo muuttuneet. Paitsi ett\u00e4 kun ei alkanut lahjaa kuulua, k\u00e4vin laulamassa onnittelulaulun itselleni ja her\u00e4tt\u00e4m\u00e4ss\u00e4 aikuisen tytt\u00e4ren.\u201d<\/p>\n<blockquote class=\"instagram-media\" data-instgrm-captioned=\"\" data-instgrm-permalink=\"https:\/\/www.instagram.com\/p\/DQ1RWGvDOrr\/?utm_source=ig_embed&amp;utm_campaign=loading\" data-instgrm-version=\"14\" style=\" background:#FFF; border:0; border-radius:3px; box-shadow:0 0 1px 0 rgba(0,0,0,0.5),0 1px 10px 0 rgba(0,0,0,0.15); margin: 1px; max-width:540px; min-width:326px; padding:0; width:99.375%; width:-webkit-calc(100% - 2px); width:calc(100% - 2px);\"\/>\n<p><strong>Lue my\u00f6s<\/strong>: <a href=\"https:\/\/anna.fi\/ihmiset\/aki-linnanahde-rohkein-tekoni-on-ollut-ryhtya-25-vuotiaana-uusperheen-isaksi\" target=\"_blank\" rel=\"noreferrer noopener nofollow\">Aki Linnanahde: \u201dRohkein tekoni on ollut ryhty\u00e4 25-vuotiaana uusperheen is\u00e4ksi\u201d<\/a><\/p>\n<p>Heikki Paasonen muisti my\u00f6s lapsettomia<\/p>\n<p>Juontaja <strong>Heikki Paasonen<\/strong> jakoi iloisen kuvasarjan kahdesta lapsestaan ja h\u00e4nest\u00e4 is\u00e4np\u00e4iv\u00e4aamuna. Kuvasarjassa n\u00e4hd\u00e4\u00e4n my\u00f6s Heikin saama is\u00e4np\u00e4iv\u00e4kortti.<\/p>\n<p>Kuvan yhteyteen Heikki oli kirjoittanut humoristisen ja l\u00e4mpim\u00e4n, kuvitteellisen dialogin:<\/p>\n<p>\u2013 Haloo, onko unelmakaupassa? Mit\u00e4 maksaisi suurin mahdollinen rakkaus?<br \/>\u2013 Se tekis tasarahana unet, rahat ja loppuel\u00e4m\u00e4ksi huolta.<br \/>\u2013 Laitetaan kaks.<br \/>\u2013 Haluatko vaimon kaupan p\u00e4\u00e4lle?<br \/>\u2013 Onko hyv\u00e4?<br \/>\u2013 Paras.<br \/>\u2013 M\u00e4 otan senki.<\/p>\n<p>Heikki toivotti lopuksi hyv\u00e4\u00e4 is\u00e4np\u00e4iv\u00e4\u00e4 kaikille isille ja is\u00e4nmielisille \u2013 sek\u00e4 l\u00e4hetti l\u00e4mpim\u00e4t ajatukset my\u00f6s niille, jotka eiv\u00e4t ole saaneet lapsia.<\/p>\n<blockquote class=\"instagram-media\" data-instgrm-captioned=\"\" data-instgrm-permalink=\"https:\/\/www.instagram.com\/p\/DQ09JtZDCUp\/?utm_source=ig_embed&amp;utm_campaign=loading\" data-instgrm-version=\"14\" style=\" background:#FFF; border:0; border-radius:3px; box-shadow:0 0 1px 0 rgba(0,0,0,0.5),0 1px 10px 0 rgba(0,0,0,0.15); margin: 1px; max-width:540px; min-width:326px; padding:0; width:99.375%; width:-webkit-calc(100% - 2px); width:calc(100% - 2px);\"\/>\n<p>Riku Rantalalla on takana 16 vuotta isyytt\u00e4<\/p>\n<p>Toimittaja ja juontaja <strong>Riku Rantala<\/strong> piti p\u00e4ivityksens\u00e4 lyhyen\u00e4 ja ytimekk\u00e4\u00e4n\u00e4. H\u00e4n kertoi viett\u00e4v\u00e4ns\u00e4 16. is\u00e4np\u00e4iv\u00e4\u00e4ns\u00e4.<\/p>\n<p>\u201dN\u00e4ihin en kyll\u00e4sty\u201d, Riku toteaa p\u00e4ivityksen yhteyteen kirjoittamassaan tekstiss\u00e4 syd\u00e4nemojin kera.<\/p>\n<blockquote class=\"instagram-media\" data-instgrm-captioned=\"\" data-instgrm-permalink=\"https:\/\/www.instagram.com\/p\/DQ1W2sIiE_W\/?utm_source=ig_embed&amp;utm_campaign=loading\" data-instgrm-version=\"14\" style=\" background:#FFF; border:0; border-radius:3px; box-shadow:0 0 1px 0 rgba(0,0,0,0.5),0 1px 10px 0 rgba(0,0,0,0.15); margin: 1px; max-width:540px; min-width:326px; padding:0; width:99.375%; width:-webkit-calc(100% - 2px); width:calc(100% - 2px);\"\/>\n<p>Tuure Kilpel\u00e4inen jakoi kuvan aamutunnelmien keskelt\u00e4<\/p>\n<p>Muusikko <strong>Tuure Kilpel\u00e4inen<\/strong> on kuusi\u00adlapsisen uus\u00adperheen is\u00e4. H\u00e4n jakoi rennon kuvan h\u00e4nest\u00e4 ja tytt\u00e4rist\u00e4\u00e4n aamupalap\u00f6yd\u00e4n takana sohvalla poseeraamassa.<\/p>\n<p>\u201dN\u00e4m\u00e4 nelj\u00e4 pimua + kaksi bonusta, tuli todellinen laaka!\u201d h\u00e4n ilakoi.<\/p>\n<p>Leikkis\u00e4ll\u00e4 sanavalinnallaan Tuure viittaa nappisuoritukseen.<\/p>\n<blockquote class=\"instagram-media\" data-instgrm-captioned=\"\" data-instgrm-permalink=\"https:\/\/www.instagram.com\/reel\/DQ1SVmuDN-Q\/?utm_source=ig_embed&amp;utm_campaign=loading\" data-instgrm-version=\"14\" style=\" background:#FFF; border:0; border-radius:3px; box-shadow:0 0 1px 0 rgba(0,0,0,0.5),0 1px 10px 0 rgba(0,0,0,0.15); margin: 1px; max-width:540px; min-width:326px; padding:0; width:99.375%; width:-webkit-calc(100% - 2px); width:calc(100% - 2px);\"\/>\n<p>Esko Eerik\u00e4inen kannustaa isi\u00e4 n\u00e4ytt\u00e4m\u00e4\u00e4n tunteensa<\/p>\n<p>Radiojuontaja <strong>Esko Eerik\u00e4inen<\/strong> julkaisi kuvasarjan, jossa n\u00e4kyv\u00e4t mennein\u00e4 vuosina h\u00e4n ja t\u00e4ss\u00e4 kuussa 16 vuotta vanha <strong>Victoria<\/strong>-tyt\u00e4r.<\/p>\n<p>\u201dN\u00e4ytt\u00e4k\u00e4\u00e4 tunteet ja rakkautta\u201d, Esko kannustaa is\u00e4np\u00e4iv\u00e4postauksessaan.<\/p>\n<blockquote class=\"instagram-media\" data-instgrm-captioned=\"\" data-instgrm-permalink=\"https:\/\/www.instagram.com\/p\/DQ1wRlLjGPg\/?utm_source=ig_embed&amp;utm_campaign=loading\" data-instgrm-version=\"14\" style=\" background:#FFF; border:0; border-radius:3px; box-shadow:0 0 1px 0 rgba(0,0,0,0.5),0 1px 10px 0 rgba(0,0,0,0.15); margin: 1px; max-width:540px; min-width:326px; padding:0; width:99.375%; width:-webkit-calc(100% - 2px); width:calc(100% - 2px);\"\/>\n<p>Jani Toivola julkaisi syv\u00e4llisen, pitk\u00e4n tekstin isyydest\u00e4<\/p>\n<p>Entinen kansanedustaja\u00a0<strong>Jani Toivola<\/strong> teki ehk\u00e4 p\u00e4iv\u00e4n syv\u00e4llisimm\u00e4n, pitk\u00e4n ja pohdiskelevan p\u00e4ivityksen.<\/p>\n<p>\u201dIsyydest\u00e4 m\u00e4 haaveilin pitk\u00e4\u00e4n mutta ett\u00e4 maailman tuli juuri sun kaltaisesi ihminen\u201d, h\u00e4n maalailee.<\/p>\n<p>\u201dEn miss\u00e4\u00e4n tapauksessa ole t\u00e4ydellinen is\u00e4. Usein mun huomio on muualla. Kotiin tullessa huokailen ja kaipaan omaa tilaa. Sekoitan usein oman h\u00e4t\u00e4ni meid\u00e4n arkeen ja el\u00e4m\u00e4\u00e4n. Silloin asiat on sotkuisia ja solmussa\u201d, Toivola avaa isyyden vaikeampia puolia.<\/p>\n<p>\u201dMe on onneks opeteltu pyyt\u00e4m\u00e4\u00e4n anteeksi. Korjaamaan ja palaamaan asioihin. Sanomaan ett\u00e4 oot rakas ja ett\u00e4 rakastan.\u201d<\/p>\n<p>Kuvakollaasiin Jani on ker\u00e4nnyt kuvia h\u00e4nest\u00e4 ja tytt\u00e4rest\u00e4\u00e4n eri vuosilta. Kuvan yhteyteen h\u00e4n on kirjoittanut suorastaan runollisen pohdinnan isyydest\u00e4 sen onnen hetkineen ja vaikeuksineen.<\/p>\n<p>P\u00e4ivitys sai runsaasti tykk\u00e4yksi\u00e4 ja kiitosta sen rehellisyydest\u00e4.<\/p>\n<blockquote class=\"instagram-media\" data-instgrm-captioned=\"\" data-instgrm-permalink=\"https:\/\/www.instagram.com\/p\/DQ1H85oDJfM\/?utm_source=ig_embed&amp;utm_campaign=loading\" data-instgrm-version=\"14\" style=\" background:#FFF; border:0; border-radius:3px; box-shadow:0 0 1px 0 rgba(0,0,0,0.5),0 1px 10px 0 rgba(0,0,0,0.15); margin: 1px; max-width:540px; min-width:326px; padding:0; width:99.375%; width:-webkit-calc(100% - 2px); width:calc(100% - 2px);\"\/>\n<p><strong>Lue my\u00f6s Kotiliesi.fi<\/strong>: <a href=\"https:\/\/kotiliesi.fi\/ihmiset\/nayttelija-aimo-rasasen-poika-on-jaakiekkoilija-aapeli-rasanen\/\" target=\"_blank\" rel=\"noreferrer noopener nofollow\">N\u00e4yttelij\u00e4 Aimo R\u00e4s\u00e4sen isyyden kiperin hetki osui lentokent\u00e4lle: \u201dItketti niin helvetisti\u201d<\/a><\/p>\n<p>Sami Kuronen jakoi kuvan nuoruudestaan<\/p>\n<p>Juontaja <strong>Sami Kurosella<\/strong> on 16-vuotias <strong>Oona<\/strong>-tyt\u00e4r. Mutta t\u00e4ll\u00e4 kertaa Samin humoristinen is\u00e4np\u00e4iv\u00e4p\u00e4ivitys ei keskittynyt h\u00e4nen ja Oonan suhteeseen vaan oli pilke silm\u00e4kulmassa tehty kunnianosoitus omalle is\u00e4lle. H\u00e4n jakoi lapsuuskuvan Kanariansaarilta 1980-luvulta.<\/p>\n<p>\u201cLike father, like son! Hyv\u00e4\u00e4 is\u00e4np\u00e4iv\u00e4\u00e4 kaikille virkaa tekeville ja ennen kaikkea omalleni. Kiitos kun olet mahdollistanut, tukenut, ymm\u00e4rt\u00e4nyt, neuvonut ja rakastanut. Antanut olla oma ep\u00e4t\u00e4ydellinen itseni. Olet t\u00e4ytt\u00e4 kultaa\u201d, Sami kirjoitti syd\u00e4nemojin kera kuvatekstiin.<\/p>\n<blockquote class=\"instagram-media\" data-instgrm-captioned=\"\" data-instgrm-permalink=\"https:\/\/www.instagram.com\/p\/DQ1EGb3DP4t\/?utm_source=ig_embed&amp;utm_campaign=loading\" data-instgrm-version=\"14\" style=\" background:#FFF; border:0; border-radius:3px; box-shadow:0 0 1px 0 rgba(0,0,0,0.5),0 1px 10px 0 rgba(0,0,0,0.15); margin: 1px; max-width:540px; min-width:326px; padding:0; width:99.375%; width:-webkit-calc(100% - 2px); width:calc(100% - 2px);\"\/>\n<p>    Sinua voi kiinnostaa my\u00f6s:<\/p>\n<ol class=\"read-also__list\">\n<li>\n<p>            <img loading=\"lazy\" decoding=\"async\" class=\"card__image awpo-lqip awpo-lazy\" width=\"2000\" height=\"1500\" src=\"https:\/\/www.europesays.com\/fi\/wp-content\/uploads\/2025\/11\/dscf5378.jpg\"\/>                <a href=\"https:\/\/anna.fi\/kategoria\/ihmiset\" class=\"card__vignette\" rel=\"nofollow noopener\" target=\"_blank\"><br \/>\n            Ihmiset          <\/a><\/p>\n<p>      <a href=\"https:\/\/anna.fi\/ihmiset\/sami-ja-oona-kuronen\" class=\"card__link-overlay\" rel=\"nofollow noopener\" target=\"_blank\">Sami Kurosen tyt\u00e4r on kinunut vuosia kallista hankintaa \u2013 is\u00e4 ei suostu<\/a><\/p>\n<\/li>\n<li>\n<p>            <img loading=\"lazy\" decoding=\"async\" class=\"card__image awpo-lqip awpo-lazy\" width=\"2000\" height=\"1500\" src=\"https:\/\/www.europesays.com\/fi\/wp-content\/uploads\/2025\/11\/dscf2864-1.jpg\"\/>                <a href=\"https:\/\/anna.fi\/kategoria\/ihmiset\" class=\"card__vignette\" rel=\"nofollow noopener\" target=\"_blank\"><br \/>\n            Ihmiset          <\/a><\/p>\n<p>      <a href=\"https:\/\/anna.fi\/ihmiset\/heikki-paasonen-tunsi-maritansa-vuosia-ennen-rakastumista-se-oli-pitkaan-sellaista-kissa-hiiri-leikkia-jompikumpi-oli-aina-tahollaan-parisuhteessa\" class=\"card__link-overlay\" rel=\"nofollow noopener\" target=\"_blank\">Heikki Paasonen tunsi Maritansa vuosia ennen rakastumista: \u201dSe oli pitk\u00e4\u00e4n sellaista kissa-hiiri-leikki\u00e4, jompikumpi oli aina tahollaan parisuhteessa\u201d<\/a><\/p>\n<\/li>\n<li>\n<p>            <img loading=\"lazy\" decoding=\"async\" class=\"card__image awpo-lqip awpo-lazy\" width=\"2000\" height=\"1269\" src=\"https:\/\/www.europesays.com\/fi\/wp-content\/uploads\/2025\/11\/manuela-netti2.jpg\"\/>                <a href=\"https:\/\/anna.fi\/kategoria\/ihmiset\" class=\"card__vignette\" rel=\"nofollow noopener\" target=\"_blank\"><br \/>\n            Ihmiset          <\/a><\/p>\n<p>      <a href=\"https:\/\/anna.fi\/ihmiset\/manuela-boscon-suhde\" class=\"card__link-overlay\" rel=\"nofollow noopener\" target=\"_blank\">Manuela Boscon suhde puoliso Tuure Kilpel\u00e4iseen on muutoksessa: \u201dMeid\u00e4n on oltava vilpitt\u00f6mi\u00e4 puhuessamme siit\u00e4, mik\u00e4 toimii ja mik\u00e4 ei\u201d<\/a><\/p>\n<\/li>\n<\/ol>\n<p>      <script async src=\"\/\/www.instagram.com\/embed.js\"><\/script><\/p>\n","protected":false},"excerpt":{"rendered":"Is\u00e4np\u00e4iv\u00e4n\u00e4 monet tunnetut suomalaisis\u00e4t pys\u00e4htyiv\u00e4t pohtimaan isyytt\u00e4, perhett\u00e4 ja rakkautta. Huumorin kukkakin kukki is\u00e4np\u00e4iv\u00e4p\u00e4ivityksiss\u00e4. T\u00e4ss\u00e4 katsaus siihen, millaisin&hellip;\n","protected":false},"author":2,"featured_media":86811,"comment_status":"","ping_status":"","sticky":false,"template":"","format":"standard","meta":{"footnotes":""},"categories":[130],"tags":[137,33,31,30,11380,17668,16235,2781,32,109],"class_list":{"0":"post-86810","1":"post","2":"type-post","3":"status-publish","4":"format-standard","5":"has-post-thumbnail","7":"category-viihde","8":"tag-entertainment","9":"tag-fi","10":"tag-finland","11":"tag-finnish","12":"tag-isanpaiva","13":"tag-isasuhde","14":"tag-isat","15":"tag-isyys","16":"tag-suomi","17":"tag-viihde"},"share_on_mastodon":{"url":"https:\/\/pubeurope.com\/@fi\/115528689571285911","error":""},"_links":{"self":[{"href":"https:\/\/www.europesays.com\/fi\/wp-json\/wp\/v2\/posts\/86810","targetHints":{"allow":["GET"]}}],"collection":[{"href":"https:\/\/www.europesays.com\/fi\/wp-json\/wp\/v2\/posts"}],"about":[{"href":"https:\/\/www.europesays.com\/fi\/wp-json\/wp\/v2\/types\/post"}],"author":[{"embeddable":true,"href":"https:\/\/www.europesays.com\/fi\/wp-json\/wp\/v2\/users\/2"}],"replies":[{"embeddable":true,"href":"https:\/\/www.europesays.com\/fi\/wp-json\/wp\/v2\/comments?post=86810"}],"version-history":[{"count":0,"href":"https:\/\/www.europesays.com\/fi\/wp-json\/wp\/v2\/posts\/86810\/revisions"}],"wp:featuredmedia":[{"embeddable":true,"href":"https:\/\/www.europesays.com\/fi\/wp-json\/wp\/v2\/media\/86811"}],"wp:attachment":[{"href":"https:\/\/www.europesays.com\/fi\/wp-json\/wp\/v2\/media?parent=86810"}],"wp:term":[{"taxonomy":"category","embeddable":true,"href":"https:\/\/www.europesays.com\/fi\/wp-json\/wp\/v2\/categories?post=86810"},{"taxonomy":"post_tag","embeddable":true,"href":"https:\/\/www.europesays.com\/fi\/wp-json\/wp\/v2\/tags?post=86810"}],"curies":[{"name":"wp","href":"https:\/\/api.w.org\/{rel}","templated":true}]}}