{"id":86812,"date":"2025-11-11T02:26:09","date_gmt":"2025-11-11T02:26:09","guid":{"rendered":"https:\/\/www.europesays.com\/fi\/86812\/"},"modified":"2025-11-11T02:26:09","modified_gmt":"2025-11-11T02:26:09","slug":"luken-tilastokysely-kaynnissa-viljelijoilta-kerataan-tietoja-sadoista-maatalous","status":"publish","type":"post","link":"https:\/\/www.europesays.com\/fi\/86812\/","title":{"rendered":"Luken tilastokysely k\u00e4ynniss\u00e4 \u2013 viljelij\u00f6ilt\u00e4 ker\u00e4t\u00e4\u00e4n tietoja sadoista &#8211; Maatalous"},"content":{"rendered":"<p>Luonnonvarakeskus ker\u00e4\u00e4 j\u00e4lleen satotietoja suomalaisilta maatiloilta. Tulokset vaikuttavat muun muassa maatalouspolitiikkaan.<\/p>\n<p><a class=\"ArticleImage_imageContainer__e0EST\" href=\"https:\/\/www.europesays.com\/fi\/wp-content\/uploads\/2025\/11\/_CeSSlTxaSBWb2ICjMveleU9DXk.jpg\"><img decoding=\"async\" src=\"https:\/\/www.europesays.com\/fi\/wp-content\/uploads\/2025\/11\/_CeSSlTxaSBWb2ICjMveleU9DXk.jpg\" alt=\"Satotilaston avulla tietoa suomalaisesta peltokasvituotannosta on jo sadan vuoden ajalta. \" loading=\"lazy\"\/><\/a><\/p>\n<p>Satotilaston avulla tietoa suomalaisesta peltokasvituotannosta on jo sadan vuoden ajalta. \u00a0Kuva: Esko Keski-V\u00e4h\u00e4l\u00e4<\/p>\n<p class=\"RichTextParagraph_richTextParagraph__Wxs3t undefined\">Luonnonvarakeskus Luken satotilastokysely on j\u00e4lleen k\u00e4ynniss\u00e4. T\u00e4n\u00e4 vuonna mukana  noin 5\u00a0500 maatilaa, joista 700 on luomussa. <\/p>\n<p class=\"RichTextParagraph_richTextParagraph__Wxs3t undefined\">Kyselyyn kuuluvat tilat ovat saaneet kirjeen sek\u00e4 ohjeet verkossa vastaamiseen. Puhelinhaastattelijat ker\u00e4\u00e4v\u00e4t tiedot marraskuun aikana niilt\u00e4 kyselyyn kuuluvilta tiloilta, jotka eiv\u00e4t ole pystyneet vastaamaan verkossa. Kysely l\u00f6ytyy Luken <a href=\"https:\/\/www.luke.fi\/fi\/tilastot\/kyselyt-ja-tiedonkeruut\/satotilastokysely\" id=\"link-f53d42dd418f666207e3323410f7efcc\" rel=\"nofollow noopener\" target=\"_blank\">verkkosivuilta<\/a>.<\/p>\n<p class=\"RichTextParagraph_richTextParagraph__Wxs3t undefined\">Kyselyn tarkoituksena on tuottaa tiedot t\u00e4rkeimpien peltokasvien sadoista. Lis\u00e4ksi tuotetaan tieto maatilojen varastoissa olevan viljan m\u00e4\u00e4r\u00e4st\u00e4. My\u00f6s syyskylv\u00f6aloista saadaan ennakollinen tieto. P\u00e4\u00e4osa tiedoista tuotetaan my\u00f6s luomutiloille.<\/p>\n<p class=\"RichTextParagraph_richTextParagraph__Wxs3t undefined\">Ennakkotiedot satotilastokyselyst\u00e4 valmistuvat 20. marraskuuta. <\/p>\n<p class=\"RichTextParagraph_richTextParagraph__Wxs3t undefined\">Saaduista tiedoista koostetaan sek\u00e4 koko maata ett\u00e4 maakuntia kuvaava tilasto. Tietoja hy\u00f6dynnet\u00e4\u00e4n esimerkiksi maa- ja elintarviketalouden kehitt\u00e4misess\u00e4, poliittisessa p\u00e4\u00e4t\u00f6ksenteossa ja politiikan vaikutusten arvioinnissa.<\/p>\n","protected":false},"excerpt":{"rendered":"Luonnonvarakeskus ker\u00e4\u00e4 j\u00e4lleen satotietoja suomalaisilta maatiloilta. Tulokset vaikuttavat muun muassa maatalouspolitiikkaan. Satotilaston avulla tietoa suomalaisesta peltokasvituotannosta on jo&hellip;\n","protected":false},"author":2,"featured_media":86813,"comment_status":"","ping_status":"","sticky":false,"template":"","format":"standard","meta":{"footnotes":""},"categories":[76],"tags":[79,77,33,31,30,32,78],"class_list":{"0":"post-86812","1":"post","2":"type-post","3":"status-publish","4":"format-standard","5":"has-post-thumbnail","7":"category-talous","8":"tag-business","9":"tag-economy","10":"tag-fi","11":"tag-finland","12":"tag-finnish","13":"tag-suomi","14":"tag-talous"},"share_on_mastodon":{"url":"https:\/\/pubeurope.com\/@fi\/115528701394965444","error":""},"_links":{"self":[{"href":"https:\/\/www.europesays.com\/fi\/wp-json\/wp\/v2\/posts\/86812","targetHints":{"allow":["GET"]}}],"collection":[{"href":"https:\/\/www.europesays.com\/fi\/wp-json\/wp\/v2\/posts"}],"about":[{"href":"https:\/\/www.europesays.com\/fi\/wp-json\/wp\/v2\/types\/post"}],"author":[{"embeddable":true,"href":"https:\/\/www.europesays.com\/fi\/wp-json\/wp\/v2\/users\/2"}],"replies":[{"embeddable":true,"href":"https:\/\/www.europesays.com\/fi\/wp-json\/wp\/v2\/comments?post=86812"}],"version-history":[{"count":0,"href":"https:\/\/www.europesays.com\/fi\/wp-json\/wp\/v2\/posts\/86812\/revisions"}],"wp:featuredmedia":[{"embeddable":true,"href":"https:\/\/www.europesays.com\/fi\/wp-json\/wp\/v2\/media\/86813"}],"wp:attachment":[{"href":"https:\/\/www.europesays.com\/fi\/wp-json\/wp\/v2\/media?parent=86812"}],"wp:term":[{"taxonomy":"category","embeddable":true,"href":"https:\/\/www.europesays.com\/fi\/wp-json\/wp\/v2\/categories?post=86812"},{"taxonomy":"post_tag","embeddable":true,"href":"https:\/\/www.europesays.com\/fi\/wp-json\/wp\/v2\/tags?post=86812"}],"curies":[{"name":"wp","href":"https:\/\/api.w.org\/{rel}","templated":true}]}}