{"id":86819,"date":"2025-11-11T02:41:10","date_gmt":"2025-11-11T02:41:10","guid":{"rendered":"https:\/\/www.europesays.com\/fi\/86819\/"},"modified":"2025-11-11T02:41:10","modified_gmt":"2025-11-11T02:41:10","slug":"angelina-jolie-joutui-hurjaan-vaaratilanteeseen-ukrainassa","status":"publish","type":"post","link":"https:\/\/www.europesays.com\/fi\/86819\/","title":{"rendered":"Angelina Jolie joutui hurjaan vaaratilanteeseen Ukrainassa"},"content":{"rendered":"<p>Jolie matkusti britannialaisen avustusj\u00e4rjest\u00f6n mukana etel\u00e4isess\u00e4 Ukrainassa.<\/p>\n<p>Angelina Jolie vieraili t\u00e4ll\u00e4 viikolla Mykolaivin ja Hersonin alueilla tapaamassa siell\u00e4 asuvia siviilej\u00e4.<\/p>\n<p>9.11. 22:29<\/p>\n<p class=\"article-body mb-nof-24 px-nof-16\">Hollywood-t\u00e4hti <a class=\"article-personlink\" href=\"https:\/\/www.is.fi\/haku\/?query=Angelina%20Jolie\" rel=\"nofollow noopener\" target=\"_blank\">Angelina Jolie<\/a> joutui suojautumaan, kun h\u00e4nen yll\u00e4\u00e4n lensi ven\u00e4l\u00e4inen drooni Ukrainassa. Jolie vieraili t\u00e4ll\u00e4 viikolla Mykolaivin ja Hersonin alueilla tapaamassa siell\u00e4 asuvia siviilej\u00e4.<\/p>\n<p class=\"article-body mb-nof-24 px-nof-16\">\u2013 Drooniuhka oli jatkuva. Voi kuulla surinaa taivaalta, kirjoitti Jolien Instagramissa sunnuntaina.<\/p>\n<p class=\"article-body mb-nof-24 px-nof-16\">\u2013 Oli my\u00f6s hetki, jolloin meid\u00e4n t\u00e4ytyi pys\u00e4hty\u00e4 ja odottaa kun drooni lensi yll\u00e4mme. Minulla oli suojavarusteet yll\u00e4, mutta minulle t\u00e4m\u00e4 oli vain pari p\u00e4iv\u00e4\u00e4 kest\u00e4nyt kokemus. Siell\u00e4 asuville perheille se on totta jokainen p\u00e4iv\u00e4.<\/p>\n<p class=\"article-body mb-nof-24 px-nof-16\">Jolie matkusti britannialaisen avustusj\u00e4rjest\u00f6n mukana etel\u00e4isess\u00e4 Ukrainassa. H\u00e4n k\u00e4vi Hersonin kaupungissa, joka sijaitsee aivan rintaman l\u00e4heisyydess\u00e4 ja on ven\u00e4l\u00e4isten jatkuvien iskujen kohteena.<\/p>\n<p class=\"article-body mb-nof-24 px-nof-16\">Ven\u00e4l\u00e4isten on v\u00e4itetty jahdanneen lennokeilla my\u00f6s siviilej\u00e4.<\/p>\n<p class=\"article-body mb-nof-24 px-nof-16\">Jolie kertoo laittaneensa merkille, kuinka koulujen, sairaaloiden ja p\u00e4iv\u00e4kotien t\u00e4ytyy toimia nyt maanalaisissa tiloissa. H\u00e4n my\u00f6s keskusteli paikallisten kanssa sodan ja jatkuvan uhan alla olemisen aiheuttamasta psykologisesta paineesta.<\/p>\n","protected":false},"excerpt":{"rendered":"Jolie matkusti britannialaisen avustusj\u00e4rjest\u00f6n mukana etel\u00e4isess\u00e4 Ukrainassa. Angelina Jolie vieraili t\u00e4ll\u00e4 viikolla Mykolaivin ja Hersonin alueilla tapaamassa siell\u00e4&hellip;\n","protected":false},"author":2,"featured_media":86820,"comment_status":"","ping_status":"","sticky":false,"template":"","format":"standard","meta":{"footnotes":""},"categories":[136],"tags":[407,137,33,31,30,34,408,32,109],"class_list":{"0":"post-86819","1":"post","2":"type-post","3":"status-publish","4":"format-standard","5":"has-post-thumbnail","7":"category-julkkikset","8":"tag-celebrities","9":"tag-entertainment","10":"tag-fi","11":"tag-finland","12":"tag-finnish","13":"tag-ilta-sanomat","14":"tag-julkkikset","15":"tag-suomi","16":"tag-viihde"},"share_on_mastodon":{"url":"https:\/\/pubeurope.com\/@fi\/115528760215735066","error":""},"_links":{"self":[{"href":"https:\/\/www.europesays.com\/fi\/wp-json\/wp\/v2\/posts\/86819","targetHints":{"allow":["GET"]}}],"collection":[{"href":"https:\/\/www.europesays.com\/fi\/wp-json\/wp\/v2\/posts"}],"about":[{"href":"https:\/\/www.europesays.com\/fi\/wp-json\/wp\/v2\/types\/post"}],"author":[{"embeddable":true,"href":"https:\/\/www.europesays.com\/fi\/wp-json\/wp\/v2\/users\/2"}],"replies":[{"embeddable":true,"href":"https:\/\/www.europesays.com\/fi\/wp-json\/wp\/v2\/comments?post=86819"}],"version-history":[{"count":0,"href":"https:\/\/www.europesays.com\/fi\/wp-json\/wp\/v2\/posts\/86819\/revisions"}],"wp:featuredmedia":[{"embeddable":true,"href":"https:\/\/www.europesays.com\/fi\/wp-json\/wp\/v2\/media\/86820"}],"wp:attachment":[{"href":"https:\/\/www.europesays.com\/fi\/wp-json\/wp\/v2\/media?parent=86819"}],"wp:term":[{"taxonomy":"category","embeddable":true,"href":"https:\/\/www.europesays.com\/fi\/wp-json\/wp\/v2\/categories?post=86819"},{"taxonomy":"post_tag","embeddable":true,"href":"https:\/\/www.europesays.com\/fi\/wp-json\/wp\/v2\/tags?post=86819"}],"curies":[{"name":"wp","href":"https:\/\/api.w.org\/{rel}","templated":true}]}}