{"id":86821,"date":"2025-11-11T02:48:11","date_gmt":"2025-11-11T02:48:11","guid":{"rendered":"https:\/\/www.europesays.com\/fi\/86821\/"},"modified":"2025-11-11T02:48:11","modified_gmt":"2025-11-11T02:48:11","slug":"turkulainen-kohuottelija-esitti-kammottavan-uhkauksen-epaillaan-nyt-toteuttaneen-aikeensa","status":"publish","type":"post","link":"https:\/\/www.europesays.com\/fi\/86821\/","title":{"rendered":"Turkulainen kohuottelija esitti kammottavan uhkauksen \u2013 Ep\u00e4ill\u00e4\u00e4n nyt toteuttaneen aikeensa"},"content":{"rendered":"<p>Turkulaisnyrkkeilij\u00e4\u00e4 ep\u00e4ill\u00e4\u00e4n muun muassa seksuaalirikoksista. H\u00e4nell\u00e4 on runsaasti rikostaustaa: tuorein tuomio tuli oman lapsen pahoinpitelyst\u00e4.<\/p>\n<p><img decoding=\"async\" class=\"image image-show image-preview\" src=\"https:\/\/www.europesays.com\/fi\/wp-content\/uploads\/2025\/11\/50ee26b92d338c5e5cd402d2054678d924eb2c771943ffbe1db2a02ef7f99883.jpg\" alt=\"\"\/><img decoding=\"async\" class=\"image image-show\" src=\"https:\/\/www.europesays.com\/fi\/wp-content\/uploads\/2025\/11\/1762829291_884_50ee26b92d338c5e5cd402d2054678d924eb2c771943ffbe1db2a02ef7f99883.jpg\" alt=\"\"\/><\/p>\n<p>Agon Ajvazi vietti syksyll\u00e4 kuukauden tutkintavankeudessa. Henri K\u00e4rkk\u00e4inen<\/p>\n<p class=\"paragraph\">Turkulaisnyrkkeilij\u00e4 <strong>Agon Ajvaziin<\/strong>, 33, kohdistuvien rikosep\u00e4ilyjen esitutkinnat ovat valmistuneet ja siirtyneet syyteharkintaan.<\/p>\n<p class=\"paragraph\">Ajvazia ep\u00e4ill\u00e4\u00e4n muun muassa Turussa huhtikuun 2023 ja elokuun 2025 v\u00e4lisen\u00e4 aikana tehdyist\u00e4 rikoksista.<\/p>\n<p class=\"paragraph\">Nyrkkeilij\u00e4 oli rikostutkinnan aikana <a href=\"https:\/\/www.iltalehti.fi\/kamppailulajit\/1ff338c7-c642-4615-8196-ddc98a5e3bbc\" rel=\"nofollow noopener\" target=\"_blank\">kuukauden p\u00e4iv\u00e4t<\/a> vangittuna. H\u00e4net vapautettiin tutkinnanjohtajan p\u00e4\u00e4t\u00f6ksell\u00e4 1. lokakuuta.<\/p>\n<p class=\"paragraph\">Poliisi on ep\u00e4illyt Ajvazia muun muassa kahdesta perusmuotoisesta raiskauksesta sek\u00e4 yhdest\u00e4 t\u00f6rke\u00e4st\u00e4 raiskauksesta. J\u00e4lkimm\u00e4isen tekoaika on 19. elokuuta kuluvaa vuotta.<\/p>\n<p class=\"paragraph\">Alle viikkoa my\u00f6hemmin Ajvazi sai Varsinais-Suomen k\u00e4r\u00e4j\u00e4oikeudelta tuomion lapsensa pahoinpitelyst\u00e4.<\/p>\n<p class=\"paragraph\">Tuomion mukaan Ajvazi l\u00f6i alle kouluik\u00e4ist\u00e4 lastaan poskelle marraskuussa 2022. H\u00e4net tuomittiin pahoinpitelyst\u00e4 sakkorangaistukseen.<\/p>\n<p class=\"paragraph\">Ajvazi ei valittanut tuomiosta. H\u00e4net vangittiin Varsinais-Suomen k\u00e4r\u00e4j\u00e4oikeuden p\u00e4\u00e4t\u00f6ksell\u00e4 seksuaalirikoksista ep\u00e4iltyn\u00e4 alle viikkoa my\u00f6hemmin, 1. syyskuuta.<\/p>\n<p>Uhosi raiskauksella<\/p>\n<p class=\"paragraph\">Syksyn aikana valmistuneessa esitutkinnassa poliisi on ep\u00e4illyt Ajvazia seksuaalirikosten lis\u00e4ksi muun muassa pahoinpitelyst\u00e4, huumausaineen k\u00e4ytt\u00f6rikoksesta, vainoamisesta, oikeudenk\u00e4yt\u00f6ss\u00e4 kuultavan uhkaamisesta ja laittomasta uhkauksesta.<\/p>\n<p class=\"paragraph\">Ajvazilla on vastaavaa rikostaustaa takavuosilta.<\/p>\n<p class=\"paragraph\">Iltalehti selvitti Ajvazin rikostaustaa viime kes\u00e4n\u00e4, kun h\u00e4nen ilmoitettiin osallistuvan Helsingin j\u00e4\u00e4hallissa 27. syyskuuta j\u00e4rjestett\u00e4v\u00e4\u00e4n nyrkkeilyiltaan.<\/p>\n<p class=\"paragraph\">Ajvazi on tuomittu vuosien saatossa muun muassa ry\u00f6st\u00f6ist\u00e4, pahoinpitelyist\u00e4 ja huumausainerikoksista.<\/p>\n<p class=\"paragraph\">Yksityiskohta vanhassa pahoinpitelytuomiossa n\u00e4ytt\u00e4ytyy nyt poikkeuksellisen synk\u00e4ss\u00e4 valossa.<\/p>\n<p class=\"paragraph\">Syyskuussa 2022 Ajvazi ajautui baarin tupakkakopissa riitaan kahden naisen kanssa. Naisten mukaan Ajvazi huoritteli heit\u00e4 sek\u00e4 uhosi \u201dvoivansa maata heid\u00e4t halutessaan vaikka v\u00e4kisin.\u201d<\/p>\n<p class=\"paragraph\">Tuomiot ovat lainvoimaisia.<\/p>\n","protected":false},"excerpt":{"rendered":"Turkulaisnyrkkeilij\u00e4\u00e4 ep\u00e4ill\u00e4\u00e4n muun muassa seksuaalirikoksista. H\u00e4nell\u00e4 on runsaasti rikostaustaa: tuorein tuomio tuli oman lapsen pahoinpitelyst\u00e4. Agon Ajvazi vietti&hellip;\n","protected":false},"author":2,"featured_media":86822,"comment_status":"","ping_status":"","sticky":false,"template":"","format":"standard","meta":{"footnotes":""},"categories":[158],"tags":[35,33,31,30,53,977,976,1726,38,159,32,160],"class_list":{"0":"post-86821","1":"post","2":"type-post","3":"status-publish","4":"format-standard","5":"has-post-thumbnail","7":"category-urheilu","8":"tag-24h","9":"tag-fi","10":"tag-finland","11":"tag-finnish","12":"tag-laki-oikeus-ja-rikos","13":"tag-oikeusistuimet","14":"tag-oikeusprosessit","15":"tag-rangaistukset","16":"tag-rikos","17":"tag-sports","18":"tag-suomi","19":"tag-urheilu"},"share_on_mastodon":{"url":"https:\/\/pubeurope.com\/@fi\/115528788108075413","error":""},"_links":{"self":[{"href":"https:\/\/www.europesays.com\/fi\/wp-json\/wp\/v2\/posts\/86821","targetHints":{"allow":["GET"]}}],"collection":[{"href":"https:\/\/www.europesays.com\/fi\/wp-json\/wp\/v2\/posts"}],"about":[{"href":"https:\/\/www.europesays.com\/fi\/wp-json\/wp\/v2\/types\/post"}],"author":[{"embeddable":true,"href":"https:\/\/www.europesays.com\/fi\/wp-json\/wp\/v2\/users\/2"}],"replies":[{"embeddable":true,"href":"https:\/\/www.europesays.com\/fi\/wp-json\/wp\/v2\/comments?post=86821"}],"version-history":[{"count":0,"href":"https:\/\/www.europesays.com\/fi\/wp-json\/wp\/v2\/posts\/86821\/revisions"}],"wp:featuredmedia":[{"embeddable":true,"href":"https:\/\/www.europesays.com\/fi\/wp-json\/wp\/v2\/media\/86822"}],"wp:attachment":[{"href":"https:\/\/www.europesays.com\/fi\/wp-json\/wp\/v2\/media?parent=86821"}],"wp:term":[{"taxonomy":"category","embeddable":true,"href":"https:\/\/www.europesays.com\/fi\/wp-json\/wp\/v2\/categories?post=86821"},{"taxonomy":"post_tag","embeddable":true,"href":"https:\/\/www.europesays.com\/fi\/wp-json\/wp\/v2\/tags?post=86821"}],"curies":[{"name":"wp","href":"https:\/\/api.w.org\/{rel}","templated":true}]}}