{"id":86842,"date":"2025-11-11T03:19:09","date_gmt":"2025-11-11T03:19:09","guid":{"rendered":"https:\/\/www.europesays.com\/fi\/86842\/"},"modified":"2025-11-11T03:19:09","modified_gmt":"2025-11-11T03:19:09","slug":"trumpin-rauhanhanke-rakoilee-thaimaa-jaadyttaa-sopimuksen-kambodzan-kanssa","status":"publish","type":"post","link":"https:\/\/www.europesays.com\/fi\/86842\/","title":{"rendered":"Trumpin rauhanhanke rakoilee: Thaimaa j\u00e4\u00e4dytt\u00e4\u00e4 sopimuksen Kambod\u017ean kanssa"},"content":{"rendered":"<p>Kaakkois-Aasia|Keskeytys tarkoittaa muun muassa sit\u00e4, ett\u00e4 Thaimaassa kiinni otettuja kambod\u017ealaisia sotilaita ei vapauteta sovitusti.<\/p>\n<p>10.11. 12:29<\/p>\n<p class=\"article-body mb-nof-24 px-nof-16\">Kaakkois-Aasiassa Thaimaa keskeytt\u00e4\u00e4 Kambod\u017ean kanssa solmitun rauhan\u00adsopimuksen t\u00e4yt\u00e4nt\u00f6\u00f6npanon. Thaimaan hallitus ilmoitti asiasta maanantaina.<\/p>\n<p class=\"article-body mb-nof-24 px-nof-16\">Thaimaan mukaan kaksi sen sotilasta haavoittui maamiinan r\u00e4j\u00e4hdyksess\u00e4, kun he partioivat maiden rajalla.<\/p>\n<p class=\"article-body mb-nof-24 px-nof-16\">Sopimuksen t\u00e4yt\u00e4nt\u00f6\u00f6npanon keskeytys tarkoittaa muun muassa sit\u00e4, ett\u00e4 Thaimaassa kiinni otettuja kambod\u017ealaisia sotilaita ei vapauteta sovitusti.<\/p>\n<p class=\"article-body mb-nof-24 px-nof-16\">Kambod\u017ean viranomaiset eiv\u00e4t ole kommentoineet tuoreeltaan asiaa. Maan puolustusministeri\u00f6 sanoi lausunnossa, ett\u00e4 se sitoutuu \u201dhorjumattomasti\u201d rauhaan.<\/p>\n<p class=\"article-body mb-nof-24 px-nof-16\">Viime kes\u00e4n\u00e4 Thaimaan ja Kambod\u017ean v\u00e4lille puhjenneessa konfliktissa kuoli yli 40 ihmist\u00e4 ja sadattuhannet joutuivat j\u00e4tt\u00e4m\u00e4\u00e4n kotinsa.<\/p>\n<p class=\"article-body mb-nof-24 px-nof-16\">Yhdysvaltain presidentti <a class=\"article-personlink\" href=\"https:\/\/www.hs.fi\/haku\/?query=Donald%20Trump\" rel=\"nofollow noopener\" target=\"_blank\">Donald Trump<\/a> oli mukana v\u00e4litt\u00e4m\u00e4ss\u00e4 aselepoa maiden v\u00e4lille. Rauhansopimus allekirjoitettiin lokakuun lopulla. Thaimaan ja Kambod\u017ean p\u00e4\u00e4ministerien lis\u00e4ksi my\u00f6s Trump allekirjoitti sopimuksen.<\/p>\n<p class=\"article-body mb-nof-24 px-nof-16\">Taistelut syttyiv\u00e4t hein\u00e4kuussa, kun Thaimaa syytti Kambodzhaa maamiinojen asettamisesta maiden raja-alueella. Kambodzha on kiist\u00e4nyt Thaimaan syyt\u00f6kset.<\/p>\n","protected":false},"excerpt":{"rendered":"Kaakkois-Aasia|Keskeytys tarkoittaa muun muassa sit\u00e4, ett\u00e4 Thaimaassa kiinni otettuja kambod\u017ealaisia sotilaita ei vapauteta sovitusti. 10.11. 12:29 Kaakkois-Aasiassa Thaimaa&hellip;\n","protected":false},"author":2,"featured_media":79326,"comment_status":"","ping_status":"","sticky":false,"template":"","format":"standard","meta":{"footnotes":""},"categories":[14],"tags":[22,23,26,27,33,31,30,17,46,24,25,28,29,15,18,21,32,19,20,56,16,59,60,61],"class_list":{"0":"post-86842","1":"post","2":"type-post","3":"status-publish","4":"format-standard","5":"has-post-thumbnail","7":"category-ulkomaat","8":"tag-breaking-news","9":"tag-breakingnews","10":"tag-featured-news","11":"tag-featurednews","12":"tag-fi","13":"tag-finland","14":"tag-finnish","15":"tag-headlines","16":"tag-helsingin-sanomat","17":"tag-latest-news","18":"tag-latestnews","19":"tag-main-news","20":"tag-mainnews","21":"tag-news","22":"tag-otsikot","23":"tag-paauutiset","24":"tag-suomi","25":"tag-top-stories","26":"tag-topstories","27":"tag-ulkomaat","28":"tag-uutiset","29":"tag-world","30":"tag-world-news","31":"tag-worldnews"},"share_on_mastodon":{"url":"https:\/\/pubeurope.com\/@fi\/115528909695323703","error":""},"_links":{"self":[{"href":"https:\/\/www.europesays.com\/fi\/wp-json\/wp\/v2\/posts\/86842","targetHints":{"allow":["GET"]}}],"collection":[{"href":"https:\/\/www.europesays.com\/fi\/wp-json\/wp\/v2\/posts"}],"about":[{"href":"https:\/\/www.europesays.com\/fi\/wp-json\/wp\/v2\/types\/post"}],"author":[{"embeddable":true,"href":"https:\/\/www.europesays.com\/fi\/wp-json\/wp\/v2\/users\/2"}],"replies":[{"embeddable":true,"href":"https:\/\/www.europesays.com\/fi\/wp-json\/wp\/v2\/comments?post=86842"}],"version-history":[{"count":0,"href":"https:\/\/www.europesays.com\/fi\/wp-json\/wp\/v2\/posts\/86842\/revisions"}],"wp:featuredmedia":[{"embeddable":true,"href":"https:\/\/www.europesays.com\/fi\/wp-json\/wp\/v2\/media\/79326"}],"wp:attachment":[{"href":"https:\/\/www.europesays.com\/fi\/wp-json\/wp\/v2\/media?parent=86842"}],"wp:term":[{"taxonomy":"category","embeddable":true,"href":"https:\/\/www.europesays.com\/fi\/wp-json\/wp\/v2\/categories?post=86842"},{"taxonomy":"post_tag","embeddable":true,"href":"https:\/\/www.europesays.com\/fi\/wp-json\/wp\/v2\/tags?post=86842"}],"curies":[{"name":"wp","href":"https:\/\/api.w.org\/{rel}","templated":true}]}}