{"id":86843,"date":"2025-11-11T03:20:13","date_gmt":"2025-11-11T03:20:13","guid":{"rendered":"https:\/\/www.europesays.com\/fi\/86843\/"},"modified":"2025-11-11T03:20:13","modified_gmt":"2025-11-11T03:20:13","slug":"15-vuotias-poika-kaveli-lastenkodissa-helsingissa-toisen-nuoren-huoneeseen-ja-raiskasi-taman","status":"publish","type":"post","link":"https:\/\/www.europesays.com\/fi\/86843\/","title":{"rendered":"15-vuotias poika k\u00e4veli lastenkodissa Helsingiss\u00e4 toisen nuoren huoneeseen ja raiskasi t\u00e4m\u00e4n"},"content":{"rendered":"<p>Tuomiot|15-vuotias poika raiskasi ik\u00e4toverinsa lastensuojelulaitoksessa. Pojalle m\u00e4\u00e4r\u00e4ttiin ehdollista vankeutta.<\/p>\n<p>10.11. 16:00<\/p>\n<p>Lue tiivistelm\u00e4<\/p>\n<p>Tiivistelm\u00e4 on teko\u00e4lyn tekem\u00e4 ja ihmisen tarkistama.<\/p>\n<p class=\"article-body mb-nof-24 px-nof-16 sndp-summary-bullet-point-font\">15-vuotias poika raiskasi ik\u00e4toverinsa lastensuojelulaitoksessa Helsingiss\u00e4 elokuussa 2024.<\/p>\n<p class=\"article-body mb-nof-24 px-nof-16 sndp-summary-bullet-point-font\">Poika meni uhrin huoneeseen illalla ja painosti t\u00e4t\u00e4 seksiin ennen raiskausta.<\/p>\n<p class=\"article-body mb-nof-24 px-nof-16 sndp-summary-bullet-point-font\">Helsingin k\u00e4r\u00e4j\u00e4oikeus tuomitsi pojan ehdolliseen vankeuteen ja 7000 euron korvauksiin.<\/p>\n<p class=\"article-body mb-nof-24 px-nof-16\">Vuonna 2009 syntynyt poika raiskasi ik\u00e4toverinsa lastensuojelulaitoksessa Helsingiss\u00e4. Rikos tapahtui elokuussa 2024.<\/p>\n<p class=\"article-body mb-nof-24 px-nof-16\">Poika oli my\u00f6h\u00e4\u00e4n illalla mennyt uhrin huoneeseen ja ensin painostanut t\u00e4t\u00e4 seksiin sanallisesti, vetoamalla muun muassa omaan huonoon p\u00e4iv\u00e4\u00e4ns\u00e4, jonka vuoksi uhrin pit\u00e4isi suostua seksiin.<\/p>\n<p class=\"article-body mb-nof-24 px-nof-16\">Uhri oli kielt\u00e4nyt, mutta lopulta poika oli kielloista huolimatta t\u00f6n\u00e4issyt uhrin makuuasentoon ja raiskannut t\u00e4m\u00e4n.<\/p>\n<p class=\"article-body mb-nof-24 px-nof-16\">Paikalla oli tapahtuma-aikaan ollut yksi hoitaja. Rikosta ei havaittu heti tapahtumahetkell\u00e4 vaan uhri kertoi siit\u00e4 muutamaa viikkoa my\u00f6hemmin.<\/p>\n<p class=\"article-body mb-nof-24 px-nof-16\">Poika kiisti syyllistyneens\u00e4 rikokseen. Pojan mukaan sukupuoliyhteys tapahtui yhteisymm\u00e4rryksess\u00e4.<\/p>\n<p class=\"article-body mb-nof-24 px-nof-16\">K\u00e4r\u00e4j\u00e4oikeus ei uskonut poikaa. Uhrin kertomusta tukivat muun muassa uhrin ja pojan v\u00e4liset viestit, joissa poika toistuvasti pyyt\u00e4\u00e4 seksi\u00e4 sek\u00e4 tarjoaa siit\u00e4 vastineeksi muun muassa huppariaan.<\/p>\n<p class=\"article-body mb-nof-24 px-nof-16\">Helsingin k\u00e4r\u00e4j\u00e4oikeus tuomitsi pojan nuorena henkil\u00f6n\u00e4 tehdyst\u00e4 lapsenraiskauksesta vuoden ja kymmenen kuukauden ehdolliseen vankeuteen. Poika m\u00e4\u00e4r\u00e4ttiin maksamaan uhrille korvauksia 7\u202f000 euroa. Tuomio ei ole lainvoimainen.<\/p>\n","protected":false},"excerpt":{"rendered":"Tuomiot|15-vuotias poika raiskasi ik\u00e4toverinsa lastensuojelulaitoksessa. Pojalle m\u00e4\u00e4r\u00e4ttiin ehdollista vankeutta. 10.11. 16:00 Lue tiivistelm\u00e4 Tiivistelm\u00e4 on teko\u00e4lyn tekem\u00e4 ja&hellip;\n","protected":false},"author":2,"featured_media":79326,"comment_status":"","ping_status":"","sticky":false,"template":"","format":"standard","meta":{"footnotes":""},"categories":[12],"tags":[22,23,26,27,33,31,30,17,46,24,25,28,29,15,18,21,32,19,20,16],"class_list":{"0":"post-86843","1":"post","2":"type-post","3":"status-publish","4":"format-standard","5":"has-post-thumbnail","7":"category-suomi","8":"tag-breaking-news","9":"tag-breakingnews","10":"tag-featured-news","11":"tag-featurednews","12":"tag-fi","13":"tag-finland","14":"tag-finnish","15":"tag-headlines","16":"tag-helsingin-sanomat","17":"tag-latest-news","18":"tag-latestnews","19":"tag-main-news","20":"tag-mainnews","21":"tag-news","22":"tag-otsikot","23":"tag-paauutiset","24":"tag-suomi","25":"tag-top-stories","26":"tag-topstories","27":"tag-uutiset"},"share_on_mastodon":{"url":"https:\/\/pubeurope.com\/@fi\/115528913655513435","error":""},"_links":{"self":[{"href":"https:\/\/www.europesays.com\/fi\/wp-json\/wp\/v2\/posts\/86843","targetHints":{"allow":["GET"]}}],"collection":[{"href":"https:\/\/www.europesays.com\/fi\/wp-json\/wp\/v2\/posts"}],"about":[{"href":"https:\/\/www.europesays.com\/fi\/wp-json\/wp\/v2\/types\/post"}],"author":[{"embeddable":true,"href":"https:\/\/www.europesays.com\/fi\/wp-json\/wp\/v2\/users\/2"}],"replies":[{"embeddable":true,"href":"https:\/\/www.europesays.com\/fi\/wp-json\/wp\/v2\/comments?post=86843"}],"version-history":[{"count":0,"href":"https:\/\/www.europesays.com\/fi\/wp-json\/wp\/v2\/posts\/86843\/revisions"}],"wp:featuredmedia":[{"embeddable":true,"href":"https:\/\/www.europesays.com\/fi\/wp-json\/wp\/v2\/media\/79326"}],"wp:attachment":[{"href":"https:\/\/www.europesays.com\/fi\/wp-json\/wp\/v2\/media?parent=86843"}],"wp:term":[{"taxonomy":"category","embeddable":true,"href":"https:\/\/www.europesays.com\/fi\/wp-json\/wp\/v2\/categories?post=86843"},{"taxonomy":"post_tag","embeddable":true,"href":"https:\/\/www.europesays.com\/fi\/wp-json\/wp\/v2\/tags?post=86843"}],"curies":[{"name":"wp","href":"https:\/\/api.w.org\/{rel}","templated":true}]}}