{"id":86856,"date":"2025-11-11T03:47:13","date_gmt":"2025-11-11T03:47:13","guid":{"rendered":"https:\/\/www.europesays.com\/fi\/86856\/"},"modified":"2025-11-11T03:47:13","modified_gmt":"2025-11-11T03:47:13","slug":"hyvinvointialueiden-taloushallinto-ei-ole-tehtaviensa-tasalla-uutiset-kotimaasta-ja-maailmalta","status":"publish","type":"post","link":"https:\/\/www.europesays.com\/fi\/86856\/","title":{"rendered":"Hyvinvointialueiden taloushallinto ei ole teht\u00e4viens\u00e4 tasalla &#8211; Uutiset kotimaasta ja maailmalta"},"content":{"rendered":"<p>MT h\u00e4mm\u00e4steli hyvinvointialueiden yli kahden miljardin saatavia jo vuoden 2023 tilinp\u00e4\u00e4t\u00f6ksiss\u00e4 \u2014 ei saanut j\u00e4rkevi\u00e4 selityksi\u00e4.<\/p>\n<p><a class=\"ArticleImage_imageContainer__e0EST\" href=\"https:\/\/www.europesays.com\/fi\/wp-content\/uploads\/2025\/11\/EjEDoDk6NkRNfKpwZccc62U5Y3c.jpg\"><img decoding=\"async\" src=\"https:\/\/www.europesays.com\/fi\/wp-content\/uploads\/2025\/11\/EjEDoDk6NkRNfKpwZccc62U5Y3c.jpg\" alt=\"Sosiaali- ja terveysala on j\u00e4rjestetty hyvinvointialueiden hoidettavaksi. Kuvituskuva on Helsingin ja Uudenmaan sairaanhoitopiirin HUS:n Meilahden sairaalan edustalta.\" loading=\"lazy\"\/><\/a><\/p>\n<p>Sosiaali- ja terveysala on j\u00e4rjestetty hyvinvointialueiden hoidettavaksi. Kuvituskuva on Helsingin ja Uudenmaan sairaanhoitopiirin HUS:n Meilahden sairaalan edustalta.\u00a0Kuva: Sanne Katainen<\/p>\n<p><img decoding=\"async\" src=\"https:\/\/www.europesays.com\/fi\/wp-content\/uploads\/2025\/11\/uBPZpSavw_L1_Tr3uoHbHAPMHi8.png\" alt=\"\" loading=\"lazy\"\/><\/p>\n<p class=\"RichTextParagraph_richTextParagraph__Wxs3t undefined\">Maan 21 hyvinvointialuetta laativat vuoden 2026 budjetteja ja kolmannen toimintavuotensa tilinp\u00e4\u00e4t\u00f6ksi\u00e4. Edellisten kahden toimintavuoden j\u00e4lki on ollut kaikkea muuta kuin vakuuttavaa.<\/p>\n<p class=\"RichTextParagraph_richTextParagraph__Wxs3t undefined\">Nyt tikunnokkaan on nostettu Varsinais-Suomen hyvinvointialueen saatavat potilailta. Varhan hallinto perii saataviaan nyt vasta vuosien j\u00e4lkeen: 40 tuhannen laskun ja karhukirjeiden vy\u00f6ry, kun ilmeisesti ei ensimm\u00e4inenk\u00e4\u00e4n lasku ole koskaan l\u00e4htenytk\u00e4\u00e4n Varhalta.<\/p>\n<p class=\"RichTextParagraph_richTextParagraph__Wxs3t undefined\">Hyv\u00e4\u00e4 hallintoa? Kaikkea muuta. Hyv\u00e4 perint\u00e4tapa? Ei sinne p\u00e4ink\u00e4\u00e4n.<\/p>\n<p class=\"RichTextParagraph_richTextParagraph__Wxs3t undefined\">Todenn\u00e4k\u00f6isesti Varhan sotkut ovat vasta n\u00e4kyviin tullut j\u00e4\u00e4vuoren huippu.<\/p>\n<p class=\"RichTextParagraph_richTextParagraph__Wxs3t undefined\">MT:n analyysiss\u00e4mme <a href=\"https:\/\/www.maaseuduntulevaisuus.fi\/uutiset\/5657ddf5-9622-41b0-a130-4cd4c3245cf1\" id=\"link-fcd60525a5fd66505e1fdc5f52808837\" rel=\"nofollow noopener\" target=\"_blank\">h\u00e4mm\u00e4stelimme<\/a> kassavirta-analyysiin perehtyneen Tuloksentekij\u00e4t oy:n LJK <strong id=\"strong-155f269b1047ed1f8c2e8606601e7987\">Riku Lehtisen<\/strong> kanssa hv-alueiden yhteens\u00e4 l\u00e4hes 2,3 miljardin euron saatavia taseissaan samaan aikaan, kun alueet valittivat rahapulaansa. Emme saaneet j\u00e4rkevi\u00e4 selityksi\u00e4. <\/p>\n<p class=\"RichTextParagraph_richTextParagraph__Wxs3t undefined\">Alueiden tulee saada vuosien 2023\u20132026 alij\u00e4\u00e4m\u00e4t katetuiksi ensi vuoden loppuun menness\u00e4.<\/p>\n<p class=\"RichTextParagraph_richTextParagraph__Wxs3t undefined\">Kassakriisist\u00e4 ei kuitenkaan ollut tilinp\u00e4\u00e4t\u00f6shetkell\u00e4 kyse, sill\u00e4 kyse oli tietoisesta ratkaisusta. Esimerkiksi Varha tiesi laskutusviiveens\u00e4, ja k\u00e4ytti siksi poikkeuksellisen pitk\u00e4\u00e4 maksuehtoa asiakkailleen.<\/p>\n<p class=\"RichTextParagraph_richTextParagraph__Wxs3t undefined\">Luvut avautuivat valtion <a href=\"https:\/\/www.tutkihallintoa.fi\/hyvinvointialueiden-talous\/\" id=\"link-0c4838295203cb3a98c7835fc7aafba2\" rel=\"nofollow noopener\" target=\"_blank\">Tutki hallintoa -sivustolta<\/a>. Lehtinen teki analyysinsa  kassavirtapohjalta. Johtop\u00e4\u00e4t\u00f6s oli selke\u00e4:<\/p>\n<p class=\"RichTextParagraph_richTextParagraph__Wxs3t undefined\">&#8221;Eiv\u00e4t hv-alueet tarvitse lainarahaa, ottakoot saamisistaan.&#8221;<\/p>\n<p class=\"RichTextParagraph_richTextParagraph__Wxs3t undefined\">Paisuneille saataville ei l\u00f6ytynyt j\u00e4rkiperusteina muuta kuin heikko laskutus ja esimerkiksi potilasmaksujen perinn\u00e4n toimettomuus.<\/p>\n<p class=\"RichTextParagraph_richTextParagraph__Wxs3t undefined\">Sit\u00e4 mukaa kun laskutusj\u00e4rjestelm\u00e4t saadaan toimimaan ja potilas-, hoiva- ja asukaslaskut ja karhukirjeet ovat l\u00e4hteneet, vaihtavat saamiset tili\u00e4 muista saamisista myyntisaamisiin. <\/p>\n<p class=\"RichTextParagraph_richTextParagraph__Wxs3t undefined\">Kun saamisia joudutaan kirjaamaan alas \u2014 laskun saaja kuollut tai koko laskun syy arvoitus \u2014  heikent\u00e4v\u00e4t alaskirjaukset hyvinvointialueiden tuloksia eli kasvattavat alij\u00e4\u00e4mi\u00e4. Lis\u00e4\u00e4 hv-alueita joutuu arviointimenettelyyn.<\/p>\n<p class=\"RichTextParagraph_richTextParagraph__Wxs3t undefined\">Varhan silloisen talousjohtajan <strong id=\"strong\">Arja Pesosen<\/strong> mukaan toimintatulojen saatavien m\u00e4\u00e4r\u00e4 johtui paljolti siit\u00e4, ett\u00e4 \u201dVarsinais-Suomen hyvinvointialue aloitti Suomen hajanaisimmista l\u00e4ht\u00f6kohdista toimintansa.\u201d<\/p>\n<p class=\"RichTextParagraph_richTextParagraph__Wxs3t undefined\">17 eri asiakas- ja potilasj\u00e4rjestelm\u00e4\u00e4 eiv\u00e4t en\u00e4\u00e4 kahden toimintavuoden j\u00e4lkeen kelpaa selitykseksi.<\/p>\n<p class=\"Blockquote_text___ueE4\">&#8221;Eiv\u00e4t hv-alueet tarvitse lainarahaa, ottakoot saamisistaan.&#8221;<\/p>\n<p>Riku Lehtinen<\/p>\n<p class=\"RichTextParagraph_richTextParagraph__Wxs3t undefined\">Varhan talousjohtaja Pesonen muuten loikkasi virastaan <a href=\"https:\/\/www.ts.fi\/uutiset\/6508511\" id=\"link-047b53f3b80b504d564207a6ed3cb864\" rel=\"nofollow noopener\" target=\"_blank\">konsultiksi<\/a> tammikuun 2025 alusta neuvomaan ja lobbaamaan hv-alueita hyvinvointialueyhti\u00f6 Hyvil oy:n lukuun.<\/p>\n<p class=\"RichTextParagraph_richTextParagraph__Wxs3t undefined\">My\u00f6s muut hv-alueet ovat vastaavissa ongelmissa. Keski-Suomen alue on menossa arviointimenettelyyn, johtoa on jo vaihdettu.<\/p>\n<p class=\"RichTextParagraph_richTextParagraph__Wxs3t undefined\">Valtiovarainministeri\u00f6 jakaa varat alueille toimintamenojen kattamiseen yleiskatteisina kahdesti vuodessa tammikuussa ja kes\u00e4kuussa. N\u00e4m\u00e4 rahat kattavat valtaosan alueiden kuluista.<\/p>\n<p class=\"RichTextParagraph_richTextParagraph__Wxs3t undefined\">P\u00e4\u00e4llekk\u00e4inen hallinto maksaa. M\u00e4\u00e4r\u00e4 ei ole tuonut tehoa tai laatua asiakkailleen.<\/p>\n<p class=\"RichTextParagraph_richTextParagraph__Wxs3t undefined\">21 hyvinvointialuetta on yksinkertaisesti liikaa. Alueiden tulevat yhdist\u00e4miset ovat toiminnan j\u00e4rkiper\u00e4ist\u00e4mist\u00e4.<\/p>\n","protected":false},"excerpt":{"rendered":"MT h\u00e4mm\u00e4steli hyvinvointialueiden yli kahden miljardin saatavia jo vuoden 2023 tilinp\u00e4\u00e4t\u00f6ksiss\u00e4 \u2014 ei saanut j\u00e4rkevi\u00e4 selityksi\u00e4. Sosiaali- ja&hellip;\n","protected":false},"author":2,"featured_media":86857,"comment_status":"","ping_status":"","sticky":false,"template":"","format":"standard","meta":{"footnotes":""},"categories":[5],"tags":[22,23,26,27,33,31,30,17,24,25,28,29,15,18,21,32,19,20,16],"class_list":{"0":"post-86856","1":"post","2":"type-post","3":"status-publish","4":"format-standard","5":"has-post-thumbnail","7":"category-otsikot","8":"tag-breaking-news","9":"tag-breakingnews","10":"tag-featured-news","11":"tag-featurednews","12":"tag-fi","13":"tag-finland","14":"tag-finnish","15":"tag-headlines","16":"tag-latest-news","17":"tag-latestnews","18":"tag-main-news","19":"tag-mainnews","20":"tag-news","21":"tag-otsikot","22":"tag-paauutiset","23":"tag-suomi","24":"tag-top-stories","25":"tag-topstories","26":"tag-uutiset"},"share_on_mastodon":{"url":"https:\/\/pubeurope.com\/@fi\/115529019960285156","error":""},"_links":{"self":[{"href":"https:\/\/www.europesays.com\/fi\/wp-json\/wp\/v2\/posts\/86856","targetHints":{"allow":["GET"]}}],"collection":[{"href":"https:\/\/www.europesays.com\/fi\/wp-json\/wp\/v2\/posts"}],"about":[{"href":"https:\/\/www.europesays.com\/fi\/wp-json\/wp\/v2\/types\/post"}],"author":[{"embeddable":true,"href":"https:\/\/www.europesays.com\/fi\/wp-json\/wp\/v2\/users\/2"}],"replies":[{"embeddable":true,"href":"https:\/\/www.europesays.com\/fi\/wp-json\/wp\/v2\/comments?post=86856"}],"version-history":[{"count":0,"href":"https:\/\/www.europesays.com\/fi\/wp-json\/wp\/v2\/posts\/86856\/revisions"}],"wp:featuredmedia":[{"embeddable":true,"href":"https:\/\/www.europesays.com\/fi\/wp-json\/wp\/v2\/media\/86857"}],"wp:attachment":[{"href":"https:\/\/www.europesays.com\/fi\/wp-json\/wp\/v2\/media?parent=86856"}],"wp:term":[{"taxonomy":"category","embeddable":true,"href":"https:\/\/www.europesays.com\/fi\/wp-json\/wp\/v2\/categories?post=86856"},{"taxonomy":"post_tag","embeddable":true,"href":"https:\/\/www.europesays.com\/fi\/wp-json\/wp\/v2\/tags?post=86856"}],"curies":[{"name":"wp","href":"https:\/\/api.w.org\/{rel}","templated":true}]}}