{"id":86866,"date":"2025-11-11T04:11:11","date_gmt":"2025-11-11T04:11:11","guid":{"rendered":"https:\/\/www.europesays.com\/fi\/86866\/"},"modified":"2025-11-11T04:11:11","modified_gmt":"2025-11-11T04:11:11","slug":"espanjassa-alkoi-jogurtin-hamstraaminen-ja-syyna-on-117-vuotiaaksi-elanyt-maria-ulkomaat","status":"publish","type":"post","link":"https:\/\/www.europesays.com\/fi\/86866\/","title":{"rendered":"Espanjassa alkoi jogurtin hamstraaminen, ja syyn\u00e4 on 117-vuotiaaksi el\u00e4nyt Mar\u00eda | Ulkomaat"},"content":{"rendered":"<p>Juttu tiivistettyn\u00e4<\/p>\n<ul class=\"aw-1jjocuh iJTSwP yle__article__list yle__article__list--ul\">\n<li class=\"aw-1j7gwms gNYKfi\">Espanjassa tutkijat selvitt\u00e4v\u00e4t 117-vuotiaana kuolleen Mar\u00eda Branyasin pitk\u00e4n i\u00e4n salaisuutta.<\/li>\n<li class=\"aw-1j7gwms gNYKfi\">Tutkijoiden mukaan syy pitk\u00e4\u00e4n ik\u00e4\u00e4n saattoi olla poikkeuksellisen terve suolisto, joka oli kuin nuorella ihmisell\u00e4.<\/li>\n<li class=\"aw-1j7gwms gNYKfi\">Branyasin ruokavalio, erityisesti jogurtti, vaikutti suotuisasti h\u00e4nen terveyteens\u00e4, mik\u00e4 on saanut suuren huomion.<\/li>\n<li class=\"aw-1j7gwms gNYKfi\">La Fageda -jogurttiosuuskunta hy\u00f6tyy kysynn\u00e4st\u00e4, mutta se ei aio laajentaa toimintaansa ulkomaille.<\/li>\n<\/ul>\n<p class=\"aw-1gybjub aw-1p7kakr kEtdKx cEmitX yle__article__paragraph\">T\u00e4m\u00e4 on teko\u00e4lyn avulla tuotettu, toimittajan tarkistama tiivistelm\u00e4.<\/p>\n<p class=\"aw-1gybjub aw-1p7kakr kEtdKx cEmitX yle__article__paragraph\"><strong class=\"aw-ak79eh KyCXm yle__article__strong\">BARCELONA<\/strong> Espanjan sosiaalisessa mediassa on viime aikoina jaettu kuvia jogurtista.<\/p>\n<p class=\"aw-1gybjub aw-1p7kakr kEtdKx cEmitX yle__article__paragraph\">Kaiken takana on viime vuonna kuollut <strong class=\"aw-ak79eh KyCXm yle__article__strong\">Mar\u00eda Branyas<\/strong>, joka oli jonkin aikaa maailman vanhin elossa oleva ihminen. H\u00e4n kertoi sy\u00f6neens\u00e4 kolme jogurttia p\u00e4iv\u00e4ss\u00e4 lapsuudestaan l\u00e4htien.<\/p>\n<p class=\"aw-1gybjub aw-1p7kakr kEtdKx cEmitX yle__article__paragraph\">Branyasin elinaikana Barcelonassa toimiva kansainv\u00e4linen tutkijaryhm\u00e4 yritti selvitt\u00e4\u00e4 117-vuotiaana kuolleen Branyasin pitk\u00e4ik\u00e4isyyden salaisuutta.<\/p>\n<p class=\"aw-1gybjub aw-1p7kakr kEtdKx cEmitX yle__article__paragraph\">Tutkimus on yksi laajimmista, joita yli satavuotiaista on tehty. <a class=\"aw-iao6s4 iHOxEa yle__article__link\" href=\"https:\/\/www.carrerasresearch.org\/en\/news\/researchers-at-the-josep-carreras-institute-describe-for-the-first-time-the-delicate-balance-of-longevity\" role=\"link\" rel=\"nofollow noopener\" target=\"_blank\">Sen tulokset<\/a> julkaistiin syyskuussa kansainv\u00e4lisess\u00e4 Cell Reports Medicine -tiedejulkaisussa.<\/p>\n<p class=\"aw-1gybjub aw-1p7kakr kEtdKx cEmitX yle__article__paragraph\">Tutkijat havaitsivat, ett\u00e4 Branyasin suolisto oli kuin nuorella ihmisell\u00e4. He uskovat, ett\u00e4 h\u00e4nen pitk\u00e4n ja terveen el\u00e4m\u00e4ns\u00e4 salaisuus oli suolistobakteerien tasapaino.<\/p>\n<p class=\"aw-1gybjub aw-1p7kakr kEtdKx cEmitX yle__article__paragraph\">Suoliston terveytt\u00e4 edesauttoi V\u00e4limeren dieetti, johon kuuluu Branyasin rakastama maustamaton jogurtti.<\/p>\n<p>Kysynt\u00e4 kasvoi<\/p>\n<p class=\"aw-1gybjub aw-1p7kakr kEtdKx cEmitX yle__article__paragraph\">Branyasin ruokavaliosta on tullut Espanjassa kansallinen puheenaihe ja onnenpotku paikalliselle jogurttimerkille.<\/p>\n<p class=\"aw-1gybjub aw-1p7kakr kEtdKx cEmitX yle__article__paragraph\">Nyt pienen katalonialaisen La Fageda -jogurttitehtaan tuotteille riitt\u00e4isi kysynt\u00e4\u00e4 ulkomaillakin.<\/p>\n<p class=\"aw-1gybjub aw-1p7kakr kEtdKx cEmitX yle__article__paragraph\">\u2013 Olemme saaneet paljon puheluita ulkomailta, erityisesti Britanniasta ja Yhdysvalloista. My\u00f6s Espanjassa kyselyj\u00e4 tuli tutkimusjulkaisun j\u00e4lkeen viikossa enemm\u00e4n kuin normaalisti vuodessa, kertoo La Fagedan tiedottaja <strong class=\"aw-ak79eh KyCXm yle__article__strong\">Esther Carreras.<\/strong><\/p>\n<p class=\"aw-1gybjub aw-1p7kakr kEtdKx cEmitX yle__article__paragraph\">My\u00f6s barcelonalainen <strong class=\"aw-ak79eh KyCXm yle__article__strong\">Anna Barro<\/strong> kertoo ostavansa jogurttia nyky\u00e4\u00e4n entist\u00e4 innokkaammin:<\/p>\n<p class=\"aw-1gybjub aw-1p7kakr kEtdKx cEmitX yle__article__paragraph\">Tutkijoita jogurttivillitys hymyilytt\u00e4\u00e4. Tutkimusten perusteella sill\u00e4 toki oli Branyasin terveydelle suotuisa vaikutus.<\/p>\n<p class=\"aw-1gybjub aw-1p7kakr kEtdKx cEmitX yle__article__paragraph\"><strong class=\"aw-ak79eh KyCXm yle__article__strong\">N\u00e4in tutkija Eloy Santos kertoo videolla jogurtin hy\u00f6dyist\u00e4:<\/strong><\/p>\n<p class=\"aw-1gybjub aw-1p7kakr kEtdKx cEmitX yle__article__paragraph\">Mar\u00eda Branyas tunnettiin elinaikanaan paitsi poikkeuksellisesta i\u00e4st\u00e4\u00e4n, my\u00f6s avoimesta suhtautumisestaan tieteeseen.<\/p>\n<p class=\"aw-1gybjub aw-1p7kakr kEtdKx cEmitX yle__article__paragraph\">\u2013 Tutkikaa minua, oppikaa minusta, h\u00e4n totesi usein l\u00e4\u00e4k\u00e4reille espanjalaisen El Pais -lehden mukaan.<\/p>\n<p class=\"aw-1gybjub aw-1p7kakr kEtdKx cEmitX yle__article__paragraph\"><a class=\"aw-iao6s4 iHOxEa yle__article__link\" href=\"https:\/\/www.carrerasresearch.org\/en\/news\/researchers-at-the-josep-carreras-institute-describe-for-the-first-time-the-delicate-balance-of-longevity\" role=\"link\" rel=\"nofollow noopener\" target=\"_blank\">Siksi Branyas suostui<\/a> barcelonalaisen Josep Carreras -leukemiainstituutin tutkittavaksi.<\/p>\n<p class=\"aw-1gybjub aw-1p7kakr kEtdKx cEmitX yle__article__paragraph\">Tutkimusryhm\u00e4ss\u00e4 oleva sy\u00f6p\u00e4l\u00e4\u00e4ketieteen ja epigenetiikan tohtoriopiskelija <strong class=\"aw-ak79eh KyCXm yle__article__strong\">Eloy Santos<\/strong> toteaa Branyasin elintapojen olleen kunnossa. H\u00e4n ei juuri k\u00e4ytt\u00e4nyt alkoholia ja h\u00e4nell\u00e4 oli vilkas sosiaalinen el\u00e4m\u00e4. Toki merkityst\u00e4 oli my\u00f6s geeneill\u00e4.<\/p>\n<p class=\"aw-1gybjub aw-1p7kakr kEtdKx cEmitX yle__article__paragraph\">\u2013 N\u00e4ytt\u00e4\u00e4 silt\u00e4, ett\u00e4 geenit vaikuttavat eniten siihen, kuka p\u00e4\u00e4see yli sadan vuoden ja mit\u00e4 tapahtuu sen j\u00e4lkeen, Santos sanoo.<\/p>\n<p class=\"aw-1gybjub aw-1p7kakr kEtdKx cEmitX yle__article__paragraph\">Siihen asti elintavoilla on usein suurempi rooli.<\/p>\n<p class=\"aw-1gybjub aw-1p7kakr kEtdKx cEmitX yle__article__paragraph\"><strong class=\"aw-ak79eh KyCXm yle__article__strong\">Eloy Santos kertoo videolla, miten he Branyasia tutkivat:<\/strong><\/p>\n<p class=\"aw-1gybjub aw-1p7kakr kEtdKx cEmitX yle__article__paragraph\">Santosin mukaan my\u00f6s Branyasin kolesteroli- ja rasva-aineenvaihdunta sek\u00e4 vapaita radikaaleja torjuvat mitokondriot toimivat poikkeuksellisen hyvin.<\/p>\n<p class=\"aw-1gybjub aw-1p7kakr kEtdKx cEmitX yle__article__paragraph\">\u2013 H\u00e4nell\u00e4 ei ollut syd\u00e4nsairauksia, kasvaimia eik\u00e4 neurologisia ongelmia. Verisuonet olivat hyv\u00e4ss\u00e4 kunnossa, Santos kuvailee.<\/p>\n<p class=\"aw-1gybjub aw-1p7kakr kEtdKx cEmitX yle__article__paragraph\">Branyas ei ole ainoa julkisuudessa ollut yli satavuotias espanjalainen.<\/p>\n<p class=\"aw-1gybjub aw-1p7kakr kEtdKx cEmitX yle__article__paragraph\">Espanjalaiset ovat t\u00e4ll\u00e4 hetkell\u00e4 Euroopan pitk\u00e4ik\u00e4isin kansa. Espanjalaisnaisten elini\u00e4nodote on Euroopan korkein, 84,6 vuotta. <a class=\"aw-iao6s4 iHOxEa yle__article__link\" href=\"https:\/\/stat.fi\/en\/publication\/cl8jxd2ks9jb20dukeq98yupk?utm_\" role=\"link\" rel=\"nofollow noopener\" target=\"_blank\">Tilastokeskuksen<\/a> mukaan Suomessa naiset el\u00e4v\u00e4t keskim\u00e4\u00e4rin 83,8-vuotiaiksi ja miehet 78,9-vuotiaiksi.<\/p>\n<p class=\"aw-1gybjub aw-1p7kakr kEtdKx cEmitX yle__article__paragraph\">\u2013 Espanjassa on toimiva julkinen terveydenhuolto ja el\u00e4m\u00e4 on sosiaalista. Olosuhteet edesauttavat pitk\u00e4n i\u00e4n saavuttamista, Santos sanoo.<\/p>\n<p>Enn\u00e4tysm\u00e4\u00e4r\u00e4 satavuotiaita, mutta ei ehk\u00e4 kauaa<\/p>\n<p class=\"aw-1gybjub aw-1p7kakr kEtdKx cEmitX yle__article__paragraph\">Toisaalta Espanjakin on muuttunut. <a class=\"aw-iao6s4 iHOxEa yle__article__link\" href=\"https:\/\/www.ine.es\/dyngs\/Prensa\/ESdE2023.htm#:~:text=El%2055%2C0%25%20de%20la,%2C1%25%20de%20los%20menores.\" role=\"link\" rel=\"nofollow noopener\" target=\"_blank\">Reippaasti yli puolet<\/a> t\u00e4ysi-ik\u00e4isist\u00e4 espanjalaisista on ylipainoisia. Roskaruoka maistuu monille paremmin kuin V\u00e4limeren dieetti. Sosiaalinen media on Espanjassakin v\u00e4hent\u00e4nyt sosiaalista el\u00e4m\u00e4\u00e4.<\/p>\n<p class=\"aw-1gybjub aw-1p7kakr kEtdKx cEmitX yle__article__paragraph\">Vaikka satavuotiaiden m\u00e4\u00e4r\u00e4 Espanjassa on viime vuosina lis\u00e4\u00e4ntynyt, Santos pelk\u00e4\u00e4 kehityksen pys\u00e4htyv\u00e4n tai taantuvan. Suurin syy ovat heikentyneet elintavat.<\/p>\n<p class=\"aw-1gybjub aw-1p7kakr kEtdKx cEmitX yle__article__paragraph\">Tutkimushanke jatkuu edelleen. Santosin ty\u00f6ryhm\u00e4 aikoo tutkia my\u00f6s Branyasin j\u00e4lkel\u00e4isi\u00e4.<\/p>\n<p class=\"aw-1gybjub aw-1p7kakr kEtdKx cEmitX yle__article__paragraph\">\u2013 Haluaisimme selvitt\u00e4\u00e4, onko heill\u00e4 pitk\u00e4ik\u00e4isyyteen vaikuttava geenivariantti ja miten elintavat vaikuttavat heid\u00e4n terveyteens\u00e4.<\/p>\n<p>Jogurtteja ei vied\u00e4 maailmalle<\/p>\n<p class=\"aw-1gybjub aw-1p7kakr kEtdKx cEmitX yle__article__paragraph\">Jogurttimerkki La Fagedalle Mar\u00eda Branyasista tehty tutkimus toi positiivista julkisuutta.<\/p>\n<p class=\"aw-1gybjub aw-1p7kakr kEtdKx cEmitX yle__article__paragraph\">Osuuskunta ei kuitenkaan aio laajentaa toimintaansa lis\u00e4\u00e4ntyneest\u00e4 kysynn\u00e4st\u00e4 huolimatta. Sen jogurtteja myyd\u00e4\u00e4n ainoastaan viidell\u00e4 itsehallintoalueella: Kataloniassa, Baskimaassa, Baleaareilla, Madridissa ja Valenciassa.<\/p>\n<p class=\"aw-1gybjub aw-1p7kakr kEtdKx cEmitX yle__article__paragraph\">\u2013 Meid\u00e4n ei tarvitse miellytt\u00e4\u00e4 osakkeenomistajia emmek\u00e4 t\u00e4hyile ulkomaille. Voitot sijoitetaan takaisin tehtaaseen ja ty\u00f6ntekij\u00f6idemme hyvinvointiin, tiedottaja Esther Carreras sanoo.<\/p>\n<p class=\"aw-1gybjub aw-1p7kakr kEtdKx cEmitX yle__article__paragraph\">Tehdasta py\u00f6ritt\u00e4v\u00e4n osuuskunnan perusti 1980-luvulla psykologi, joka halusi luoda vaihtoehtoisen tavan auttaa mielenterveyspotilaita.<\/p>\n<p class=\"aw-1gybjub aw-1p7kakr kEtdKx cEmitX yle__article__paragraph\">Nyky\u00e4\u00e4n tehdas ty\u00f6llist\u00e4\u00e4 ennen kaikkea syrj\u00e4ytymisvaarassa olevia ja vammaisia.<\/p>\n","protected":false},"excerpt":{"rendered":"Juttu tiivistettyn\u00e4 Espanjassa tutkijat selvitt\u00e4v\u00e4t 117-vuotiaana kuolleen Mar\u00eda Branyasin pitk\u00e4n i\u00e4n salaisuutta. Tutkijoiden mukaan syy pitk\u00e4\u00e4n ik\u00e4\u00e4n saattoi&hellip;\n","protected":false},"author":2,"featured_media":86867,"comment_status":"","ping_status":"","sticky":false,"template":"","format":"standard","meta":{"footnotes":""},"categories":[14],"tags":[22,23,1819,26,27,33,31,30,17,2233,17677,24,25,28,29,15,18,21,17676,15216,32,19,20,56,16,13881,59,60,61],"class_list":{"0":"post-86866","1":"post","2":"type-post","3":"status-publish","4":"format-standard","5":"has-post-thumbnail","7":"category-ulkomaat","8":"tag-breaking-news","9":"tag-breakingnews","10":"tag-espanja","11":"tag-featured-news","12":"tag-featurednews","13":"tag-fi","14":"tag-finland","15":"tag-finnish","16":"tag-headlines","17":"tag-hyvinvointi","18":"tag-jogurtti","19":"tag-latest-news","20":"tag-latestnews","21":"tag-main-news","22":"tag-mainnews","23":"tag-news","24":"tag-otsikot","25":"tag-paauutiset","26":"tag-pitkaikaisyys","27":"tag-ravinto","28":"tag-suomi","29":"tag-top-stories","30":"tag-topstories","31":"tag-ulkomaat","32":"tag-uutiset","33":"tag-vanhuus","34":"tag-world","35":"tag-world-news","36":"tag-worldnews"},"share_on_mastodon":{"url":"https:\/\/pubeurope.com\/@fi\/115529114170374084","error":""},"_links":{"self":[{"href":"https:\/\/www.europesays.com\/fi\/wp-json\/wp\/v2\/posts\/86866","targetHints":{"allow":["GET"]}}],"collection":[{"href":"https:\/\/www.europesays.com\/fi\/wp-json\/wp\/v2\/posts"}],"about":[{"href":"https:\/\/www.europesays.com\/fi\/wp-json\/wp\/v2\/types\/post"}],"author":[{"embeddable":true,"href":"https:\/\/www.europesays.com\/fi\/wp-json\/wp\/v2\/users\/2"}],"replies":[{"embeddable":true,"href":"https:\/\/www.europesays.com\/fi\/wp-json\/wp\/v2\/comments?post=86866"}],"version-history":[{"count":0,"href":"https:\/\/www.europesays.com\/fi\/wp-json\/wp\/v2\/posts\/86866\/revisions"}],"wp:featuredmedia":[{"embeddable":true,"href":"https:\/\/www.europesays.com\/fi\/wp-json\/wp\/v2\/media\/86867"}],"wp:attachment":[{"href":"https:\/\/www.europesays.com\/fi\/wp-json\/wp\/v2\/media?parent=86866"}],"wp:term":[{"taxonomy":"category","embeddable":true,"href":"https:\/\/www.europesays.com\/fi\/wp-json\/wp\/v2\/categories?post=86866"},{"taxonomy":"post_tag","embeddable":true,"href":"https:\/\/www.europesays.com\/fi\/wp-json\/wp\/v2\/tags?post=86866"}],"curies":[{"name":"wp","href":"https:\/\/api.w.org\/{rel}","templated":true}]}}