{"id":86886,"date":"2025-11-11T04:51:10","date_gmt":"2025-11-11T04:51:10","guid":{"rendered":"https:\/\/www.europesays.com\/fi\/86886\/"},"modified":"2025-11-11T04:51:10","modified_gmt":"2025-11-11T04:51:10","slug":"tommy-hellsten-kertoo-miten-han-voi-nyt","status":"publish","type":"post","link":"https:\/\/www.europesays.com\/fi\/86886\/","title":{"rendered":"Tommy Hellsten kertoo, miten h\u00e4n voi nyt"},"content":{"rendered":"<p>Mystisesti sairastunut Tommy Hellsten ei p\u00e4rj\u00e4\u00e4 kotona ilman apua. Nyt h\u00e4n kertoo, ett\u00e4 vointi on kohentunut yhdess\u00e4 asiassa.<\/p>\n<p class=\"article-body mb-nof-24 px-nof-16\">Terapeutti, kirjailija <a class=\"article-personlink\" href=\"https:\/\/www.is.fi\/haku\/?query=Tommy%20Hellstenin\" rel=\"nofollow noopener\" target=\"_blank\">Tommy Hellstenin<\/a> el\u00e4m\u00e4\u00e4n kuuluu nyky\u00e4\u00e4n paljon liikkumattomuutta. H\u00e4n on melkein aina kotona ja istuu tuolilla.<\/p>\n<p class=\"article-body mb-nof-24 px-nof-16\">\u2013 Kun kyll\u00e4styn, istun uudelle tuolille, Tommy Hellsten kertoo.<\/p>\n<p class=\"article-body mb-nof-24 px-nof-16\">Rollaattoria k\u00e4ytt\u00e4v\u00e4 Hellsten ei voi asua yksin. Arkiset askareet eiv\u00e4t en\u00e4\u00e4 suju. Kodin ulkopuolella h\u00e4n kulkee py\u00f6r\u00e4tuolilla.<\/p>\n<p class=\"article-body mb-nof-24 px-nof-16\">\u2013 Pystyn nousemaan s\u00e4ngyst\u00e4 sek\u00e4 k\u00e4ym\u00e4\u00e4n yksin vessassa, mutta en\u00e4\u00e4 en pysty siivoamaan tai laittamaan ruokaa. Minulla k\u00e4y kotiavustaja 60 tuntia kuukaudessa tarpeen mukaan, h\u00e4n kertoo.<\/p>\n<p class=\"article-body mb-nof-24 px-nof-16\">Ensimm\u00e4iset oireet tulivat kes\u00e4ll\u00e4 2024, jolloin Hellstenin oikea jalka lakkasi toimimasta kunnolla. Vuoden ep\u00e4varmuuden j\u00e4lkeen Tommy Hellsten sai kuulla, ett\u00e4 h\u00e4nell\u00e4 on motoneuronitauti, joka on yhdess\u00e4 kakkostyypin diabeteksen kanssa aiheuttanut oireet. Kyse on siit\u00e4, ett\u00e4 hermoimpulssit eiv\u00e4t kulje lihaksiin, jolloin lihakset alkavat sammua.<\/p>\n<p class=\"article-body mb-nof-24 px-nof-16\">\u2013 Lyhyesti voin sanoa, ett\u00e4 tilanne jatkuu entisell\u00e4\u00e4n, Tommy Hellsten kertoo.<\/p>\n<p class=\"article-body mb-nof-24 px-nof-16\">\u2013 Pikkuhiljaa orientoidun uuteen tilanteeseen. Pystyn nyt jo pukeutumaan paremmin, kun olen opetellut pukeutumaan itse.<\/p>\n<p class=\"article-body mb-nof-24 px-nof-16\">Tommy Hellsten kertoo, ett\u00e4 kivut ovat hellitt\u00e4neet. H\u00e4n ei k\u00e4yt\u00e4 en\u00e4\u00e4 s\u00e4rkyl\u00e4\u00e4kkeit\u00e4 ja pystyy nyky\u00e4\u00e4n nukkumaan kunnolla.<\/p>\n<p class=\"article-body mb-nof-24 px-nof-16\">Mit\u00e4 todenn\u00e4k\u00f6isemmin entiseen terveeseen el\u00e4m\u00e4\u00e4n ei ole paluuta.<\/p>\n<p class=\"article-body mb-nof-24 px-nof-16\">\u2013 T\u00e4m\u00e4 on sellainen tauti, joka saattaa pysy\u00e4 paikallaan tai saattaa pikkasen kohentua, niin kuin se onkin kohentunut. Ennen kaatuilin, kun en osannut varoa jalan pett\u00e4mist\u00e4. T\u00e4llaista ei en\u00e4\u00e4 ole.<\/p>\n<p><img decoding=\"async\" src=\"https:\/\/www.europesays.com\/fi\/wp-content\/uploads\/2025\/11\/1762836670_167_468.jpg\" alt=\"Tommy Hellsten kuvattuna kotonaan Loviisassa.\" class=\"_Img_1rerz_1\" style=\"aspect-ratio:0.6666666666666666\" loading=\"eager\"\/><\/p>\n<p class=\"article-picture-caption\">Tommy Hellsten kuvattuna kotonaan Loviisassa.<\/p>\n<p class=\"article-body mb-nof-24 px-nof-16\">74-vuotias Hellsten on joutunut hankkimaan apuv\u00e4lineit\u00e4. Erikoiskeng\u00e4t on jo teetetty. Nyt hakusessa on s\u00e4hk\u00f6py\u00f6r\u00e4tuoli.<\/p>\n<p class=\"article-body mb-nof-24 px-nof-16\">Auton ajaminen on puolentoista vuoden tauon j\u00e4lkeen pian mahdollista, sill\u00e4 auto tullaan muuttamaan k\u00e4sik\u00e4ytt\u00f6iseksi.<\/p>\n<p class=\"article-body mb-nof-24 px-nof-16\">Sairastumisen j\u00e4lkeen Hellstenin puoliso <a class=\"article-personlink\" href=\"https:\/\/www.is.fi\/haku\/?query=Eija\" rel=\"nofollow noopener\" target=\"_blank\">Eija<\/a> on ajanut h\u00e4net joka paikkaan. On ollut pakko turvautua apuun.<\/p>\n<p class=\"article-body mb-nof-24 px-nof-16\">\u2013 Sairastuminen on ollut iso juttu, mutta en vaikeroi, ett\u00e4 miksi minulle tapahtui n\u00e4in. Helpottaa kun ei katkeroidu.<\/p>\n<p class=\"article-body mb-nof-24 px-nof-16\">Uusi el\u00e4m\u00e4ntilanne ei ole est\u00e4nyt ty\u00f6ntekoa. Tunnettu terapeutti ottaa vastaan asiakkaita kotonaan Loviisassa sek\u00e4 luennoi s\u00e4\u00e4nn\u00f6llisesti.<\/p>\n<p class=\"article-body mb-nof-24 px-nof-16\">Uusia asioita on my\u00f6s vireill\u00e4.<\/p>\n<p class=\"article-body mb-nof-24 px-nof-16\">S\u00e4\u00e4nn\u00f6lliset tulot ovat tarpeen, sill\u00e4 asuntolaina on maksettava. Kolme vuotta sitten Hellsten rakennutti Loviisan asuntomessualueelle omakotitalon meren rannalle. Ukrainan sodan takia kulut nousivat yll\u00e4tt\u00e4en ja velkaa tuli enemm\u00e4n kuin piti.<\/p>\n<p class=\"article-body mb-nof-24 px-nof-16\">\u2013 Olen selvinnyt taloudellisesti. Jaksan tehd\u00e4 ty\u00f6t\u00e4 ja pystyn hoitamaan massiiviset lainat.<\/p>\n<blockquote class=\"citation\">\n<p>\u201d<\/p>\n<p>Ilman Eijaa en pystyisi asumaan t\u00e4\u00e4ll\u00e4.<\/p>\n<\/blockquote>\n<p class=\"article-body mb-nof-24 px-nof-16\">Kaikesta huolimatta olo on kiitollinen. Edes marraskuun h\u00e4m\u00e4r\u00e4 ei ved\u00e4 mielt\u00e4 matalaksi.<\/p>\n<p class=\"article-body mb-nof-24 px-nof-16\">\u2013 Olen pime\u00e4 tyyppi, viihdyn pime\u00e4ss\u00e4, Tommy Hellsten naurahtaa.<\/p>\n<p class=\"article-body mb-nof-24 px-nof-16\">\u2013 Sit\u00e4 paitsi valo syntyy pime\u00e4ss\u00e4 niin kuin olen kirjoittanut.<\/p>\n<p class=\"article-body mb-nof-24 px-nof-16\">Kiitollisuuteen on monta syyt\u00e4. On ty\u00f6, josta Hellsten nauttii. Se ei ole pelk\u00e4st\u00e4\u00e4n ty\u00f6 vaan el\u00e4m\u00e4ntapa, h\u00e4n sanoo.<\/p>\n<p class=\"article-body mb-nof-24 px-nof-16\">\u2013 Olen iloinen uudesta kodistani ja Eijasta. Ilman Eijaa en pystyisi asumaan t\u00e4\u00e4ll\u00e4. Olen h\u00e4nest\u00e4 \u00e4\u00e4rett\u00f6m\u00e4n kiitollinen. Eija on ammatiltaan enkeli.<\/p>\n<p class=\"article-body mb-nof-24 px-nof-16\">Unelmat ovat pieni\u00e4 ja arkisia. Kunpa saisi v\u00e4h\u00e4n ulkoilla ja liikkua, Tommy Hellsten toivoo. Ihmiselle ei ole hyv\u00e4 ett\u00e4 vain istuu.<\/p>\n<p class=\"article-body mb-nof-24 px-nof-16\">\u2013 Voin k\u00e4vell\u00e4 rollaattorin kanssa, mutta tulee kipuja, kun en ole k\u00e4ytt\u00e4nyt pitk\u00e4\u00e4n aikaan jalkalihaksia. Silloin tulee maitohapporeaktio.<\/p>\n<p class=\"article-body mb-nof-24 px-nof-16\">Oma asenne on auttanut kohtaamaan v\u00e4ist\u00e4m\u00e4tt\u00f6m\u00e4n. T\u00e4m\u00e4 on hyv\u00e4\u00e4 el\u00e4m\u00e4\u00e4, Tommy Hellsten ajattelee. H\u00e4n on hyv\u00e4ksynyt tilanteen. Se edellytt\u00e4\u00e4 positiivista suhtautumista.<\/p>\n<p class=\"article-body mb-nof-24 px-nof-16\">\u2013 Olen oppinut yhteisty\u00f6h\u00f6n v\u00e4ist\u00e4m\u00e4tt\u00f6m\u00e4n kanssa.<\/p>\n<p class=\"article-body mb-nof-24 px-nof-16\">\u2013 Minut on kammettu syvien traumojen \u00e4\u00e4relle ja niihin vied\u00e4\u00e4n eheytymist\u00e4. Olen avuton kuin vauva. Nyt pit\u00e4\u00e4 uskaltaa olla avuton ja ottaa vastaan apua.<\/p>\n<p class=\"article-body mb-nof-24 px-nof-16\">Alkoholistiperheess\u00e4 varttunut Hellsten ei voinut lapsena turvautua kehenk\u00e4\u00e4n. H\u00e4n uskoo k\u00e4yv\u00e4ns\u00e4 nyt l\u00e4pi vaiheita, jotka j\u00e4iv\u00e4t puutteellisiksi lapsena.<\/p>\n<p><img decoding=\"async\" src=\"https:\/\/www.europesays.com\/fi\/wp-content\/uploads\/2025\/11\/1762836670_444_468.jpg\" alt=\"Tommy Hellsten katselee merenrantakodistaan vastarannalle, jossa h\u00e4nen lapsuudenkotinsa sijaitsi Loviisassa.\" class=\"_Img_1rerz_1\" style=\"aspect-ratio:1.5\" loading=\"eager\"\/><\/p>\n<p class=\"article-picture-caption\">Tommy Hellsten katselee merenrantakodistaan vastarannalle, jossa h\u00e4nen lapsuudenkotinsa sijaitsi Loviisassa.<\/p>\n<p class=\"article-body mb-nof-24 px-nof-16\">Tommy Hellstenin \u00e4\u00e4ni on levollinen. Huumori on s\u00e4ilynyt. Arjessa on yh\u00e4 valopilkkuja.<\/p>\n<p class=\"article-body mb-nof-24 px-nof-16\">\u2013 Eija vie minut usein safarille. H\u00e4n vie minut Lidliin ja istun autossa sen ajan, kun h\u00e4n on siell\u00e4 ja katselen, Tommy Hellsten kertoo safarireissuistaan.<\/p>\n<p class=\"article-body mb-nof-24 px-nof-16\">\u2013 Jos en saa tarpeeksi, k\u00e4ymme S-marketissa. El\u00e4m\u00e4 koostuu t\u00e4llaisista hetkist\u00e4. Saatamme l\u00e4hte\u00e4 viel\u00e4 Kotkaan sy\u00f6m\u00e4\u00e4n kiinalaisessa, jossa sipuli-naudanlihapaistos on l\u00e4hes hengellinen kokemus.<\/p>\n<p class=\"article-body mb-nof-24 px-nof-16\">Sairastuminen on ollut iso henkinen prosessi, mutta k\u00e4rsimyksen my\u00f6t\u00e4 el\u00e4m\u00e4\u00e4n on tullut uutta l\u00e4sn\u00e4oloa. El\u00e4m\u00e4 on tullut intensiivisemm\u00e4ksi.<\/p>\n<p class=\"article-body mb-nof-24 px-nof-16\">Parantuminen on ep\u00e4todenn\u00e4k\u00f6ist\u00e4.<\/p>\n<p class=\"article-body mb-nof-24 px-nof-16\">\u2013 Ainoa realistinen vaihtoehto on ihme, Tommy Hellsten sanoo.<\/p>\n<p class=\"article-body mb-nof-24 px-nof-16\">Tommy Hellsten uskoo, ett\u00e4 vastaus l\u00f6ytyy aina ylemp\u00e4\u00e4, yll\u00e4tt\u00e4v\u00e4st\u00e4 suunnasta. Siin\u00e4 mieless\u00e4 se on ihme.<\/p>\n<p class=\"article-body mb-nof-24 px-nof-16\">\u2013 T\u00e4m\u00e4 tilanne on johtunut, ett\u00e4 rupeaa katsomaan el\u00e4m\u00e4\u00e4 eri perspektiivist\u00e4.<\/p>\n<p class=\"article-body mb-nof-24 px-nof-16\">T\u00e4rke\u00e4mp\u00e4\u00e4 on hengenlento, sill\u00e4 tietoisuus l\u00f6ytyy vain hengest\u00e4, Tommy Hellsten ajattelee. Tietoisuuteen p\u00e4\u00e4see vain luhistumisen kautta.<\/p>\n<p class=\"article-body mb-nof-24 px-nof-16\">\u2013 Yl\u00f6s ei p\u00e4\u00e4se kuin alakautta tutustumalla omaan raadollisuuteen ja ihmisyyteen.<\/p>\n<p class=\"article-body mb-nof-24 px-nof-16\">\u2013 Toisin sanoen n\u00f6yrtym\u00e4ll\u00e4.<\/p>\n","protected":false},"excerpt":{"rendered":"Mystisesti sairastunut Tommy Hellsten ei p\u00e4rj\u00e4\u00e4 kotona ilman apua. Nyt h\u00e4n kertoo, ett\u00e4 vointi on kohentunut yhdess\u00e4 asiassa.&hellip;\n","protected":false},"author":2,"featured_media":86887,"comment_status":"","ping_status":"","sticky":false,"template":"","format":"standard","meta":{"footnotes":""},"categories":[136],"tags":[407,137,33,31,30,34,408,32,109],"class_list":{"0":"post-86886","1":"post","2":"type-post","3":"status-publish","4":"format-standard","5":"has-post-thumbnail","7":"category-julkkikset","8":"tag-celebrities","9":"tag-entertainment","10":"tag-fi","11":"tag-finland","12":"tag-finnish","13":"tag-ilta-sanomat","14":"tag-julkkikset","15":"tag-suomi","16":"tag-viihde"},"share_on_mastodon":{"url":"https:\/\/pubeurope.com\/@fi\/115529271544909154","error":""},"_links":{"self":[{"href":"https:\/\/www.europesays.com\/fi\/wp-json\/wp\/v2\/posts\/86886","targetHints":{"allow":["GET"]}}],"collection":[{"href":"https:\/\/www.europesays.com\/fi\/wp-json\/wp\/v2\/posts"}],"about":[{"href":"https:\/\/www.europesays.com\/fi\/wp-json\/wp\/v2\/types\/post"}],"author":[{"embeddable":true,"href":"https:\/\/www.europesays.com\/fi\/wp-json\/wp\/v2\/users\/2"}],"replies":[{"embeddable":true,"href":"https:\/\/www.europesays.com\/fi\/wp-json\/wp\/v2\/comments?post=86886"}],"version-history":[{"count":0,"href":"https:\/\/www.europesays.com\/fi\/wp-json\/wp\/v2\/posts\/86886\/revisions"}],"wp:featuredmedia":[{"embeddable":true,"href":"https:\/\/www.europesays.com\/fi\/wp-json\/wp\/v2\/media\/86887"}],"wp:attachment":[{"href":"https:\/\/www.europesays.com\/fi\/wp-json\/wp\/v2\/media?parent=86886"}],"wp:term":[{"taxonomy":"category","embeddable":true,"href":"https:\/\/www.europesays.com\/fi\/wp-json\/wp\/v2\/categories?post=86886"},{"taxonomy":"post_tag","embeddable":true,"href":"https:\/\/www.europesays.com\/fi\/wp-json\/wp\/v2\/tags?post=86886"}],"curies":[{"name":"wp","href":"https:\/\/api.w.org\/{rel}","templated":true}]}}