{"id":86888,"date":"2025-11-11T04:57:07","date_gmt":"2025-11-11T04:57:07","guid":{"rendered":"https:\/\/www.europesays.com\/fi\/86888\/"},"modified":"2025-11-11T04:57:07","modified_gmt":"2025-11-11T04:57:07","slug":"yle-koronavirus-leviaa-koko-maassa","status":"publish","type":"post","link":"https:\/\/www.europesays.com\/fi\/86888\/","title":{"rendered":"Yle: Koronavirus levi\u00e4\u00e4 koko maassa"},"content":{"rendered":"<p class=\"ai-optimize-6 ai-optimize-introduction\">Koronavirus levi\u00e4\u00e4 koko Suomessa, kertoo <a href=\"https:\/\/yle.fi\/a\/74-20192764\" target=\"_blank\" rel=\"noopener nofollow\">Yle<\/a>. Tartuntojen m\u00e4\u00e4r\u00e4 on kasvanut syksyn aikana eri puolilla maata. Viime aikoina laboratoriokokeissa on vahvistettu viikoittain noin 200 uutta tartuntaa.<\/p>\n<p class=\"ai-optimize-7\">\u2013 N\u00e4m\u00e4 ovat laboratoriovarmennettuja tapauksia, jotka ovat j\u00e4\u00e4vuoren huippu. Testauskriteerit vaihtelevat, ja valtaosan ihmiset sairastavat kotona. Voi sanoa, ett\u00e4 koronatartuntoja on koko maassa, sanoo Terveyden ja hyvinvoinnin laitoksen johtava asiantuntija Niina Ikonen Ylelle.<\/p>\n<p class=\"ai-optimize-8\">Vaikka tartunnat ovat lis\u00e4\u00e4ntyneet, niit\u00e4 on v\u00e4hemm\u00e4n kuin viime vuonna vastaavana ajankohtana. Koronavirus ei kuitenkaan ole luokiteltu samalla tavalla kausiluonteiseksi virukseksi, kuten influenssa, sill\u00e4 koronatartuntoja on tasaisemmin eri vuodenaikoina.<\/p>\n<p class=\"ai-optimize-9\">Koronaviruksen lis\u00e4ksi my\u00f6s useiden muiden hengitystieinfektioiden tartuntam\u00e4\u00e4r\u00e4t ovat olleet kasvussa syksyn aikana. N\u00e4it\u00e4 ovat muun muassa influenssa sek\u00e4 adeno- ja rinovirus.<\/p>\n","protected":false},"excerpt":{"rendered":"Koronavirus levi\u00e4\u00e4 koko Suomessa, kertoo Yle. Tartuntojen m\u00e4\u00e4r\u00e4 on kasvanut syksyn aikana eri puolilla maata. Viime aikoina laboratoriokokeissa&hellip;\n","protected":false},"author":2,"featured_media":86889,"comment_status":"","ping_status":"","sticky":false,"template":"","format":"standard","meta":{"footnotes":""},"categories":[165],"tags":[33,31,30,166,766,32,167],"class_list":{"0":"post-86888","1":"post","2":"type-post","3":"status-publish","4":"format-standard","5":"has-post-thumbnail","7":"category-terveys","8":"tag-fi","9":"tag-finland","10":"tag-finnish","11":"tag-health","12":"tag-koronavirus","13":"tag-suomi","14":"tag-terveys"},"share_on_mastodon":{"url":"https:\/\/pubeurope.com\/@fi\/115529295073637334","error":""},"_links":{"self":[{"href":"https:\/\/www.europesays.com\/fi\/wp-json\/wp\/v2\/posts\/86888","targetHints":{"allow":["GET"]}}],"collection":[{"href":"https:\/\/www.europesays.com\/fi\/wp-json\/wp\/v2\/posts"}],"about":[{"href":"https:\/\/www.europesays.com\/fi\/wp-json\/wp\/v2\/types\/post"}],"author":[{"embeddable":true,"href":"https:\/\/www.europesays.com\/fi\/wp-json\/wp\/v2\/users\/2"}],"replies":[{"embeddable":true,"href":"https:\/\/www.europesays.com\/fi\/wp-json\/wp\/v2\/comments?post=86888"}],"version-history":[{"count":0,"href":"https:\/\/www.europesays.com\/fi\/wp-json\/wp\/v2\/posts\/86888\/revisions"}],"wp:featuredmedia":[{"embeddable":true,"href":"https:\/\/www.europesays.com\/fi\/wp-json\/wp\/v2\/media\/86889"}],"wp:attachment":[{"href":"https:\/\/www.europesays.com\/fi\/wp-json\/wp\/v2\/media?parent=86888"}],"wp:term":[{"taxonomy":"category","embeddable":true,"href":"https:\/\/www.europesays.com\/fi\/wp-json\/wp\/v2\/categories?post=86888"},{"taxonomy":"post_tag","embeddable":true,"href":"https:\/\/www.europesays.com\/fi\/wp-json\/wp\/v2\/tags?post=86888"}],"curies":[{"name":"wp","href":"https:\/\/api.w.org\/{rel}","templated":true}]}}