{"id":86968,"date":"2025-11-11T06:50:50","date_gmt":"2025-11-11T06:50:50","guid":{"rendered":"https:\/\/www.europesays.com\/fi\/86968\/"},"modified":"2025-11-11T06:50:50","modified_gmt":"2025-11-11T06:50:50","slug":"elava-arkisto-luonto-on-viela-meidan","status":"publish","type":"post","link":"https:\/\/www.europesays.com\/fi\/86968\/","title":{"rendered":"El\u00e4v\u00e4 arkisto: Luonto on viel\u00e4 meid\u00e4n"},"content":{"rendered":"<p>\n      (P\u00e4ivitetty: 08.01.2025 10.32)\n    <\/p>\n<p>\n       Teksti: Jussi Karjalainen    <\/p>\n<p>Uusittavana on n\u00e4tti kimara Luonto on viel\u00e4 meid\u00e4n -ohjelmia vuodelta 1985. <strong>Aaro Hellaakosken<\/strong> runoilla sanoitettu jakso tuo ahaa-el\u00e4myksen, ett\u00e4 tyylih\u00e4n oli jo sama kuin elokuvahitiss\u00e4 J\u00e4rven tarina. Seuraava jakso kumminkin selostaa Krunnien luonnonsuojelualueen lintusaaret perusasiatekstill\u00e4.<\/p>\n<p>Ter\u00e4steeksi haastatellaan luonto-ohjelmien suurta konkaria <strong>Veikko Neuvosta<\/strong>. Neuvonen (kuvassa) ei tehnyt n\u00e4it\u00e4, vaan on kuuluisa radiosta, jossa 1975 aloitti yh\u00e4 jatkuvan Luontoillan. Siin\u00e4 voi kysy\u00e4 mit\u00e4 vain.<\/p>\n<p>El\u00e4v\u00e4n arkiston <strong>Marko Gustafsson<\/strong> kysyy el\u00e4kevaarilta, kuinka luonto t\u00e4n\u00e4\u00e4n jaksaa. Ilmastonmuutosta Neuvonen havainnollistaa sill\u00e4, ett\u00e4 naalilla on en\u00e4\u00e4 lyhyt matka J\u00e4\u00e4mereen. Kylm\u00e4n per\u00e4ss\u00e4 ei p\u00e4\u00e4se kauemmas. Kommentti sointuu uusintasettiin, jonka kaikki nelj\u00e4 jaksoa k\u00e4sittelev\u00e4t Pohjois-Suomea. Pahoja madonlukuja ei Neuvoselta helti\u00e4. H\u00e4n on tankannut positiivisuutta luonnosta.<\/p>\n<p>El\u00e4v\u00e4 arkisto: Luonto on viel\u00e4 meid\u00e4n, to 15.2. klo\u200922.35 \u2009Teema &amp; Fem<\/p>\n<p>\u00a0<\/p>\n","protected":false},"excerpt":{"rendered":"(P\u00e4ivitetty: 08.01.2025 10.32) Teksti: Jussi Karjalainen Uusittavana on n\u00e4tti kimara Luonto on viel\u00e4 meid\u00e4n -ohjelmia vuodelta 1985. Aaro&hellip;\n","protected":false},"author":2,"featured_media":86969,"comment_status":"","ping_status":"","sticky":false,"template":"","format":"standard","meta":{"footnotes":""},"categories":[117],"tags":[17686,17687,33,31,30,71,72,17688,476,118,32,119,477],"class_list":{"0":"post-86968","1":"post","2":"type-post","3":"status-publish","4":"format-standard","5":"has-post-thumbnail","7":"category-luonto","8":"tag-aaro-hellaakoski","9":"tag-elava-arkisto","10":"tag-fi","11":"tag-finland","12":"tag-finnish","13":"tag-kotimaa","14":"tag-luonto","15":"tag-marko-gustafsson","16":"tag-nature","17":"tag-science","18":"tag-suomi","19":"tag-tiede","20":"tag-wildlife"},"share_on_mastodon":{"url":"https:\/\/pubeurope.com\/@fi\/115529743272354411","error":""},"_links":{"self":[{"href":"https:\/\/www.europesays.com\/fi\/wp-json\/wp\/v2\/posts\/86968","targetHints":{"allow":["GET"]}}],"collection":[{"href":"https:\/\/www.europesays.com\/fi\/wp-json\/wp\/v2\/posts"}],"about":[{"href":"https:\/\/www.europesays.com\/fi\/wp-json\/wp\/v2\/types\/post"}],"author":[{"embeddable":true,"href":"https:\/\/www.europesays.com\/fi\/wp-json\/wp\/v2\/users\/2"}],"replies":[{"embeddable":true,"href":"https:\/\/www.europesays.com\/fi\/wp-json\/wp\/v2\/comments?post=86968"}],"version-history":[{"count":0,"href":"https:\/\/www.europesays.com\/fi\/wp-json\/wp\/v2\/posts\/86968\/revisions"}],"wp:featuredmedia":[{"embeddable":true,"href":"https:\/\/www.europesays.com\/fi\/wp-json\/wp\/v2\/media\/86969"}],"wp:attachment":[{"href":"https:\/\/www.europesays.com\/fi\/wp-json\/wp\/v2\/media?parent=86968"}],"wp:term":[{"taxonomy":"category","embeddable":true,"href":"https:\/\/www.europesays.com\/fi\/wp-json\/wp\/v2\/categories?post=86968"},{"taxonomy":"post_tag","embeddable":true,"href":"https:\/\/www.europesays.com\/fi\/wp-json\/wp\/v2\/tags?post=86968"}],"curies":[{"name":"wp","href":"https:\/\/api.w.org\/{rel}","templated":true}]}}