{"id":87001,"date":"2025-11-11T07:39:09","date_gmt":"2025-11-11T07:39:09","guid":{"rendered":"https:\/\/www.europesays.com\/fi\/87001\/"},"modified":"2025-11-11T07:39:09","modified_gmt":"2025-11-11T07:39:09","slug":"auto-rajahti-lahella-suosittua-turistikohdetta-ainakin-8-kuoli","status":"publish","type":"post","link":"https:\/\/www.europesays.com\/fi\/87001\/","title":{"rendered":"Auto r\u00e4j\u00e4hti l\u00e4hell\u00e4 suosittua turistikohdetta \u2013 ainakin 8 kuoli"},"content":{"rendered":"<p>Delhi asetettiin h\u00e4lytystilaan.<\/p>\n<p class=\"article-body mb-nof-24 px-nof-16\">Ainakin kahdeksan ihmist\u00e4 kuoli maanantaina autor\u00e4j\u00e4hdyksess\u00e4 Intian p\u00e4\u00e4kaupungissa Delhiss\u00e4, muun muassa <a class=\"article-genericlink\" href=\"https:\/\/timesofindia.indiatimes.com\/india\/delhi-car-explodes-near-red-fort-several-vehicles-catch-fire\/articleshow\/125226122.cms\" rel=\"nofollow noopener\" target=\"_blank\">The Times of India<\/a> kertoo.<\/p>\n<p class=\"article-body mb-nof-24 px-nof-16\">Turistien suosiossa olevan Punaisen linnoituksen metroaseman l\u00e4hell\u00e4 tapahtunut r\u00e4j\u00e4hdys sytytti ajoneuvoja tuleen ja rikkoi l\u00e4heisten rakennusten ikkunoita. Ainakin 19 ihmist\u00e4 on loukkaantunut.<\/p>\n<p class=\"article-body mb-nof-24 px-nof-16\">R\u00e4j\u00e4hdyksen syy on ep\u00e4selv\u00e4, mutta viranomaiset ep\u00e4ilev\u00e4t kaasupullon tai akun r\u00e4j\u00e4hdyst\u00e4. Delhi asetettiin maanantaina h\u00e4lytystilaan.<\/p>\n<p class=\"article-body mb-nof-24 px-nof-16\">Asian tutkinta jatkuu tiistaiaamuna. Delhin poliisi tutkii tapauksessa \u201dkaikkia vaihtoehtoja\u201d, <a class=\"article-genericlink\" href=\"https:\/\/www.bbc.com\/news\/live\/cly94zlpl8yt?post=asset%3A33090b84-0ed9-42af-96cd-142bdb38310b#post\" rel=\"nofollow noopener\" target=\"_blank\">BBC<\/a> kirjoittaa.<\/p>\n<p class=\"article-body mb-nof-24 px-nof-16\">BBC:n mukaan intialaismediassa liikkuu monenlaista spekulaatiota r\u00e4j\u00e4hdyksen syyst\u00e4. Viranomaiset eiv\u00e4t kuitenkaan ole erikseen ilmoittaneet ep\u00e4ilev\u00e4ns\u00e4 tapauksessa esimerkiksi terrorismia.<\/p>\n<p class=\"article-body mb-nof-24 px-nof-16\">Intialaismedian mukaan poliisi kuitenkin tutkii tapausta terrorismin torjuntaan tarkoitetun lain nojalla, uutistoimisto Reuters kertoo.<\/p>\n<p class=\"article-body mb-nof-24 px-nof-16\">Intian korkeiden turvallisuusviranomaisten on m\u00e4\u00e4r\u00e4 kokoustaa asiasta tiistaiaamuna.<\/p>\n","protected":false},"excerpt":{"rendered":"Delhi asetettiin h\u00e4lytystilaan. Ainakin kahdeksan ihmist\u00e4 kuoli maanantaina autor\u00e4j\u00e4hdyksess\u00e4 Intian p\u00e4\u00e4kaupungissa Delhiss\u00e4, muun muassa The Times of India&hellip;\n","protected":false},"author":2,"featured_media":87002,"comment_status":"","ping_status":"","sticky":false,"template":"","format":"standard","meta":{"footnotes":""},"categories":[14],"tags":[22,23,26,27,33,31,30,17,34,24,25,28,29,15,18,21,32,19,20,56,16,59,60,61],"class_list":{"0":"post-87001","1":"post","2":"type-post","3":"status-publish","4":"format-standard","5":"has-post-thumbnail","7":"category-ulkomaat","8":"tag-breaking-news","9":"tag-breakingnews","10":"tag-featured-news","11":"tag-featurednews","12":"tag-fi","13":"tag-finland","14":"tag-finnish","15":"tag-headlines","16":"tag-ilta-sanomat","17":"tag-latest-news","18":"tag-latestnews","19":"tag-main-news","20":"tag-mainnews","21":"tag-news","22":"tag-otsikot","23":"tag-paauutiset","24":"tag-suomi","25":"tag-top-stories","26":"tag-topstories","27":"tag-ulkomaat","28":"tag-uutiset","29":"tag-world","30":"tag-world-news","31":"tag-worldnews"},"share_on_mastodon":{"url":"https:\/\/pubeurope.com\/@fi\/115529932020331672","error":""},"_links":{"self":[{"href":"https:\/\/www.europesays.com\/fi\/wp-json\/wp\/v2\/posts\/87001","targetHints":{"allow":["GET"]}}],"collection":[{"href":"https:\/\/www.europesays.com\/fi\/wp-json\/wp\/v2\/posts"}],"about":[{"href":"https:\/\/www.europesays.com\/fi\/wp-json\/wp\/v2\/types\/post"}],"author":[{"embeddable":true,"href":"https:\/\/www.europesays.com\/fi\/wp-json\/wp\/v2\/users\/2"}],"replies":[{"embeddable":true,"href":"https:\/\/www.europesays.com\/fi\/wp-json\/wp\/v2\/comments?post=87001"}],"version-history":[{"count":0,"href":"https:\/\/www.europesays.com\/fi\/wp-json\/wp\/v2\/posts\/87001\/revisions"}],"wp:featuredmedia":[{"embeddable":true,"href":"https:\/\/www.europesays.com\/fi\/wp-json\/wp\/v2\/media\/87002"}],"wp:attachment":[{"href":"https:\/\/www.europesays.com\/fi\/wp-json\/wp\/v2\/media?parent=87001"}],"wp:term":[{"taxonomy":"category","embeddable":true,"href":"https:\/\/www.europesays.com\/fi\/wp-json\/wp\/v2\/categories?post=87001"},{"taxonomy":"post_tag","embeddable":true,"href":"https:\/\/www.europesays.com\/fi\/wp-json\/wp\/v2\/tags?post=87001"}],"curies":[{"name":"wp","href":"https:\/\/api.w.org\/{rel}","templated":true}]}}