{"id":87021,"date":"2025-11-11T08:07:08","date_gmt":"2025-11-11T08:07:08","guid":{"rendered":"https:\/\/www.europesays.com\/fi\/87021\/"},"modified":"2025-11-11T08:07:08","modified_gmt":"2025-11-11T08:07:08","slug":"lahde-ott-tanakille-tarjottiin-kasittamaton-summa-rahaa","status":"publish","type":"post","link":"https:\/\/www.europesays.com\/fi\/87021\/","title":{"rendered":"L\u00e4hde: Ott T\u00e4nakille tarjottiin \u201dk\u00e4sitt\u00e4m\u00e4t\u00f6n summa\u201d rahaa"},"content":{"rendered":"<p>Ott T\u00e4nak aikoo keskitty\u00e4 ensi vuonna perhe-el\u00e4m\u00e4\u00e4n.<\/p>\n<p class=\"article-body mb-nof-24 px-nof-16\">Rallimestari <a class=\"article-personlink\" href=\"https:\/\/www.is.fi\/haku\/?query=Ott%20T%C3%A4nakin\" rel=\"nofollow noopener\" target=\"_blank\">Ott T\u00e4nakin<\/a> p\u00e4\u00e4t\u00f6s siirty\u00e4 sivuun MM-rallista j\u00e4risytt\u00e4\u00e4 lajipiirej\u00e4. MM-sarja menett\u00e4\u00e4 jo ensi kaudeksi Kalle Rovanper\u00e4n, ja nyt T\u00e4nak ilmoitti seuraavansa samalla tiell\u00e4. Ei sent\u00e4\u00e4n formulasarjoihin, vaan T\u00e4nak ilmoitti keskittyv\u00e4ns\u00e4 perhearkeen ja kotiel\u00e4m\u00e4\u00e4n. H\u00e4n j\u00e4\u00e4 tauolle, eik\u00e4 siis ilmoittanut viel\u00e4 lopettavansa uraansa.<\/p>\n<p class=\"article-body mb-nof-24 px-nof-16\">Rallisivusto Dirtfirshin kokeneet toimittajat <a class=\"article-personlink\" href=\"https:\/\/www.is.fi\/haku\/?query=David%20Evans\" rel=\"nofollow noopener\" target=\"_blank\">David Evans<\/a> ja<a class=\"article-personlink\" href=\"https:\/\/www.is.fi\/haku\/?query=%20Colin%20Clark\" rel=\"nofollow noopener\" target=\"_blank\"> Colin Clark<\/a> k\u00e4viv\u00e4t l\u00e4pi sivuston videolla T\u00e4nakin ratkaisua ja paljastivat, ett\u00e4 kuskille oli Hyundailta p\u00f6yd\u00e4ll\u00e4 huomattava tarjous. Sek\u00e4\u00e4n ei k\u00e4\u00e4nt\u00e4nyt p\u00e4\u00e4t\u00e4.<\/p>\n<p class=\"article-body mb-nof-24 px-nof-16\">Toimittajat keskustelivat my\u00f6s T\u00e4nakin uran monista k\u00e4\u00e4nteist\u00e4. H\u00e4n voitti maailmanmestaruuden Toyotalla 2019, mutta sen j\u00e4lkeen alkoi kuohunta. T\u00e4nak vaihtoi tallia harva se vuosi, muttei en\u00e4\u00e4 palannut mestaruuskantaan.<\/p>\n<p class=\"article-body mb-nof-24 px-nof-16\">Evansin mielest\u00e4 T\u00e4nakin alam\u00e4ki MM-rallissa alkoi p\u00e4\u00e4t\u00f6ksest\u00e4 j\u00e4tt\u00e4\u00e4 Toyota 2019 maailmanmestaruuden j\u00e4lkeen. Tuolloin T\u00e4nak siirtyi ensimm\u00e4ist\u00e4 kertaa Hyundaille, mutta yhteiselo p\u00e4\u00e4ttyi riitaisasti.<\/p>\n<p class=\"article-body mb-nof-24 px-nof-16\">T\u00e4nak k\u00e4vi M-Sport Fordilla, mutta yksityistallin resurssit eiv\u00e4t riitt\u00e4neet mestaruustaisteluun. T\u00e4nak palasikin pian Hyundaille, muttei pystynyt nousemaan kunnolla mestaruustaisteluun mukaan.<\/p>\n<p class=\"article-body mb-nof-24 px-nof-16\">\u2013\u2009Jos h\u00e4n olisi j\u00e4\u00e4nyt Toyotalle, h\u00e4n voisi olla kolmin\u2013nelinkertainen maailmanmestari. H\u00e4nelt\u00e4 j\u00e4i uusintatitteli voittamatta. Ei ole parempaa syyt\u00e4 l\u00e4hte\u00e4 pois rallin parista kuin perhesyyt, joten siit\u00e4 ei voi valittaa. Julkisuudessakin on puhuttu T\u00e4nakien perhehuolista. Mutta rallille menetys on valtava, Evans sanoo.<\/p>\n<p class=\"article-body mb-nof-24 px-nof-16\">Ei ole varmaa, mihin Evans puheillaan viittaa. Vuonna 2024 T\u00e4nakit kertoivat raastavasta sy\u00f6p\u00e4taistelusta.<\/p>\n<p class=\"article-body mb-nof-24 px-nof-16\">T\u00e4nakin vaimolla <a class=\"article-personlink\" href=\"https:\/\/www.is.fi\/haku\/?query=Janikalla\" rel=\"nofollow noopener\" target=\"_blank\">Janikalla<\/a> diagnosoitiin rintasy\u00f6p\u00e4 2022. Sy\u00f6p\u00e4hoidot olivat vaikeita, ja T\u00e4nak oli l\u00e4hell\u00e4 lopettaa uransa tuolloin ollakseen perheens\u00e4 kanssa. Janika kuitenkin kannusti jatkamaan.<\/p>\n<p class=\"article-body mb-nof-24 px-nof-16\">Colin Clark sanoo, ett\u00e4 ajoittain T\u00e4nak jopa ajoi vihaisesti mestaruutensa voittamisen j\u00e4lkeen, n\u00e4lk\u00e4isen\u00e4 todistaakseen itsens\u00e4 Toyotalta l\u00e4hd\u00f6n j\u00e4lkeen. Viime vuosina T\u00e4nak ei ole en\u00e4\u00e4 ollut oma itsens\u00e4, vaikka nopea on ollutkin.<\/p>\n<p class=\"article-body mb-nof-24 px-nof-16\">Asiasta huomautti my\u00f6s T\u00e4nakin hyv\u00e4 yst\u00e4v\u00e4 <a class=\"article-personlink\" href=\"https:\/\/www.is.fi\/haku\/?query=Sebastien%20Ogier\" rel=\"nofollow noopener\" target=\"_blank\">Sebastien Ogier<\/a>, joka kertoi Dirtfishille huomanneensa, ett\u00e4 jokin T\u00e4nakissa on muuttunut. Clark sanoo uskovansa, ett\u00e4 T\u00e4nak on yh\u00e4 WRC:n nopein kuski yhdell\u00e4 p\u00e4tk\u00e4ll\u00e4.<\/p>\n<p class=\"article-body mb-nof-24 px-nof-16\">\u2013\u2009Hyundai ei koskaan ollut harmoninen. Autoa ei kehitetty yhdess\u00e4, jotta T\u00e4nak ja <a class=\"article-personlink\" href=\"https:\/\/www.is.fi\/haku\/?query=Thierry%20Neuville\" rel=\"nofollow noopener\" target=\"_blank\">Thierry Neuville<\/a> olisivat voineet voittaa. Ja T\u00e4nak taisteli valitettavasti my\u00f6s joskus oman tallinsa sis\u00e4ll\u00e4.<\/p>\n<p class=\"article-body mb-nof-24 px-nof-16\">Clark jatkaa paljastamalla, ett\u00e4 T\u00e4nakille oli tarjolla j\u00e4ttim\u00e4inen summa rahaa Hyundailta jatkon eteen, mutta h\u00e4n valitsi astua pois rallin parista.<\/p>\n<p class=\"article-body mb-nof-24 px-nof-16\">\u2013\u2009T\u00e4nak on v\u00e4lill\u00e4 raivostuttava tyyppi, jonka kanssa olen itsekin riidellyt. Silti, olen sanonut t\u00e4m\u00e4n monta kertaa aiemminkin: T\u00e4nakilla on kaunis sielu. Ja t\u00e4m\u00e4 p\u00e4\u00e4t\u00f6s todistaa sen. H\u00e4n olisi saanut tietojemme mukaan saavillisen rahaa, mutta h\u00e4n sanoi ei. H\u00e4n haluaa olla perheens\u00e4 kanssa, ja se on aito T\u00e4nak. Ei se kiukkuinen tyyppi, jota olemme n\u00e4hneet v\u00e4lill\u00e4 ralleissa viime vuosina.<\/p>\n<p class=\"article-body mb-nof-24 px-nof-16\">Evans jatkaa sanomalla, ett\u00e4 heid\u00e4n tietojensa mukaan Hyundai tarjosi T\u00e4nakille suurempaa palkkaa kuin yhdellek\u00e4\u00e4n toiselle rallikuskille aiemmin.<\/p>\n","protected":false},"excerpt":{"rendered":"Ott T\u00e4nak aikoo keskitty\u00e4 ensi vuonna perhe-el\u00e4m\u00e4\u00e4n. Rallimestari Ott T\u00e4nakin p\u00e4\u00e4t\u00f6s siirty\u00e4 sivuun MM-rallista j\u00e4risytt\u00e4\u00e4 lajipiirej\u00e4. MM-sarja menett\u00e4\u00e4&hellip;\n","protected":false},"author":2,"featured_media":87022,"comment_status":"","ping_status":"","sticky":false,"template":"","format":"standard","meta":{"footnotes":""},"categories":[5],"tags":[22,23,26,27,33,31,30,17,34,24,25,28,29,15,18,21,32,19,20,16],"class_list":{"0":"post-87021","1":"post","2":"type-post","3":"status-publish","4":"format-standard","5":"has-post-thumbnail","7":"category-otsikot","8":"tag-breaking-news","9":"tag-breakingnews","10":"tag-featured-news","11":"tag-featurednews","12":"tag-fi","13":"tag-finland","14":"tag-finnish","15":"tag-headlines","16":"tag-ilta-sanomat","17":"tag-latest-news","18":"tag-latestnews","19":"tag-main-news","20":"tag-mainnews","21":"tag-news","22":"tag-otsikot","23":"tag-paauutiset","24":"tag-suomi","25":"tag-top-stories","26":"tag-topstories","27":"tag-uutiset"},"share_on_mastodon":{"url":"https:\/\/pubeurope.com\/@fi\/115530042070801344","error":""},"_links":{"self":[{"href":"https:\/\/www.europesays.com\/fi\/wp-json\/wp\/v2\/posts\/87021","targetHints":{"allow":["GET"]}}],"collection":[{"href":"https:\/\/www.europesays.com\/fi\/wp-json\/wp\/v2\/posts"}],"about":[{"href":"https:\/\/www.europesays.com\/fi\/wp-json\/wp\/v2\/types\/post"}],"author":[{"embeddable":true,"href":"https:\/\/www.europesays.com\/fi\/wp-json\/wp\/v2\/users\/2"}],"replies":[{"embeddable":true,"href":"https:\/\/www.europesays.com\/fi\/wp-json\/wp\/v2\/comments?post=87021"}],"version-history":[{"count":0,"href":"https:\/\/www.europesays.com\/fi\/wp-json\/wp\/v2\/posts\/87021\/revisions"}],"wp:featuredmedia":[{"embeddable":true,"href":"https:\/\/www.europesays.com\/fi\/wp-json\/wp\/v2\/media\/87022"}],"wp:attachment":[{"href":"https:\/\/www.europesays.com\/fi\/wp-json\/wp\/v2\/media?parent=87021"}],"wp:term":[{"taxonomy":"category","embeddable":true,"href":"https:\/\/www.europesays.com\/fi\/wp-json\/wp\/v2\/categories?post=87021"},{"taxonomy":"post_tag","embeddable":true,"href":"https:\/\/www.europesays.com\/fi\/wp-json\/wp\/v2\/tags?post=87021"}],"curies":[{"name":"wp","href":"https:\/\/api.w.org\/{rel}","templated":true}]}}