{"id":87023,"date":"2025-11-11T08:18:09","date_gmt":"2025-11-11T08:18:09","guid":{"rendered":"https:\/\/www.europesays.com\/fi\/87023\/"},"modified":"2025-11-11T08:18:09","modified_gmt":"2025-11-11T08:18:09","slug":"raportti-iphone-airin-myyntipettymyksella-raju-seuraus-apple-poisti-toisen-sukupolven-mallin-aikataulustaan","status":"publish","type":"post","link":"https:\/\/www.europesays.com\/fi\/87023\/","title":{"rendered":"Raportti: iPhone Airin myyntipettymyksell\u00e4 raju seuraus \u2013 Apple poisti toisen sukupolven mallin aikataulustaan"},"content":{"rendered":"<p><a href=\"https:\/\/mobiili.fi\/wp-content\/uploads\/2025\/09\/iphone_air.jpg\" data-lightbox=\"image\" rel=\"nofollow noopener\" target=\"_blank\"><img fetchpriority=\"high\" decoding=\"async\" aria-describedby=\"caption-attachment-265203\" class=\"size-large wp-image-265203\" src=\"data:image\/svg+xml,%3Csvg%20xmlns=\" http:=\"\" alt=\"iPhone Air eri v\u00e4reiss\u00e4.\" width=\"1200\" height=\"1034\" data-lazy- data-lazy- data-lazy-src=\"https:\/\/www.europesays.com\/fi\/wp-content\/uploads\/2025\/09\/iphone_air-1200x1034.jpg\"\/><\/a><\/p>\n<p id=\"caption-attachment-265203\" class=\"wp-caption-text\">iPhone Air eri v\u00e4reiss\u00e4.<\/p>\n<p>Apple on lyk\u00e4nnyt raportoidusti toisen sukupolven ohuen iPhone Airin julkaisua poistaen sen aikataulustaan.<\/p>\n<p>Apple toi osaksi iPhone-valikoimaa syksyll\u00e4 2025 ohuen iPhone Airin, joka on vain 5,64 millimetri\u00e4 paksu.<\/p>\n<p>Kiinnostus iPhone Airia kohtaan n\u00e4ytt\u00e4\u00e4 pett\u00e4neen pahasti Applen odotukset, ja johtaneen nyt suunnitelmien muutokseen toisen sukupolven julkaisun suhteen.<\/p>\n<p style=\"width: 98%; text-align: center; font-size:13px; border-bottom: 1px solid #C8C8C8; line-height: 0.1em; margin: 8px 1% 16px 1%;\">MAINOS (ARTIKKELI JATKUU ALLA)<\/p>\n<p><a href=\"https:\/\/mobiili.fi\/2025\/09\/17\/onko-ohut-iphone-air-floppi-ennakkomyynti-nayttaa-applen-odottaneen-liikoja\/\" rel=\"nofollow noopener\" target=\"_blank\">iPhone Airin odotuksia heikommasta myynnist\u00e4 saatiin viitteit\u00e4 jo ennakkomyynnin aikana<\/a>, kun sen saatavuus s\u00e4ilyi huomattavasti parempana kuin iPhone 17 -puhelinten, joiden toimitusaikaennusteet ven\u00e4htiv\u00e4t osan malliversioista osalta jopa useisiin viikkoihin. Sen sijaan iPhone Air pysyi k\u00e4yt\u00e4nn\u00f6ss\u00e4 heti saatavana koko ajan.<\/p>\n<p><a href=\"https:\/\/mobiili.fi\/2025\/10\/22\/ohut-iphone-osoittautui-taydeksi-flopiksi-raportti-apple-jo-lahes-lopetti-iphone-airin-tuotannon\/\" rel=\"nofollow noopener\" target=\"_blank\">Sittemmin lokakuussa kuultiin my\u00f6s raportti, jonka mukaan Apple k\u00e4yt\u00e4nn\u00f6ss\u00e4 jo ajoi alas iPhone Air -tuotannon<\/a>. Nikkei Asian l\u00e4hteiden mukaan marraskuussa iPhone Air -puhelimia tuotetaan en\u00e4\u00e4 vain 10 prosenttia siit\u00e4 mit\u00e4 viel\u00e4 syyskuussa.<\/p>\n<p><strong>Lue t\u00e4st\u00e4 my\u00f6s:\u00a0<a href=\"https:\/\/mobiili.fi\/2025\/10\/14\/iphone-air-testi\/\" rel=\"nofollow noopener\" target=\"_blank\">Arvostelussa iPhone Air: hienoin muttei j\u00e4rkevin iPhone ihastuttaa ohuudellaan<\/a><\/strong><\/p>\n<p style=\"width: 98%; text-align: center; font-size:13px; border-bottom: 1px solid #C8C8C8; line-height: 0.1em; margin: 8px 1% 16px 1%;\">MAINOS (ARTIKKELI JATKUU ALLA)<\/p>\n<p>Nyt Applella on vedetty johtop\u00e4\u00e4t\u00f6ksi\u00e4 my\u00f6s toisen sukupolven iPhone Airista. Luotettavista paljastuksistaan tunnettu <a href=\"https:\/\/www.theinformation.com\/articles\/apple-delays-release-next-iphone-air-amid-weak-sales\" rel=\"nofollow noopener\" target=\"_blank\">The Information raportoi Applen lyk\u00e4nneen \u201diPhone Air 2:n\u201d lanseerausta m\u00e4\u00e4r\u00e4\u00e4m\u00e4tt\u00f6m\u00e4n ajan<\/a>.<\/p>\n<p>The Information kertoo kolmeen l\u00e4hteeseens\u00e4 perustuen Applen hiljattain ilmoittaneen insin\u00f6\u00f6reille ja alihankkijoille, ett\u00e4 he poistavat seuraavan iPhone Airin kehitysaikataulusta. Uutta aikataulua ei samalla annettu. T\u00e4ysin iPhone Airin toista sukupolvea Apple ei kuitenkaan ole viel\u00e4 perunut, ja v\u00e4h\u00e4isemmiss\u00e4 m\u00e4\u00e4rin ty\u00f6 sen parissa jatkuu ainakin toistaiseksi.<\/p>\n<p>Alun perin toisen sukupolven iPhone Airia odotettiin syksyll\u00e4 2026 yhdess\u00e4 seuraavan sukupolven iPhone Pro -huippupuhelinten ja ensimm\u00e4isen taittuvan\u00e4ytt\u00f6isen iPhonen kanssa.<\/p>\n<p>The Informationin l\u00e4hteiden mukaan toisen sukupolven iPhone Air olisi viel\u00e4 ensimm\u00e4ist\u00e4 kevyempi, mutta varustettu samalla suuremmalla akulla. Lis\u00e4ksi Apple ty\u00f6sti iPhone 17 Pro -puhelimissa ensiesitellyn h\u00f6yrykammion tuomista toiseen iPhone Airiin. <a href=\"https:\/\/mobiili.fi\/2025\/11\/06\/vuotaja-toisen-sukupolven-iphone-air-voi-sisaltaa-kaksi-takakameraa\/\" rel=\"nofollow noopener\" target=\"_blank\">Hiljattain kuultiin erikseen my\u00f6s huhu mahdollisesta toisesta takakamerasta toisen sukupolven iPhone Airissa<\/a>.<\/p>\n<p style=\"width: 98%; text-align: center; font-size:13px; border-bottom: 1px solid #C8C8C8; line-height: 0.1em; margin: 8px 1% 16px 1%;\">MAINOS (ARTIKKELI JATKUU ALLA)<\/p>\n<p>My\u00f6s The Information kertoo raporttinsa yhteydess\u00e4 alkuper\u00e4isen iPhone Airin tuotannon alasajosta. L\u00e4hteiden mukaan Foxconn on jo p\u00e4\u00e4osin sulkenut sen tuotantolinjat ja odottaa p\u00e4\u00e4tt\u00e4v\u00e4ns\u00e4 tuotannon marraskuun loppuun menness\u00e4. Toinen iPhone-kokoonpanija Luxshare ajoi iPhone Air -tuotantonsa alas jo lokakuun lopussa.<\/p>\n<p>Vaikka iPhone Air osoittautui pettymykseksi, <a href=\"https:\/\/mobiili.fi\/2025\/10\/30\/apple-tulos-q3-2025\/\" rel=\"nofollow noopener\" target=\"_blank\">laajemmin Applella pyyhkii hyvin, sill\u00e4 iPhone 17 -puhelinten kysynt\u00e4 on puolestaan merkitt\u00e4v\u00e4sti ylitt\u00e4nyt odotukset<\/a>.<\/p>\n<p>Toisen sukupolven iPhone Airin aikataulun v\u00e4hint\u00e4\u00e4n siirrytty\u00e4 tai tultua kokonaan perutuksi syksyll\u00e4 2026 odotetaan nyt kolmea uutta iPhone-mallia: seuraajaa iPhone 17 Prolle ja iPhone 17 Pro Maxille, eli todenn\u00e4k\u00f6isesti iPhone 18 Pro ja Pro Max, sek\u00e4 <a href=\"https:\/\/mobiili.fi\/2025\/08\/25\/apple-reportteri-paljasti-tallainen-on-tulossa-ensimmaisesta-taittuvanayttoisesta-iphonesta\/\" rel=\"nofollow noopener\" target=\"_blank\">ensimm\u00e4ist\u00e4 taittuvan\u00e4ytt\u00f6ist\u00e4 iPhonea<\/a>. <a href=\"https:\/\/mobiili.fi\/2025\/05\/04\/raportti-iphone-18-sukupolvessa-tapahtumassa-merkittava-muutos-huippumallit-tulossa-ensin-ja-perusmallit-vasta-puolta-vuotta-myohemmin\/\" rel=\"nofollow noopener\" target=\"_blank\">Aiempienkin raporttien mukaan iPhone 18 -perusmalli on tulossa vasta my\u00f6hemmin kev\u00e4\u00e4ll\u00e4 2027, yhdess\u00e4 edullisemman iPhone 18e:n kanssa<\/a>.<\/p>\n<p>Yksi The Informationin l\u00e4hteist\u00e4 v\u00e4l\u00e4ytti mahdollisuutta toisen sukupolven iPhone Airin julkaisuun my\u00f6s kev\u00e4\u00e4ll\u00e4 2027. On mahdollista, ett\u00e4 se k\u00e4y l\u00e4pi merkitt\u00e4vi\u00e4 muutoksia aiemmista suunnitelmista, mik\u00e4 on johtanut aikataulun uudelleenarviointiin.<\/p>\n<p>Mainos: <a href=\"https:\/\/hinta.fi\/?src=gPp6fX03\" target=\"_blank\" rel=\"nofollow noopener\">Noin 1 600 000 tuotteen hintavertailu ja hintaseuranta &#8211; katso Hinta.fist\u00e4 mist\u00e4 saat halvimmalla<\/a><\/p>\n","protected":false},"excerpt":{"rendered":"iPhone Air eri v\u00e4reiss\u00e4. Apple on lyk\u00e4nnyt raportoidusti toisen sukupolven ohuen iPhone Airin julkaisua poistaen sen aikataulustaan. Apple&hellip;\n","protected":false},"author":2,"featured_media":37491,"comment_status":"","ping_status":"","sticky":false,"template":"","format":"standard","meta":{"footnotes":""},"categories":[85],"tags":[33,31,30,419,418,32,91,92],"class_list":{"0":"post-87023","1":"post","2":"type-post","3":"status-publish","4":"format-standard","5":"has-post-thumbnail","7":"category-mobiili","8":"tag-fi","9":"tag-finland","10":"tag-finnish","11":"tag-mobiili","12":"tag-mobile","13":"tag-suomi","14":"tag-technology","15":"tag-teknologia"},"share_on_mastodon":{"url":"https:\/\/pubeurope.com\/@fi\/115530085556646923","error":""},"_links":{"self":[{"href":"https:\/\/www.europesays.com\/fi\/wp-json\/wp\/v2\/posts\/87023","targetHints":{"allow":["GET"]}}],"collection":[{"href":"https:\/\/www.europesays.com\/fi\/wp-json\/wp\/v2\/posts"}],"about":[{"href":"https:\/\/www.europesays.com\/fi\/wp-json\/wp\/v2\/types\/post"}],"author":[{"embeddable":true,"href":"https:\/\/www.europesays.com\/fi\/wp-json\/wp\/v2\/users\/2"}],"replies":[{"embeddable":true,"href":"https:\/\/www.europesays.com\/fi\/wp-json\/wp\/v2\/comments?post=87023"}],"version-history":[{"count":0,"href":"https:\/\/www.europesays.com\/fi\/wp-json\/wp\/v2\/posts\/87023\/revisions"}],"wp:featuredmedia":[{"embeddable":true,"href":"https:\/\/www.europesays.com\/fi\/wp-json\/wp\/v2\/media\/37491"}],"wp:attachment":[{"href":"https:\/\/www.europesays.com\/fi\/wp-json\/wp\/v2\/media?parent=87023"}],"wp:term":[{"taxonomy":"category","embeddable":true,"href":"https:\/\/www.europesays.com\/fi\/wp-json\/wp\/v2\/categories?post=87023"},{"taxonomy":"post_tag","embeddable":true,"href":"https:\/\/www.europesays.com\/fi\/wp-json\/wp\/v2\/tags?post=87023"}],"curies":[{"name":"wp","href":"https:\/\/api.w.org\/{rel}","templated":true}]}}