{"id":87024,"date":"2025-11-11T08:19:09","date_gmt":"2025-11-11T08:19:09","guid":{"rendered":"https:\/\/www.europesays.com\/fi\/87024\/"},"modified":"2025-11-11T08:19:09","modified_gmt":"2025-11-11T08:19:09","slug":"niina-kuhdan-1-000-euron-jouluyllatys-hammastytti-aviomiesta","status":"publish","type":"post","link":"https:\/\/www.europesays.com\/fi\/87024\/","title":{"rendered":"Niina Kuhdan 1\u2009000 euron jouluyll\u00e4tys h\u00e4mm\u00e4stytti aviomiest\u00e4"},"content":{"rendered":"<p>Niina Kuhta tunnustaa tuoreessa Joulu-erikoislehdess\u00e4 olevansa jouluhullu. T\u00e4n\u00e4 vuonna h\u00e4n hankki kotiinsa 180 sentin korkuisen koristeen salaa miehelt\u00e4\u00e4n.<\/p>\n<p><img decoding=\"async\" class=\"image image-show image-preview\" src=\"https:\/\/www.europesays.com\/fi\/wp-content\/uploads\/2025\/11\/194d65424e804af41c28437443c55c225fbb13d1c45d247ed754bc072426e524.jpg\" alt=\"\"\/><img decoding=\"async\" class=\"image image-show\" src=\"https:\/\/www.europesays.com\/fi\/wp-content\/uploads\/2025\/11\/1762849149_234_194d65424e804af41c28437443c55c225fbb13d1c45d247ed754bc072426e524.jpg\" alt=\"\"\/><\/p>\n<p>\u2013 Jussihan ei tiennyt t\u00e4st\u00e4 etuk\u00e4teen. H\u00e4n kommentoi vain, ett\u00e4 oliko h\u00e4nest\u00e4 tehty t\u00e4llainen n\u00e4k\u00f6ispatsas, Niina Kuhta kertoo. Pasi Liesimaa<\/p>\n<p class=\"paragraph\">H\u00e4\u00e4pukuliikeyritt\u00e4j\u00e4 ja asuntomyyj\u00e4 <a href=\"https:\/\/www.iltalehti.fi\/henkilot\/Niina Kuhta\" class=\"article-link-person-page\" rel=\"nofollow noopener\" target=\"_blank\">Niina Kuhta<\/a> kuluttaa joka vuosi jouluvalmisteluihin aikaa, energiaa ja rahaa. Kaikki on kuitenkin sen arvoista, koska amerikkalaishenkisesti koristeltu joulukoti tekee h\u00e4net onnelliseksi.<\/p>\n<p class=\"paragraph\">\u2013\u2009Tykk\u00e4\u00e4n el\u00e4\u00e4 t\u00e4llaisessa kuplassa, sanoo Kuhta juuri ilmestyneess\u00e4 Joulu-erikoislehdess\u00e4<\/p>\n<p class=\"paragraph\">Normaalisti Kuhta aloittaa koristelun ulkovaloilla. Yleens\u00e4 valot ilmestyv\u00e4t Espoon ja Kauniaisten rajalla sijaitsevan talon pihaan lokakuun lopussa, mutta t\u00e4n\u00e4 vuonna h\u00e4n aloitti jo aiemmin.<\/p>\n<p class=\"paragraph\">Ulkovalot eiv\u00e4t kuitenkaan ole t\u00e4m\u00e4n joulun isoin villitys.<\/p>\n<p class=\"paragraph\">\u2013\u2009T\u00e4n\u00e4 vuonna minulla on ihanan paljon kransseja, kymmeni\u00e4 niin ulkona kuin sis\u00e4ll\u00e4kin. Juuri tilasin kahdeksan lis\u00e4\u00e4. Mieluummin \u00f6verit kuin vajarit \u2013 se on se juttu, Kuhta naurahtaa.<\/p>\n<p class=\"paragraph\">Ja totta tosiaan, joulukransseja on l\u00e4hes joka ovessa ja kuulemma my\u00f6s yli 300-neli\u00f6isen talon alakerrassa, terassilla ja vessoissa.<\/p>\n<p>Sulkap\u00e4inen Maximilian-p\u00e4hkin\u00e4ns\u00e4rkij\u00e4 on yli 180-senttinen. Pasi Liesimaa<\/p>\n<p>180-senttia p\u00e4hkin\u00e4ns\u00e4rkij\u00e4\u00e4<\/p>\n<p class=\"paragraph\">T\u00e4m\u00e4n joulun todellinen yll\u00e4tys seisoo kuitenkin ruokailutilassa. Kukaan ei voi olla huomaamatta aikuisen miehen kokoista p\u00e4hkin\u00e4ns\u00e4rkij\u00e4\u00e4.<\/p>\n<p class=\"paragraph\">Hopeanv\u00e4rinen ja kimallusta pursuava hahmo seisoo valtikka k\u00e4dess\u00e4\u00e4n kuin paikan omistaja. P\u00e4hkin\u00e4ns\u00e4rkij\u00e4n p\u00e4\u00e4ss\u00e4 t\u00f6rr\u00f6tt\u00e4\u00e4 aito sulka, jonka kanssa se on yli 180-senttinen.<\/p>\n<p class=\"paragraph\">Kuhta esittelee h\u00e4net Maximilianiksi, se on kuulemma p\u00e4hkin\u00e4ns\u00e4rkij\u00e4n tuotenimi.<\/p>\n<p class=\"paragraph\">\u2013\u2009Me olemme silm\u00e4illeet toisiamme useamman vuoden, h\u00e4n kertoo.<\/p>\n<p class=\"paragraph\">\u2013\u2009Nyt h\u00e4n ilmestyi eteeni Instagram-mainoksissa koko ajan, ett\u00e4 t\u00e4ss\u00e4 min\u00e4 olen. Min\u00e4 siihen, ett\u00e4 \u00e4l\u00e4 viitsi. Minulla on jo nelj\u00e4 pienemp\u00e4\u00e4 p\u00e4hkin\u00e4ns\u00e4rkij\u00e4\u00e4, mutta se vain koko ajan pompahti eteeni. Sitten k\u00e4vi sill\u00e4 tavalla hassusti, ett\u00e4 se oli alennuksessa ja sormeni lipesi \u201dosta\u201d-napin kohdalle. Ihan k\u00e4sitt\u00e4m\u00e4t\u00f6n juttu.<\/p>\n<p class=\"paragraph\">Kuhta tuijottaa viattomasti silmiin. Maximilian maksoi yli tuhat euroa.<\/p>\n<p class=\"paragraph\">\u2013 <strong>Jussihan<\/strong> ei siis tiennyt t\u00e4st\u00e4 etuk\u00e4teen. H\u00e4n kommentoi vain, ett\u00e4 oliko h\u00e4nest\u00e4 tehty t\u00e4llainen n\u00e4k\u00f6ispatsas.<\/p>\n<p class=\"paragraph\">\u2013\u2009Tulen t\u00e4st\u00e4 aidosti iloiseksi.<\/p>\n<p class=\"paragraph\">Lue lis\u00e4\u00e4 Niina Kuhdan jouluvalmisteluista ja katso upeat kuvat Joulu-erikoislehdest\u00e4. Osta Joulu-lehti yhdess\u00e4 Iltalehden kanssa tai lue erikoislehdet ja n\u00e4k\u00f6islehdet <a href=\"https:\/\/www.iltalehti.fi\/nakoislehti?scrollToId=teema\" rel=\"nofollow noopener\" target=\"_blank\">Iltalehti Plussasta<\/a><strong>.<\/strong><\/p>\n<p class=\"paragraph\">Juttu jatkuu kuvan j\u00e4lkeen.<\/p>\n<p>Joulu-lehdest\u00e4 l\u00f6ytyv\u00e4t ideat niin joulun suolaisiin ja makeisiin herkkuihin kuin kodin koristelemiseenkin. Mukana on l\u00e4mmint\u00e4 joulutunnelmaa ja koskettavia tarinoita. Pasi Liesimaa<\/p>\n<p>LUE MY\u00d6SJoulu-lehdest\u00e4 ideat jouluvalmisteluihin<\/p>\n<p class=\"paragraph\">Joulu-erikoislehti on ilmestynyt. Lehti on t\u00e4ynn\u00e4 joulutunnelmaa, makoisia reseptej\u00e4, ihania koristeluideoita ja syd\u00e4meen k\u00e4yvi\u00e4 tarinoita.<\/p>\n<p class=\"paragraph\">Huippukokki <a href=\"https:\/\/www.iltalehti.fi\/henkilot\/Pekka Ter\u00e4v\u00e4\" class=\"article-link-person-page\" rel=\"nofollow noopener\" target=\"_blank\">Pekka Ter\u00e4v\u00e4<\/a> rakensi lehte\u00e4 varten herkullisen joulumenuun ja antaa samalla vinkit siihen, kuinka juhlavankin aterian voi valmistaa edullisesti raaka-aineista tinkim\u00e4tt\u00e4.<\/p>\n<p class=\"paragraph\">Lehdest\u00e4 l\u00f6ytyv\u00e4t my\u00f6s vinkit uudenlaisiin laatikkoruokiin ja hiukan erilaiseen joulup\u00f6yt\u00e4\u00e4n. Perinteisiin jouluruokiin kyll\u00e4styneet voivat kokeilla t\u00e4n\u00e4 vuonna vaikkapa aasialaisia makuja.<\/p>\n<p class=\"paragraph\">\u2013\u2009Aina ei tarvitse olla niin kuin ennen, traditio voi muuttua, Ter\u00e4v\u00e4 toteaa Joulu-lehdess\u00e4.<\/p>\n<p class=\"paragraph\">Lehdest\u00e4 voi poimia my\u00f6s ideoita kodin juhlailmeeseen. <a href=\"https:\/\/www.iltalehti.fi\/henkilot\/Niina Kuhta\" class=\"article-link-person-page\" rel=\"nofollow noopener\" target=\"_blank\">Niina Kuhdan<\/a> upean joulukodin lis\u00e4ksi lehdess\u00e4 esitell\u00e4\u00e4n t\u00e4m\u00e4n joulun ehdoton koristelutrendi: tunnelmallinen ja hillitty vanhan rahan joulu.<\/p>\n<p class=\"paragraph\">Sen hyvi\u00e4 puolia on se, ett\u00e4 koristeet saattavat l\u00f6yty\u00e4 jo omasta takaa tai edullisesti vaikkapa kirpputoreilta.<\/p>\n<p class=\"paragraph\">Joulu-lehdest\u00e4 l\u00f6ytyv\u00e4t my\u00f6s koskettavat tarinat ja paljon hy\u00f6dyllisi\u00e4 ideoita jouluun viritt\u00e4ytymiseen ja oman joulun suunnitteluun.<\/p>\n<p class=\"paragraph\">Osta Joulu-lehti yhdess\u00e4 Iltalehden kanssa tai lue erikoislehdet ja n\u00e4k\u00f6islehdet <a href=\"https:\/\/www.iltalehti.fi\/nakoislehti?scrollToId=teema\" rel=\"nofollow noopener\" target=\"_blank\">Iltalehti Plussasta<\/a>.<\/p>\n<p class=\"paragraph\"><strong>Teksti: Katja Alinen<\/strong><\/p>\n","protected":false},"excerpt":{"rendered":"Niina Kuhta tunnustaa tuoreessa Joulu-erikoislehdess\u00e4 olevansa jouluhullu. T\u00e4n\u00e4 vuonna h\u00e4n hankki kotiinsa 180 sentin korkuisen koristeen salaa miehelt\u00e4\u00e4n.&hellip;\n","protected":false},"author":2,"featured_media":87025,"comment_status":"","ping_status":"","sticky":false,"template":"","format":"standard","meta":{"footnotes":""},"categories":[136],"tags":[407,2110,137,33,31,30,17695,3674,408,14442,1390,14443,32,109],"class_list":{"0":"post-87024","1":"post","2":"type-post","3":"status-publish","4":"format-standard","5":"has-post-thumbnail","7":"category-julkkikset","8":"tag-celebrities","9":"tag-elamantapa-ja-vapaa-aika","10":"tag-entertainment","11":"tag-fi","12":"tag-finland","13":"tag-finnish","14":"tag-jouluperinteet","15":"tag-juhla-ja-vapaapaivat","16":"tag-julkkikset","17":"tag-kansalliset-ja-kansainvaliset-juhlapaivat","18":"tag-kuukausi","19":"tag-lahjat","20":"tag-suomi","21":"tag-viihde"},"share_on_mastodon":{"url":"https:\/\/pubeurope.com\/@fi\/115530089541900837","error":""},"_links":{"self":[{"href":"https:\/\/www.europesays.com\/fi\/wp-json\/wp\/v2\/posts\/87024","targetHints":{"allow":["GET"]}}],"collection":[{"href":"https:\/\/www.europesays.com\/fi\/wp-json\/wp\/v2\/posts"}],"about":[{"href":"https:\/\/www.europesays.com\/fi\/wp-json\/wp\/v2\/types\/post"}],"author":[{"embeddable":true,"href":"https:\/\/www.europesays.com\/fi\/wp-json\/wp\/v2\/users\/2"}],"replies":[{"embeddable":true,"href":"https:\/\/www.europesays.com\/fi\/wp-json\/wp\/v2\/comments?post=87024"}],"version-history":[{"count":0,"href":"https:\/\/www.europesays.com\/fi\/wp-json\/wp\/v2\/posts\/87024\/revisions"}],"wp:featuredmedia":[{"embeddable":true,"href":"https:\/\/www.europesays.com\/fi\/wp-json\/wp\/v2\/media\/87025"}],"wp:attachment":[{"href":"https:\/\/www.europesays.com\/fi\/wp-json\/wp\/v2\/media?parent=87024"}],"wp:term":[{"taxonomy":"category","embeddable":true,"href":"https:\/\/www.europesays.com\/fi\/wp-json\/wp\/v2\/categories?post=87024"},{"taxonomy":"post_tag","embeddable":true,"href":"https:\/\/www.europesays.com\/fi\/wp-json\/wp\/v2\/tags?post=87024"}],"curies":[{"name":"wp","href":"https:\/\/api.w.org\/{rel}","templated":true}]}}